{"id":1496,"date":"2020-07-15T08:52:44","date_gmt":"2020-07-15T06:52:44","guid":{"rendered":"http:\/\/https:\/\/zozo.buyee.jp\/\/news\/?p=1496"},"modified":"2020-07-15T08:53:06","modified_gmt":"2020-07-15T06:53:06","slug":"deces-du-premier-ministre-la-nation-rend-hommage-a-amadou-gon-coulibaly","status":"publish","type":"post","link":"https:\/\/www.amanien.info\/news\/deces-du-premier-ministre-la-nation-rend-hommage-a-amadou-gon-coulibaly\/","title":{"rendered":"D\u00e9c\u00e8s du premier ministre: La nation rend hommage \u00e0 Amadou Gon Coulibaly"},"content":{"rendered":"<p>Les obs\u00e8ques du premier ministre Amadou Gon Coulibaly, d\u00e9c\u00e9d\u00e9 le 8juillet, ont d\u00e9but\u00e9 par la c\u00e9r\u00e9monie d&rsquo; hommage de la nation, qui s&rsquo; est d\u00e9roul\u00e9e le mardi 14 juillet sur l&rsquo; esplanade du palais pr\u00e9sidentiel. Le pr\u00e9sident de la R\u00e9publique Alassane Ouattara et son \u00e9pouse, le pr\u00e9sident du S\u00e9n\u00e9gal Macky Sall, les premiers ministres du Burkina Faso et du Niger, ministre Fran\u00e7ais des affaires \u00e9trang\u00e8res Jean Yves Ledrian et les repr\u00e9sentants de plusieurs chef d&rsquo; Etat , ont pris part \u00e0 cette c\u00e9r\u00e9monie d&rsquo; hommage tr\u00e8s \u00e9mouvante. Au titre des t\u00e9moignages, Kandia Camara, ministre de l&rsquo; \u00e9ducation nationale, a salu\u00e9 la m\u00e9moire d&rsquo; un compagnon de lutte, d&rsquo; un conseiller, d&rsquo; un confident. \u00a0\u00bb J&rsquo; aurais aim\u00e9 faire cette intervention lors de son investiture comme pr\u00e9sident de la R\u00e9publique. Je salue son engagement et son sens du devoir. C&rsquo; \u00e9tait un homme de conviction qui avait une grande capacit\u00e9 d&rsquo; \u00e9coute et de n\u00e9gociation\u00a0\u00bb a-t-elle dit.<\/p>\n<p>Patrick Achi, secr\u00e9taire g\u00e9n\u00e9ral de la pr\u00e9sidence de la R\u00e9publique, a rappel\u00e9 que le d\u00e9funt \u00e0 participer le 8 juillet \u00e0 son dernier conseil des ministres, avec sa gait\u00e9 habituelle.\u00a0\u00bb Il a accompli sa mission avec courage .Il \u00e9tait intransigeant dans son travail\u00a0\u00bb a -t &#8211; il soulign\u00e9. La grande chanceli\u00e8re Henriette Dagri Diabat\u00e9, a quant \u00e0 elle prononc\u00e9 l&rsquo; oraison fun\u00e8bre d&rsquo; Amadou Gon Coulibaly. \u00a0\u00bb On n&rsquo; entendra plus le lion rugir. Le p\u00e8re, le fils , le compagnon, s&rsquo; est couch\u00e9 pour toujours\u00a0\u00bb a-t-elle d\u00e9plor\u00e9. Elle a relev\u00e9 les qualit\u00e9s humaines et professionnelles du disparu, \u00a0\u00bb un travailleur infatigable , loyal et fid\u00e8le \u00e0 son mentor\u00a0\u00bb. Et souhait\u00e9 que le deuil qui frappe la C\u00f4te d&rsquo;Ivoire serve de ciment pour la consolidation de la paix.<br \/>\nLe chef de l&rsquo;\u00c9tat a \u00e9lev\u00e9 Amadou Gon Coulibaly, \u00e0 titre posthume, au grade de dignit\u00e9 de grand croix de l&rsquo; ordre national, la plus haute distinction honorifique. La c\u00e9r\u00e9monie a \u00e9t\u00e9 cl\u00f4tur\u00e9e par un d\u00e9fil\u00e9 militaire. Le premier ministre sera inhum\u00e9 le 17 juillet \u00e0 Korogho.<br \/>\nCalvin Wamdji<\/p>\n","protected":false},"excerpt":{"rendered":"<p>Les obs\u00e8ques du premier ministre Amadou Gon Coulibaly, d\u00e9c\u00e9d\u00e9 le 8juillet, ont d\u00e9but\u00e9 par la c\u00e9r\u00e9monie d&rsquo; hommage de la nation, qui s&rsquo; est d\u00e9roul\u00e9e le mardi 14 juillet sur l&rsquo; esplanade du palais pr\u00e9sidentiel. Le pr\u00e9sident de la R\u00e9publique Alassane Ouattara et son \u00e9pouse, le pr\u00e9sident du S\u00e9n\u00e9gal Macky Sall, les premiers ministres du [&hellip;]<\/p>\n","protected":false},"author":2,"featured_media":1497,"comment_status":"open","ping_status":"open","sticky":true,"template":"","format":"standard","meta":{"_acf_changed":false,"footnotes":""},"categories":[],"tags":[],"class_list":["post-1496","post","type-post","status-publish","format-standard","has-post-thumbnail","hentry"],"acf":[],"yoast_head":"<!-- This site is optimized with the Yoast SEO plugin v27.5 - https:\/\/yoast.com\/product\/yoast-seo-wordpress\/ -->\n<title>D\u00e9c\u00e8s du premier ministre: La nation rend hommage \u00e0 Amadou Gon Coulibaly - Amanien| L&#039;actualit\u00e9 Ivoirienne et Internationale<\/title>\n<meta name=\"robots\" content=\"index, follow, max-snippet:-1, max-image-preview:large, max-video-preview:-1\" \/>\n<link rel=\"canonical\" href=\"https:\/\/www.amanien.info\/news\/deces-du-premier-ministre-la-nation-rend-hommage-a-amadou-gon-coulibaly\/\" \/>\n<meta property=\"og:locale\" content=\"fr_FR\" \/>\n<meta property=\"og:type\" content=\"article\" \/>\n<meta property=\"og:title\" content=\"D\u00e9c\u00e8s du premier ministre: La nation rend hommage \u00e0 Amadou Gon Coulibaly - Amanien| L&#039;actualit\u00e9 Ivoirienne et Internationale\" \/>\n<meta property=\"og:description\" content=\"Les obs\u00e8ques du premier ministre Amadou Gon Coulibaly, d\u00e9c\u00e9d\u00e9 le 8juillet, ont d\u00e9but\u00e9 par la c\u00e9r\u00e9monie d&rsquo; hommage de la nation, qui s&rsquo; est d\u00e9roul\u00e9e le mardi 14 juillet sur l&rsquo; esplanade du palais pr\u00e9sidentiel. Le pr\u00e9sident de la R\u00e9publique Alassane Ouattara et son \u00e9pouse, le pr\u00e9sident du S\u00e9n\u00e9gal Macky Sall, les premiers ministres du [&hellip;]\" \/>\n<meta property=\"og:url\" content=\"https:\/\/www.amanien.info\/news\/deces-du-premier-ministre-la-nation-rend-hommage-a-amadou-gon-coulibaly\/\" \/>\n<meta property=\"og:site_name\" content=\"Amanien| L&#039;actualit\u00e9 Ivoirienne et Internationale\" \/>\n<meta property=\"article:published_time\" content=\"2020-07-15T06:52:44+00:00\" \/>\n<meta property=\"article:modified_time\" content=\"2020-07-15T06:53:06+00:00\" \/>\n<meta property=\"og:image\" content=\"https:\/\/www.amanien.info\/news\/wp-content\/uploads\/2020\/07\/1594738801415-1230961251.png\" \/>\n\t<meta property=\"og:image:width\" content=\"191\" \/>\n\t<meta property=\"og:image:height\" content=\"171\" \/>\n\t<meta property=\"og:image:type\" content=\"image\/png\" \/>\n<meta name=\"author\" content=\"Germain Ndri\" \/>\n<meta name=\"twitter:card\" content=\"summary_large_image\" \/>\n<meta name=\"twitter:label1\" content=\"\u00c9crit par\" \/>\n\t<meta name=\"twitter:data1\" content=\"Germain Ndri\" \/>\n\t<meta name=\"twitter:label2\" content=\"Dur\u00e9e de lecture estim\u00e9e\" \/>\n\t<meta name=\"twitter:data2\" content=\"2 minutes\" \/>\n<script type=\"application\/ld+json\" class=\"yoast-schema-graph\">{\"@context\":\"https:\\\/\\\/schema.org\",\"@graph\":[{\"@type\":\"Article\",\"@id\":\"https:\\\/\\\/www.amanien.info\\\/news\\\/deces-du-premier-ministre-la-nation-rend-hommage-a-amadou-gon-coulibaly\\\/#article\",\"isPartOf\":{\"@id\":\"https:\\\/\\\/www.amanien.info\\\/news\\\/deces-du-premier-ministre-la-nation-rend-hommage-a-amadou-gon-coulibaly\\\/\"},\"author\":{\"name\":\"Germain Ndri\",\"@id\":\"https:\\\/\\\/www.amanien.info\\\/news\\\/#\\\/schema\\\/person\\\/b21093345753a1a98242d505bd894f42\"},\"headline\":\"D\u00e9c\u00e8s du premier ministre: La nation rend hommage \u00e0 Amadou Gon Coulibaly\",\"datePublished\":\"2020-07-15T06:52:44+00:00\",\"dateModified\":\"2020-07-15T06:53:06+00:00\",\"mainEntityOfPage\":{\"@id\":\"https:\\\/\\\/www.amanien.info\\\/news\\\/deces-du-premier-ministre-la-nation-rend-hommage-a-amadou-gon-coulibaly\\\/\"},\"wordCount\":375,\"commentCount\":0,\"image\":{\"@id\":\"https:\\\/\\\/www.amanien.info\\\/news\\\/deces-du-premier-ministre-la-nation-rend-hommage-a-amadou-gon-coulibaly\\\/#primaryimage\"},\"thumbnailUrl\":\"https:\\\/\\\/www.amanien.info\\\/news\\\/wp-content\\\/uploads\\\/2020\\\/07\\\/1594738801415-1230961251.png\",\"inLanguage\":\"fr-FR\"},{\"@type\":\"WebPage\",\"@id\":\"https:\\\/\\\/www.amanien.info\\\/news\\\/deces-du-premier-ministre-la-nation-rend-hommage-a-amadou-gon-coulibaly\\\/\",\"url\":\"https:\\\/\\\/www.amanien.info\\\/news\\\/deces-du-premier-ministre-la-nation-rend-hommage-a-amadou-gon-coulibaly\\\/\",\"name\":\"D\u00e9c\u00e8s du premier ministre: La nation rend hommage \u00e0 Amadou Gon Coulibaly - Amanien| L&#039;actualit\u00e9 Ivoirienne et Internationale\",\"isPartOf\":{\"@id\":\"https:\\\/\\\/www.amanien.info\\\/news\\\/#website\"},\"primaryImageOfPage\":{\"@id\":\"https:\\\/\\\/www.amanien.info\\\/news\\\/deces-du-premier-ministre-la-nation-rend-hommage-a-amadou-gon-coulibaly\\\/#primaryimage\"},\"image\":{\"@id\":\"https:\\\/\\\/www.amanien.info\\\/news\\\/deces-du-premier-ministre-la-nation-rend-hommage-a-amadou-gon-coulibaly\\\/#primaryimage\"},\"thumbnailUrl\":\"https:\\\/\\\/www.amanien.info\\\/news\\\/wp-content\\\/uploads\\\/2020\\\/07\\\/1594738801415-1230961251.png\",\"datePublished\":\"2020-07-15T06:52:44+00:00\",\"dateModified\":\"2020-07-15T06:53:06+00:00\",\"author\":{\"@id\":\"https:\\\/\\\/www.amanien.info\\\/news\\\/#\\\/schema\\\/person\\\/b21093345753a1a98242d505bd894f42\"},\"breadcrumb\":{\"@id\":\"https:\\\/\\\/www.amanien.info\\\/news\\\/deces-du-premier-ministre-la-nation-rend-hommage-a-amadou-gon-coulibaly\\\/#breadcrumb\"},\"inLanguage\":\"fr-FR\",\"potentialAction\":[{\"@type\":\"ReadAction\",\"target\":[\"https:\\\/\\\/www.amanien.info\\\/news\\\/deces-du-premier-ministre-la-nation-rend-hommage-a-amadou-gon-coulibaly\\\/\"]}]},{\"@type\":\"ImageObject\",\"inLanguage\":\"fr-FR\",\"@id\":\"https:\\\/\\\/www.amanien.info\\\/news\\\/deces-du-premier-ministre-la-nation-rend-hommage-a-amadou-gon-coulibaly\\\/#primaryimage\",\"url\":\"https:\\\/\\\/www.amanien.info\\\/news\\\/wp-content\\\/uploads\\\/2020\\\/07\\\/1594738801415-1230961251.png\",\"contentUrl\":\"https:\\\/\\\/www.amanien.info\\\/news\\\/wp-content\\\/uploads\\\/2020\\\/07\\\/1594738801415-1230961251.png\",\"width\":191,\"height\":171},{\"@type\":\"BreadcrumbList\",\"@id\":\"https:\\\/\\\/www.amanien.info\\\/news\\\/deces-du-premier-ministre-la-nation-rend-hommage-a-amadou-gon-coulibaly\\\/#breadcrumb\",\"itemListElement\":[{\"@type\":\"ListItem\",\"position\":1,\"name\":\"Accueil\",\"item\":\"https:\\\/\\\/www.amanien.info\\\/news\\\/\"},{\"@type\":\"ListItem\",\"position\":2,\"name\":\"D\u00e9c\u00e8s du premier ministre: La nation rend hommage \u00e0 Amadou Gon Coulibaly\"}]},{\"@type\":\"WebSite\",\"@id\":\"https:\\\/\\\/www.amanien.info\\\/news\\\/#website\",\"url\":\"https:\\\/\\\/www.amanien.info\\\/news\\\/\",\"name\":\"Amanien| L&#039;actualit\u00e9 Ivoirienne et Internationale\",\"description\":\"L&#039;actualit\u00e9 Ivoirienne et Internationale\",\"potentialAction\":[{\"@type\":\"SearchAction\",\"target\":{\"@type\":\"EntryPoint\",\"urlTemplate\":\"https:\\\/\\\/www.amanien.info\\\/news\\\/?s={search_term_string}\"},\"query-input\":{\"@type\":\"PropertyValueSpecification\",\"valueRequired\":true,\"valueName\":\"search_term_string\"}}],\"inLanguage\":\"fr-FR\"},{\"@type\":\"Person\",\"@id\":\"https:\\\/\\\/www.amanien.info\\\/news\\\/#\\\/schema\\\/person\\\/b21093345753a1a98242d505bd894f42\",\"name\":\"Germain Ndri\",\"url\":\"https:\\\/\\\/www.amanien.info\\\/news\\\/author\\\/amanien-infos\\\/\"}]}<\/script>\n<!-- \/ Yoast SEO plugin. -->","yoast_head_json":{"title":"D\u00e9c\u00e8s du premier ministre: La nation rend hommage \u00e0 Amadou Gon Coulibaly - Amanien| L&#039;actualit\u00e9 Ivoirienne et Internationale","robots":{"index":"index","follow":"follow","max-snippet":"max-snippet:-1","max-image-preview":"max-image-preview:large","max-video-preview":"max-video-preview:-1"},"canonical":"https:\/\/www.amanien.info\/news\/deces-du-premier-ministre-la-nation-rend-hommage-a-amadou-gon-coulibaly\/","og_locale":"fr_FR","og_type":"article","og_title":"D\u00e9c\u00e8s du premier ministre: La nation rend hommage \u00e0 Amadou Gon Coulibaly - Amanien| L&#039;actualit\u00e9 Ivoirienne et Internationale","og_description":"Les obs\u00e8ques du premier ministre Amadou Gon Coulibaly, d\u00e9c\u00e9d\u00e9 le 8juillet, ont d\u00e9but\u00e9 par la c\u00e9r\u00e9monie d&rsquo; hommage de la nation, qui s&rsquo; est d\u00e9roul\u00e9e le mardi 14 juillet sur l&rsquo; esplanade du palais pr\u00e9sidentiel. Le pr\u00e9sident de la R\u00e9publique Alassane Ouattara et son \u00e9pouse, le pr\u00e9sident du S\u00e9n\u00e9gal Macky Sall, les premiers ministres du [&hellip;]","og_url":"https:\/\/www.amanien.info\/news\/deces-du-premier-ministre-la-nation-rend-hommage-a-amadou-gon-coulibaly\/","og_site_name":"Amanien| L&#039;actualit\u00e9 Ivoirienne et Internationale","article_published_time":"2020-07-15T06:52:44+00:00","article_modified_time":"2020-07-15T06:53:06+00:00","og_image":[{"width":191,"height":171,"url":"https:\/\/www.amanien.info\/news\/wp-content\/uploads\/2020\/07\/1594738801415-1230961251.png","type":"image\/png"}],"author":"Germain Ndri","twitter_card":"summary_large_image","twitter_misc":{"\u00c9crit par":"Germain Ndri","Dur\u00e9e de lecture estim\u00e9e":"2 minutes"},"schema":{"@context":"https:\/\/schema.org","@graph":[{"@type":"Article","@id":"https:\/\/www.amanien.info\/news\/deces-du-premier-ministre-la-nation-rend-hommage-a-amadou-gon-coulibaly\/#article","isPartOf":{"@id":"https:\/\/www.amanien.info\/news\/deces-du-premier-ministre-la-nation-rend-hommage-a-amadou-gon-coulibaly\/"},"author":{"name":"Germain Ndri","@id":"https:\/\/www.amanien.info\/news\/#\/schema\/person\/b21093345753a1a98242d505bd894f42"},"headline":"D\u00e9c\u00e8s du premier ministre: La nation rend hommage \u00e0 Amadou Gon Coulibaly","datePublished":"2020-07-15T06:52:44+00:00","dateModified":"2020-07-15T06:53:06+00:00","mainEntityOfPage":{"@id":"https:\/\/www.amanien.info\/news\/deces-du-premier-ministre-la-nation-rend-hommage-a-amadou-gon-coulibaly\/"},"wordCount":375,"commentCount":0,"image":{"@id":"https:\/\/www.amanien.info\/news\/deces-du-premier-ministre-la-nation-rend-hommage-a-amadou-gon-coulibaly\/#primaryimage"},"thumbnailUrl":"https:\/\/www.amanien.info\/news\/wp-content\/uploads\/2020\/07\/1594738801415-1230961251.png","inLanguage":"fr-FR"},{"@type":"WebPage","@id":"https:\/\/www.amanien.info\/news\/deces-du-premier-ministre-la-nation-rend-hommage-a-amadou-gon-coulibaly\/","url":"https:\/\/www.amanien.info\/news\/deces-du-premier-ministre-la-nation-rend-hommage-a-amadou-gon-coulibaly\/","name":"D\u00e9c\u00e8s du premier ministre: La nation rend hommage \u00e0 Amadou Gon Coulibaly - Amanien| L&#039;actualit\u00e9 Ivoirienne et Internationale","isPartOf":{"@id":"https:\/\/www.amanien.info\/news\/#website"},"primaryImageOfPage":{"@id":"https:\/\/www.amanien.info\/news\/deces-du-premier-ministre-la-nation-rend-hommage-a-amadou-gon-coulibaly\/#primaryimage"},"image":{"@id":"https:\/\/www.amanien.info\/news\/deces-du-premier-ministre-la-nation-rend-hommage-a-amadou-gon-coulibaly\/#primaryimage"},"thumbnailUrl":"https:\/\/www.amanien.info\/news\/wp-content\/uploads\/2020\/07\/1594738801415-1230961251.png","datePublished":"2020-07-15T06:52:44+00:00","dateModified":"2020-07-15T06:53:06+00:00","author":{"@id":"https:\/\/www.amanien.info\/news\/#\/schema\/person\/b21093345753a1a98242d505bd894f42"},"breadcrumb":{"@id":"https:\/\/www.amanien.info\/news\/deces-du-premier-ministre-la-nation-rend-hommage-a-amadou-gon-coulibaly\/#breadcrumb"},"inLanguage":"fr-FR","potentialAction":[{"@type":"ReadAction","target":["https:\/\/www.amanien.info\/news\/deces-du-premier-ministre-la-nation-rend-hommage-a-amadou-gon-coulibaly\/"]}]},{"@type":"ImageObject","inLanguage":"fr-FR","@id":"https:\/\/www.amanien.info\/news\/deces-du-premier-ministre-la-nation-rend-hommage-a-amadou-gon-coulibaly\/#primaryimage","url":"https:\/\/www.amanien.info\/news\/wp-content\/uploads\/2020\/07\/1594738801415-1230961251.png","contentUrl":"https:\/\/www.amanien.info\/news\/wp-content\/uploads\/2020\/07\/1594738801415-1230961251.png","width":191,"height":171},{"@type":"BreadcrumbList","@id":"https:\/\/www.amanien.info\/news\/deces-du-premier-ministre-la-nation-rend-hommage-a-amadou-gon-coulibaly\/#breadcrumb","itemListElement":[{"@type":"ListItem","position":1,"name":"Accueil","item":"https:\/\/www.amanien.info\/news\/"},{"@type":"ListItem","position":2,"name":"D\u00e9c\u00e8s du premier ministre: La nation rend hommage \u00e0 Amadou Gon Coulibaly"}]},{"@type":"WebSite","@id":"https:\/\/www.amanien.info\/news\/#website","url":"https:\/\/www.amanien.info\/news\/","name":"Amanien| L&#039;actualit\u00e9 Ivoirienne et Internationale","description":"L&#039;actualit\u00e9 Ivoirienne et Internationale","potentialAction":[{"@type":"SearchAction","target":{"@type":"EntryPoint","urlTemplate":"https:\/\/www.amanien.info\/news\/?s={search_term_string}"},"query-input":{"@type":"PropertyValueSpecification","valueRequired":true,"valueName":"search_term_string"}}],"inLanguage":"fr-FR"},{"@type":"Person","@id":"https:\/\/www.amanien.info\/news\/#\/schema\/person\/b21093345753a1a98242d505bd894f42","name":"Germain Ndri","url":"https:\/\/www.amanien.info\/news\/author\/amanien-infos\/"}]}},"_links":{"self":[{"href":"https:\/\/www.amanien.info\/news\/wp-json\/wp\/v2\/posts\/1496","targetHints":{"allow":["GET"]}}],"collection":[{"href":"https:\/\/www.amanien.info\/news\/wp-json\/wp\/v2\/posts"}],"about":[{"href":"https:\/\/www.amanien.info\/news\/wp-json\/wp\/v2\/types\/post"}],"author":[{"embeddable":true,"href":"https:\/\/www.amanien.info\/news\/wp-json\/wp\/v2\/users\/2"}],"replies":[{"embeddable":true,"href":"https:\/\/www.amanien.info\/news\/wp-json\/wp\/v2\/comments?post=1496"}],"version-history":[{"count":0,"href":"https:\/\/www.amanien.info\/news\/wp-json\/wp\/v2\/posts\/1496\/revisions"}],"wp:featuredmedia":[{"embeddable":true,"href":"https:\/\/www.amanien.info\/news\/wp-json\/wp\/v2\/media\/1497"}],"wp:attachment":[{"href":"https:\/\/www.amanien.info\/news\/wp-json\/wp\/v2\/media?parent=1496"}],"wp:term":[{"taxonomy":"category","embeddable":true,"href":"https:\/\/www.amanien.info\/news\/wp-json\/wp\/v2\/categories?post=1496"},{"taxonomy":"post_tag","embeddable":true,"href":"https:\/\/www.amanien.info\/news\/wp-json\/wp\/v2\/tags?post=1496"}],"curies":[{"name":"wp","href":"https:\/\/api.w.org\/{rel}","templated":true}]}}