{"id":1492,"date":"2020-07-13T21:06:04","date_gmt":"2020-07-13T19:06:04","guid":{"rendered":"http:\/\/https:\/\/zozo.buyee.jp\/\/news\/?p=1492"},"modified":"2020-07-13T21:06:23","modified_gmt":"2020-07-13T19:06:23","slug":"communique-du-conseil-des-ministres-du-13-juillet-un-decret-adopte-organisant-les-modalites-pour-le-parrainage-en-vue-des-elections-presidentielles","status":"publish","type":"post","link":"https:\/\/www.amanien.info\/news\/communique-du-conseil-des-ministres-du-13-juillet-un-decret-adopte-organisant-les-modalites-pour-le-parrainage-en-vue-des-elections-presidentielles\/","title":{"rendered":"Communiqu\u00e9 du conseil des ministres du 13 juillet: Un d\u00e9cret adopt\u00e9, organisant les modalit\u00e9s pour le parrainage en vue des \u00e9lections pr\u00e9sidentielles"},"content":{"rendered":"<p>Le lundi 13 juillet 2020, un Conseil des Ministres s\u2019est tenu de<br \/>\n12h15, au Palais de la Pr\u00e9sidence de la R\u00e9publique \u00e0 Abidjan, sous la<br \/>\npr\u00e9sidence de Son Excellence Monsieur Alassane OUATTARA,<br \/>\nPr\u00e9sident de la R\u00e9publique, Chef de l\u2019Etat.<br \/>\nL\u2019ordre du jour de cette r\u00e9union comportait les points suivants :<br \/>\nA\/ &#8211; Mesures G\u00e9n\u00e9rales \uf02d Projets de d\u00e9crets<br \/>\nB\/ &#8211; Divers<\/p>\n<p>A\/\u2013 MESURES GENERALES<\/p>\n<p>PROJETS DE DECRETS<\/p>\n<p>1- Au titre du Minist\u00e8re d\u2019Etat, Minist\u00e8re de la D\u00e9fense;<br \/>\nLe Conseil a adopt\u00e9 un d\u00e9cret portant cr\u00e9ation de la zone op\u00e9rationnelle<br \/>\nNord.<br \/>\nDevant l\u2019ins\u00e9curit\u00e9 persistante aux fronti\u00e8res entre la C\u00f4te d\u2019Ivoire, le Mali et le Burkina Faso du fait de la pr\u00e9sence de groupes arm\u00e9s terroristes dans ces pays voisins et suite \u00e0 l\u2019attaque du poste des Forces Arm\u00e9es de C\u00f4te d\u2019Ivoire (FACI) de KAFOLON BAC, le 11 juin 2020, le Conseil a autoris\u00e9 la cr\u00e9ation d\u2019une zone op\u00e9rationnelle au Nord de notre pays.<br \/>\nCette Zone op\u00e9rationnelle Nord permettra de passer de la phase de surveillance des fronti\u00e8res \u00e0 une posture d\u00e9fensive avec une forte capacit\u00e9 de r\u00e9versibilit\u00e9 en mission offensive en vue d\u2019emp\u00eacher toute infiltration de ces groupes arm\u00e9s sur le territoire national.<br \/>\nLa Zone op\u00e9rationnelle Nord aura pour objectifs :<br \/>\n&#8211; de renforcer les capacit\u00e9s op\u00e9rationnelles des troupes d\u00e9ploy\u00e9es dans le cadre de l\u2019op\u00e9ration \u00ab Fronti\u00e8res \u00e9tanches \u00bb, particuli\u00e8rement dans la partie Nord de la C\u00f4te d\u2019Ivoire ;<br \/>\n&#8211; de disposer d\u2019un commandement unique pour les op\u00e9rations militaires et pour toutes les activit\u00e9s relevant de la d\u00e9fense op\u00e9rationnelle du territoire en vue d\u2019une meilleure coordination entre l\u2019ensemble des Forces de D\u00e9fense et de S\u00e9curit\u00e9 en service dans la zone concern\u00e9e ;<\/p>\n<p>&#8211; d\u2019organiser la d\u00e9fense civile en mati\u00e8re de lutte contre le terrorisme, et d\u2019en assurer la coordination avec les op\u00e9rations militaires ;<br \/>\n&#8211; de cr\u00e9er les conditions des longs s\u00e9jours des officiers \u00e0 responsabilit\u00e9 pour une meilleure connaissance du terrain, des populations, des diff\u00e9rents animateurs et coordonnateurs des op\u00e9rations.<br \/>\n2- Au titre du Minist\u00e8re de l\u2019Administration du Territoire et de la D\u00e9centralisation;<br \/>\nLe Conseil a adopt\u00e9 un d\u00e9cret fixant les modalit\u00e9s d\u2019organisation de la collecte des signatures pour le parrainage en vue de l\u2019\u00e9lection du Pr\u00e9sident de la R\u00e9publique.<br \/>\nLe pr\u00e9sent d\u00e9cret est pris sur proposition de la Commission Electorale Ind\u00e9pendante (CEI) et en application de l\u2019article 54 alin\u00e9a 13 du Code \u00e9lectoral, tel que modifi\u00e9 par l\u2019ordonnance n\u00b0 2020-356 du 08 avril 2020 portant r\u00e9vision du Code \u00e9lectoral, qui a consacr\u00e9 le parrainage comme condition d\u2019\u00e9ligibilit\u00e9 \u00e0 l\u2019\u00e9lection pr\u00e9sidentielle.<br \/>\nA cet effet, pour chaque candidat \u00e0 l\u2019\u00e9lection pr\u00e9sidentielle de 2020, les \u00e9lecteurs qui parrainent doivent \u00eatre issus de dix-sept (17) R\u00e9gions ou Districts et repr\u00e9senter au moins 1% de l\u2019\u00e9lectorat pour la R\u00e9gion ou le District concern\u00e9.<br \/>\nAinsi, ce d\u00e9cret pr\u00e9voit certaines r\u00e8gles concernant la collecte des signatures pour le parrainage, notamment :<br \/>\n&#8211; l\u2019institution d\u2019un coordonnateur central d\u00e9sign\u00e9 par le candidat \u00e0 la candidature et charg\u00e9 de centraliser les listes de signatures recueillies par R\u00e9gion et District autonome ;<br \/>\n&#8211; l\u2019institution d\u2019un collecteur r\u00e9gional et de collecteurs d\u00e9l\u00e9gu\u00e9s, \u00e9galement d\u00e9sign\u00e9s par le candidat \u00e0 la candidature, charg\u00e9s respectivement, de centraliser les listes de signatures au niveau du District et de la R\u00e9gion, au nom et pour le compte du candidat \u00e0 la candidature, et de recueillir, au niveau du d\u00e9partement, de la sous-pr\u00e9fecture, de la commune ou du village, les signatures pour ledit candidat ;<br \/>\n&#8211; l\u2019obligation pour le candidat de mentionner les R\u00e9gions ou Districts autonomes o\u00f9 le parrainage a \u00e9t\u00e9 obtenu ainsi que le pourcentage d\u2019\u00e9lecteurs y ayant parrain\u00e9 la candidature ;<br \/>\n&#8211; l\u2019obligation d\u2019indiquer l\u2019identit\u00e9 des \u00e9lecteurs qui parrainent la candidature ;<br \/>\n&#8211; l\u2019impossibilit\u00e9 pour l\u2019\u00e9lecteur de parrainer plus d\u2019un candidat.<\/p>\n<p>B\/- DIVERS<br \/>\nLe prochain Conseil des Ministres se tiendra le mercredi 29 juillet 2020.<\/p>\n<p>Fait \u00e0 Abidjan, le 13 juillet 2020<br \/>\nSidi Ti\u00e9moko TOURE<br \/>\nMinistre de la Communication et des M\u00e9dias,<br \/>\nPorte-parole du Gouvernement<br \/>\n<a href=\"mailto:porteparolat@communication.gouv.ci\" target=\"_blank\" rel=\"nofollow noopener noreferrer\">porteparolat@communication.gouv.ci<\/a><\/p>\n","protected":false},"excerpt":{"rendered":"<p>Le lundi 13 juillet 2020, un Conseil des Ministres s\u2019est tenu de 12h15, au Palais de la Pr\u00e9sidence de la R\u00e9publique \u00e0 Abidjan, sous la pr\u00e9sidence de Son Excellence Monsieur Alassane OUATTARA, Pr\u00e9sident de la R\u00e9publique, Chef de l\u2019Etat. L\u2019ordre du jour de cette r\u00e9union comportait les points suivants : A\/ &#8211; Mesures G\u00e9n\u00e9rales \uf02d [&hellip;]<\/p>\n","protected":false},"author":2,"featured_media":1493,"comment_status":"open","ping_status":"open","sticky":true,"template":"","format":"standard","meta":{"_acf_changed":false,"footnotes":""},"categories":[],"tags":[],"class_list":["post-1492","post","type-post","status-publish","format-standard","has-post-thumbnail","hentry"],"acf":[],"yoast_head":"<!-- This site is optimized with the Yoast SEO plugin v27.5 - https:\/\/yoast.com\/product\/yoast-seo-wordpress\/ -->\n<title>Communiqu\u00e9 du conseil des ministres du 13 juillet: Un d\u00e9cret adopt\u00e9, organisant les modalit\u00e9s pour le parrainage en vue des \u00e9lections pr\u00e9sidentielles - Amanien| L&#039;actualit\u00e9 Ivoirienne et Internationale<\/title>\n<meta name=\"robots\" content=\"index, follow, max-snippet:-1, max-image-preview:large, max-video-preview:-1\" \/>\n<link rel=\"canonical\" href=\"https:\/\/www.amanien.info\/news\/communique-du-conseil-des-ministres-du-13-juillet-un-decret-adopte-organisant-les-modalites-pour-le-parrainage-en-vue-des-elections-presidentielles\/\" \/>\n<meta property=\"og:locale\" content=\"fr_FR\" \/>\n<meta property=\"og:type\" content=\"article\" \/>\n<meta property=\"og:title\" content=\"Communiqu\u00e9 du conseil des ministres du 13 juillet: Un d\u00e9cret adopt\u00e9, organisant les modalit\u00e9s pour le parrainage en vue des \u00e9lections pr\u00e9sidentielles - Amanien| L&#039;actualit\u00e9 Ivoirienne et Internationale\" \/>\n<meta property=\"og:description\" content=\"Le lundi 13 juillet 2020, un Conseil des Ministres s\u2019est tenu de 12h15, au Palais de la Pr\u00e9sidence de la R\u00e9publique \u00e0 Abidjan, sous la pr\u00e9sidence de Son Excellence Monsieur Alassane OUATTARA, Pr\u00e9sident de la R\u00e9publique, Chef de l\u2019Etat. L\u2019ordre du jour de cette r\u00e9union comportait les points suivants : A\/ &#8211; Mesures G\u00e9n\u00e9rales \uf02d [&hellip;]\" \/>\n<meta property=\"og:url\" content=\"https:\/\/www.amanien.info\/news\/communique-du-conseil-des-ministres-du-13-juillet-un-decret-adopte-organisant-les-modalites-pour-le-parrainage-en-vue-des-elections-presidentielles\/\" \/>\n<meta property=\"og:site_name\" content=\"Amanien| L&#039;actualit\u00e9 Ivoirienne et Internationale\" \/>\n<meta property=\"article:published_time\" content=\"2020-07-13T19:06:04+00:00\" \/>\n<meta property=\"article:modified_time\" content=\"2020-07-13T19:06:23+00:00\" \/>\n<meta property=\"og:image\" content=\"https:\/\/www.amanien.info\/news\/wp-content\/uploads\/2020\/07\/1594666348401-1195738949.png\" \/>\n\t<meta property=\"og:image:width\" content=\"720\" \/>\n\t<meta property=\"og:image:height\" content=\"480\" \/>\n\t<meta property=\"og:image:type\" content=\"image\/png\" \/>\n<meta name=\"author\" content=\"Germain Ndri\" \/>\n<meta name=\"twitter:card\" content=\"summary_large_image\" \/>\n<meta name=\"twitter:label1\" content=\"\u00c9crit par\" \/>\n\t<meta name=\"twitter:data1\" content=\"Germain Ndri\" \/>\n\t<meta name=\"twitter:label2\" content=\"Dur\u00e9e de lecture estim\u00e9e\" \/>\n\t<meta name=\"twitter:data2\" content=\"4 minutes\" \/>\n<script type=\"application\/ld+json\" class=\"yoast-schema-graph\">{\"@context\":\"https:\\\/\\\/schema.org\",\"@graph\":[{\"@type\":\"Article\",\"@id\":\"https:\\\/\\\/www.amanien.info\\\/news\\\/communique-du-conseil-des-ministres-du-13-juillet-un-decret-adopte-organisant-les-modalites-pour-le-parrainage-en-vue-des-elections-presidentielles\\\/#article\",\"isPartOf\":{\"@id\":\"https:\\\/\\\/www.amanien.info\\\/news\\\/communique-du-conseil-des-ministres-du-13-juillet-un-decret-adopte-organisant-les-modalites-pour-le-parrainage-en-vue-des-elections-presidentielles\\\/\"},\"author\":{\"name\":\"Germain Ndri\",\"@id\":\"https:\\\/\\\/www.amanien.info\\\/news\\\/#\\\/schema\\\/person\\\/b21093345753a1a98242d505bd894f42\"},\"headline\":\"Communiqu\u00e9 du conseil des ministres du 13 juillet: Un d\u00e9cret adopt\u00e9, organisant les modalit\u00e9s pour le parrainage en vue des \u00e9lections pr\u00e9sidentielles\",\"datePublished\":\"2020-07-13T19:06:04+00:00\",\"dateModified\":\"2020-07-13T19:06:23+00:00\",\"mainEntityOfPage\":{\"@id\":\"https:\\\/\\\/www.amanien.info\\\/news\\\/communique-du-conseil-des-ministres-du-13-juillet-un-decret-adopte-organisant-les-modalites-pour-le-parrainage-en-vue-des-elections-presidentielles\\\/\"},\"wordCount\":757,\"commentCount\":0,\"image\":{\"@id\":\"https:\\\/\\\/www.amanien.info\\\/news\\\/communique-du-conseil-des-ministres-du-13-juillet-un-decret-adopte-organisant-les-modalites-pour-le-parrainage-en-vue-des-elections-presidentielles\\\/#primaryimage\"},\"thumbnailUrl\":\"https:\\\/\\\/www.amanien.info\\\/news\\\/wp-content\\\/uploads\\\/2020\\\/07\\\/1594666348401-1195738949.png\",\"inLanguage\":\"fr-FR\"},{\"@type\":\"WebPage\",\"@id\":\"https:\\\/\\\/www.amanien.info\\\/news\\\/communique-du-conseil-des-ministres-du-13-juillet-un-decret-adopte-organisant-les-modalites-pour-le-parrainage-en-vue-des-elections-presidentielles\\\/\",\"url\":\"https:\\\/\\\/www.amanien.info\\\/news\\\/communique-du-conseil-des-ministres-du-13-juillet-un-decret-adopte-organisant-les-modalites-pour-le-parrainage-en-vue-des-elections-presidentielles\\\/\",\"name\":\"Communiqu\u00e9 du conseil des ministres du 13 juillet: Un d\u00e9cret adopt\u00e9, organisant les modalit\u00e9s pour le parrainage en vue des \u00e9lections pr\u00e9sidentielles - Amanien| L&#039;actualit\u00e9 Ivoirienne et Internationale\",\"isPartOf\":{\"@id\":\"https:\\\/\\\/www.amanien.info\\\/news\\\/#website\"},\"primaryImageOfPage\":{\"@id\":\"https:\\\/\\\/www.amanien.info\\\/news\\\/communique-du-conseil-des-ministres-du-13-juillet-un-decret-adopte-organisant-les-modalites-pour-le-parrainage-en-vue-des-elections-presidentielles\\\/#primaryimage\"},\"image\":{\"@id\":\"https:\\\/\\\/www.amanien.info\\\/news\\\/communique-du-conseil-des-ministres-du-13-juillet-un-decret-adopte-organisant-les-modalites-pour-le-parrainage-en-vue-des-elections-presidentielles\\\/#primaryimage\"},\"thumbnailUrl\":\"https:\\\/\\\/www.amanien.info\\\/news\\\/wp-content\\\/uploads\\\/2020\\\/07\\\/1594666348401-1195738949.png\",\"datePublished\":\"2020-07-13T19:06:04+00:00\",\"dateModified\":\"2020-07-13T19:06:23+00:00\",\"author\":{\"@id\":\"https:\\\/\\\/www.amanien.info\\\/news\\\/#\\\/schema\\\/person\\\/b21093345753a1a98242d505bd894f42\"},\"breadcrumb\":{\"@id\":\"https:\\\/\\\/www.amanien.info\\\/news\\\/communique-du-conseil-des-ministres-du-13-juillet-un-decret-adopte-organisant-les-modalites-pour-le-parrainage-en-vue-des-elections-presidentielles\\\/#breadcrumb\"},\"inLanguage\":\"fr-FR\",\"potentialAction\":[{\"@type\":\"ReadAction\",\"target\":[\"https:\\\/\\\/www.amanien.info\\\/news\\\/communique-du-conseil-des-ministres-du-13-juillet-un-decret-adopte-organisant-les-modalites-pour-le-parrainage-en-vue-des-elections-presidentielles\\\/\"]}]},{\"@type\":\"ImageObject\",\"inLanguage\":\"fr-FR\",\"@id\":\"https:\\\/\\\/www.amanien.info\\\/news\\\/communique-du-conseil-des-ministres-du-13-juillet-un-decret-adopte-organisant-les-modalites-pour-le-parrainage-en-vue-des-elections-presidentielles\\\/#primaryimage\",\"url\":\"https:\\\/\\\/www.amanien.info\\\/news\\\/wp-content\\\/uploads\\\/2020\\\/07\\\/1594666348401-1195738949.png\",\"contentUrl\":\"https:\\\/\\\/www.amanien.info\\\/news\\\/wp-content\\\/uploads\\\/2020\\\/07\\\/1594666348401-1195738949.png\",\"width\":720,\"height\":480},{\"@type\":\"BreadcrumbList\",\"@id\":\"https:\\\/\\\/www.amanien.info\\\/news\\\/communique-du-conseil-des-ministres-du-13-juillet-un-decret-adopte-organisant-les-modalites-pour-le-parrainage-en-vue-des-elections-presidentielles\\\/#breadcrumb\",\"itemListElement\":[{\"@type\":\"ListItem\",\"position\":1,\"name\":\"Accueil\",\"item\":\"https:\\\/\\\/www.amanien.info\\\/news\\\/\"},{\"@type\":\"ListItem\",\"position\":2,\"name\":\"Communiqu\u00e9 du conseil des ministres du 13 juillet: Un d\u00e9cret adopt\u00e9, organisant les modalit\u00e9s pour le parrainage en vue des \u00e9lections pr\u00e9sidentielles\"}]},{\"@type\":\"WebSite\",\"@id\":\"https:\\\/\\\/www.amanien.info\\\/news\\\/#website\",\"url\":\"https:\\\/\\\/www.amanien.info\\\/news\\\/\",\"name\":\"Amanien| L&#039;actualit\u00e9 Ivoirienne et Internationale\",\"description\":\"L&#039;actualit\u00e9 Ivoirienne et Internationale\",\"potentialAction\":[{\"@type\":\"SearchAction\",\"target\":{\"@type\":\"EntryPoint\",\"urlTemplate\":\"https:\\\/\\\/www.amanien.info\\\/news\\\/?s={search_term_string}\"},\"query-input\":{\"@type\":\"PropertyValueSpecification\",\"valueRequired\":true,\"valueName\":\"search_term_string\"}}],\"inLanguage\":\"fr-FR\"},{\"@type\":\"Person\",\"@id\":\"https:\\\/\\\/www.amanien.info\\\/news\\\/#\\\/schema\\\/person\\\/b21093345753a1a98242d505bd894f42\",\"name\":\"Germain Ndri\",\"url\":\"https:\\\/\\\/www.amanien.info\\\/news\\\/author\\\/amanien-infos\\\/\"}]}<\/script>\n<!-- \/ Yoast SEO plugin. -->","yoast_head_json":{"title":"Communiqu\u00e9 du conseil des ministres du 13 juillet: Un d\u00e9cret adopt\u00e9, organisant les modalit\u00e9s pour le parrainage en vue des \u00e9lections pr\u00e9sidentielles - Amanien| L&#039;actualit\u00e9 Ivoirienne et Internationale","robots":{"index":"index","follow":"follow","max-snippet":"max-snippet:-1","max-image-preview":"max-image-preview:large","max-video-preview":"max-video-preview:-1"},"canonical":"https:\/\/www.amanien.info\/news\/communique-du-conseil-des-ministres-du-13-juillet-un-decret-adopte-organisant-les-modalites-pour-le-parrainage-en-vue-des-elections-presidentielles\/","og_locale":"fr_FR","og_type":"article","og_title":"Communiqu\u00e9 du conseil des ministres du 13 juillet: Un d\u00e9cret adopt\u00e9, organisant les modalit\u00e9s pour le parrainage en vue des \u00e9lections pr\u00e9sidentielles - Amanien| L&#039;actualit\u00e9 Ivoirienne et Internationale","og_description":"Le lundi 13 juillet 2020, un Conseil des Ministres s\u2019est tenu de 12h15, au Palais de la Pr\u00e9sidence de la R\u00e9publique \u00e0 Abidjan, sous la pr\u00e9sidence de Son Excellence Monsieur Alassane OUATTARA, Pr\u00e9sident de la R\u00e9publique, Chef de l\u2019Etat. L\u2019ordre du jour de cette r\u00e9union comportait les points suivants : A\/ &#8211; Mesures G\u00e9n\u00e9rales \uf02d [&hellip;]","og_url":"https:\/\/www.amanien.info\/news\/communique-du-conseil-des-ministres-du-13-juillet-un-decret-adopte-organisant-les-modalites-pour-le-parrainage-en-vue-des-elections-presidentielles\/","og_site_name":"Amanien| L&#039;actualit\u00e9 Ivoirienne et Internationale","article_published_time":"2020-07-13T19:06:04+00:00","article_modified_time":"2020-07-13T19:06:23+00:00","og_image":[{"width":720,"height":480,"url":"https:\/\/www.amanien.info\/news\/wp-content\/uploads\/2020\/07\/1594666348401-1195738949.png","type":"image\/png"}],"author":"Germain Ndri","twitter_card":"summary_large_image","twitter_misc":{"\u00c9crit par":"Germain Ndri","Dur\u00e9e de lecture estim\u00e9e":"4 minutes"},"schema":{"@context":"https:\/\/schema.org","@graph":[{"@type":"Article","@id":"https:\/\/www.amanien.info\/news\/communique-du-conseil-des-ministres-du-13-juillet-un-decret-adopte-organisant-les-modalites-pour-le-parrainage-en-vue-des-elections-presidentielles\/#article","isPartOf":{"@id":"https:\/\/www.amanien.info\/news\/communique-du-conseil-des-ministres-du-13-juillet-un-decret-adopte-organisant-les-modalites-pour-le-parrainage-en-vue-des-elections-presidentielles\/"},"author":{"name":"Germain Ndri","@id":"https:\/\/www.amanien.info\/news\/#\/schema\/person\/b21093345753a1a98242d505bd894f42"},"headline":"Communiqu\u00e9 du conseil des ministres du 13 juillet: Un d\u00e9cret adopt\u00e9, organisant les modalit\u00e9s pour le parrainage en vue des \u00e9lections pr\u00e9sidentielles","datePublished":"2020-07-13T19:06:04+00:00","dateModified":"2020-07-13T19:06:23+00:00","mainEntityOfPage":{"@id":"https:\/\/www.amanien.info\/news\/communique-du-conseil-des-ministres-du-13-juillet-un-decret-adopte-organisant-les-modalites-pour-le-parrainage-en-vue-des-elections-presidentielles\/"},"wordCount":757,"commentCount":0,"image":{"@id":"https:\/\/www.amanien.info\/news\/communique-du-conseil-des-ministres-du-13-juillet-un-decret-adopte-organisant-les-modalites-pour-le-parrainage-en-vue-des-elections-presidentielles\/#primaryimage"},"thumbnailUrl":"https:\/\/www.amanien.info\/news\/wp-content\/uploads\/2020\/07\/1594666348401-1195738949.png","inLanguage":"fr-FR"},{"@type":"WebPage","@id":"https:\/\/www.amanien.info\/news\/communique-du-conseil-des-ministres-du-13-juillet-un-decret-adopte-organisant-les-modalites-pour-le-parrainage-en-vue-des-elections-presidentielles\/","url":"https:\/\/www.amanien.info\/news\/communique-du-conseil-des-ministres-du-13-juillet-un-decret-adopte-organisant-les-modalites-pour-le-parrainage-en-vue-des-elections-presidentielles\/","name":"Communiqu\u00e9 du conseil des ministres du 13 juillet: Un d\u00e9cret adopt\u00e9, organisant les modalit\u00e9s pour le parrainage en vue des \u00e9lections pr\u00e9sidentielles - Amanien| L&#039;actualit\u00e9 Ivoirienne et Internationale","isPartOf":{"@id":"https:\/\/www.amanien.info\/news\/#website"},"primaryImageOfPage":{"@id":"https:\/\/www.amanien.info\/news\/communique-du-conseil-des-ministres-du-13-juillet-un-decret-adopte-organisant-les-modalites-pour-le-parrainage-en-vue-des-elections-presidentielles\/#primaryimage"},"image":{"@id":"https:\/\/www.amanien.info\/news\/communique-du-conseil-des-ministres-du-13-juillet-un-decret-adopte-organisant-les-modalites-pour-le-parrainage-en-vue-des-elections-presidentielles\/#primaryimage"},"thumbnailUrl":"https:\/\/www.amanien.info\/news\/wp-content\/uploads\/2020\/07\/1594666348401-1195738949.png","datePublished":"2020-07-13T19:06:04+00:00","dateModified":"2020-07-13T19:06:23+00:00","author":{"@id":"https:\/\/www.amanien.info\/news\/#\/schema\/person\/b21093345753a1a98242d505bd894f42"},"breadcrumb":{"@id":"https:\/\/www.amanien.info\/news\/communique-du-conseil-des-ministres-du-13-juillet-un-decret-adopte-organisant-les-modalites-pour-le-parrainage-en-vue-des-elections-presidentielles\/#breadcrumb"},"inLanguage":"fr-FR","potentialAction":[{"@type":"ReadAction","target":["https:\/\/www.amanien.info\/news\/communique-du-conseil-des-ministres-du-13-juillet-un-decret-adopte-organisant-les-modalites-pour-le-parrainage-en-vue-des-elections-presidentielles\/"]}]},{"@type":"ImageObject","inLanguage":"fr-FR","@id":"https:\/\/www.amanien.info\/news\/communique-du-conseil-des-ministres-du-13-juillet-un-decret-adopte-organisant-les-modalites-pour-le-parrainage-en-vue-des-elections-presidentielles\/#primaryimage","url":"https:\/\/www.amanien.info\/news\/wp-content\/uploads\/2020\/07\/1594666348401-1195738949.png","contentUrl":"https:\/\/www.amanien.info\/news\/wp-content\/uploads\/2020\/07\/1594666348401-1195738949.png","width":720,"height":480},{"@type":"BreadcrumbList","@id":"https:\/\/www.amanien.info\/news\/communique-du-conseil-des-ministres-du-13-juillet-un-decret-adopte-organisant-les-modalites-pour-le-parrainage-en-vue-des-elections-presidentielles\/#breadcrumb","itemListElement":[{"@type":"ListItem","position":1,"name":"Accueil","item":"https:\/\/www.amanien.info\/news\/"},{"@type":"ListItem","position":2,"name":"Communiqu\u00e9 du conseil des ministres du 13 juillet: Un d\u00e9cret adopt\u00e9, organisant les modalit\u00e9s pour le parrainage en vue des \u00e9lections pr\u00e9sidentielles"}]},{"@type":"WebSite","@id":"https:\/\/www.amanien.info\/news\/#website","url":"https:\/\/www.amanien.info\/news\/","name":"Amanien| L&#039;actualit\u00e9 Ivoirienne et Internationale","description":"L&#039;actualit\u00e9 Ivoirienne et Internationale","potentialAction":[{"@type":"SearchAction","target":{"@type":"EntryPoint","urlTemplate":"https:\/\/www.amanien.info\/news\/?s={search_term_string}"},"query-input":{"@type":"PropertyValueSpecification","valueRequired":true,"valueName":"search_term_string"}}],"inLanguage":"fr-FR"},{"@type":"Person","@id":"https:\/\/www.amanien.info\/news\/#\/schema\/person\/b21093345753a1a98242d505bd894f42","name":"Germain Ndri","url":"https:\/\/www.amanien.info\/news\/author\/amanien-infos\/"}]}},"_links":{"self":[{"href":"https:\/\/www.amanien.info\/news\/wp-json\/wp\/v2\/posts\/1492","targetHints":{"allow":["GET"]}}],"collection":[{"href":"https:\/\/www.amanien.info\/news\/wp-json\/wp\/v2\/posts"}],"about":[{"href":"https:\/\/www.amanien.info\/news\/wp-json\/wp\/v2\/types\/post"}],"author":[{"embeddable":true,"href":"https:\/\/www.amanien.info\/news\/wp-json\/wp\/v2\/users\/2"}],"replies":[{"embeddable":true,"href":"https:\/\/www.amanien.info\/news\/wp-json\/wp\/v2\/comments?post=1492"}],"version-history":[{"count":0,"href":"https:\/\/www.amanien.info\/news\/wp-json\/wp\/v2\/posts\/1492\/revisions"}],"wp:featuredmedia":[{"embeddable":true,"href":"https:\/\/www.amanien.info\/news\/wp-json\/wp\/v2\/media\/1493"}],"wp:attachment":[{"href":"https:\/\/www.amanien.info\/news\/wp-json\/wp\/v2\/media?parent=1492"}],"wp:term":[{"taxonomy":"category","embeddable":true,"href":"https:\/\/www.amanien.info\/news\/wp-json\/wp\/v2\/categories?post=1492"},{"taxonomy":"post_tag","embeddable":true,"href":"https:\/\/www.amanien.info\/news\/wp-json\/wp\/v2\/tags?post=1492"}],"curies":[{"name":"wp","href":"https:\/\/api.w.org\/{rel}","templated":true}]}}