{"id":1464,"date":"2020-07-09T08:49:33","date_gmt":"2020-07-09T06:49:33","guid":{"rendered":"http:\/\/https:\/\/zozo.buyee.jp\/\/news\/?p=1464"},"modified":"2020-07-09T08:51:44","modified_gmt":"2020-07-09T06:51:44","slug":"deces-du-premier-ministre-le-president-du-pdci-presente-ses-condoleances","status":"publish","type":"post","link":"https:\/\/www.amanien.info\/news\/deces-du-premier-ministre-le-president-du-pdci-presente-ses-condoleances\/","title":{"rendered":"D\u00e9c\u00e8s du premier ministre: Le pr\u00e9sident du PDCI pr\u00e9sente ses condol\u00e9ances"},"content":{"rendered":"<div class=\"I_52qC D_FY W_6D6F\" data-test-id=\"message-view-body\">\n<div class=\"msg-body P_wpofO mq_AS\" data-test-id=\"message-view-body-content\">\n<div class=\"jb_0 X_6MGW N_6Fd5\">\n<div>\n<div id=\"yiv9719182529\">\n<div>\n<div>\n<p>D\u00e9c\u00e8s du premier ministre<\/p>\n<p>Le pr\u00e9sident du PDCI pr\u00e9sente ses condol\u00e9ances au chef de l&rsquo;\u00c9tat<\/p>\n<p>Henri Konan BEDIE, Pr\u00e9sident du PDCI-RDA, a adress\u00e9 un message de condol\u00e9ances suite au d\u00e9c\u00e8s d\u2019Amadou Gon COULIBALY, Premier Ministre, Ministre du Budget et du Portefeuille de l\u2019Etat.<br \/>\nCi-dessous l\u2019int\u00e9gralit\u00e9 du message.<\/p>\n<p>Ivoiriennes, Ivoiriens,<\/p>\n<p>Mes Chers Compatriotes,<\/p>\n<p>C\u2019est avec une grande consternation que je viens d\u2019apprendre le d\u00e9c\u00e8s, survenu ce mercredi 08 juillet 2020, de Son Excellence Amadou Gon COULIBALY, Premier Ministre, Ministre du Budget et du Portefeuille de l\u2019Etat, Chef du gouvernement de la R\u00e9publique de C\u00f4te d\u2019Ivoire.<\/p>\n<p>Son d\u00e9c\u00e8s, inattendu ce jour, nous afflige profond\u00e9ment.<\/p>\n<p>Grand serviteur de l\u2019\u00e9tat, il reste un exemple de loyaut\u00e9 et de fid\u00e9lit\u00e9 dans le respect de ses convictions politiques.<\/p>\n<p>En ces douloureux moments, je voudrais en mon nom personnel, de celui de ma famille et de mon parti, le PDCI-RDA, adresser mes sinc\u00e8res condol\u00e9ances et ma compassion \u00e0 son \u00e9pouse, \u00e0 ses enfants, et \u00e0 sa famille.<\/p>\n<p>Je voudrais, \u00e9galement, de fa\u00e7on particuli\u00e8re adresser mes sinc\u00e8res condol\u00e9ances au Pr\u00e9sident Alassane OUATTARA, Pr\u00e9sident de la R\u00e9publique de C\u00f4te d\u2019Ivoire qui perd un fid\u00e8le et loyal collaborateur.<\/p>\n<p>Que le Tout-Puissant fortifie ses enfants et son \u00e9pouse pour qu\u2019ils surmontent, dans la pri\u00e8re et le recueillement, cette p\u00e9nible et douloureuse \u00e9preuve.<\/p>\n<p>Que l\u2019\u00e2me de Son Excellence,<br \/>\nAmadou Gon COULIBALY repose en paix.<\/p>\n<p>Fait \u00e0 Abidjan, le 08 juillet 2020<\/p>\n<p>Henri Konan BEDIE<br \/>\nPr\u00e9sident du PDCI-RDA<\/p>\n<\/div>\n<\/div>\n<\/div>\n<\/div>\n<\/div>\n<\/div>\n<div class=\"jb_0 X_6MGW N_6Fd5\"><\/div>\n<\/div>\n<div class=\"H_7jIs D_F ab_C Q_69H5 E_36RhU\" data-test-id=\"toolbar-hover-area\">\n<div class=\"D_F W_6D6F r_BN gl_C\" data-test-id=\"card-toolbar\">\n<div class=\"D_F ab_C en_0 b_Z14vXdP e_3mS2U I_52qC P_Z1otBpf\">\n<ul class=\"hd_n P_0 H_6D6F M_0 ir3_0 iy_h D_F ab_C\" tabindex=\"0\" role=\"menubar\" data-test-id=\"navigable-list\">\n<li class=\"G_e p_R\" role=\"menuitem\"><\/li>\n<\/ul>\n<\/div>\n<\/div>\n<\/div>\n","protected":false},"excerpt":{"rendered":"<p>D\u00e9c\u00e8s du premier ministre Le pr\u00e9sident du PDCI pr\u00e9sente ses condol\u00e9ances au chef de l&rsquo;\u00c9tat Henri Konan BEDIE, Pr\u00e9sident du PDCI-RDA, a adress\u00e9 un message de condol\u00e9ances suite au d\u00e9c\u00e8s d\u2019Amadou Gon COULIBALY, Premier Ministre, Ministre du Budget et du Portefeuille de l\u2019Etat. Ci-dessous l\u2019int\u00e9gralit\u00e9 du message. Ivoiriennes, Ivoiriens, Mes Chers Compatriotes, C\u2019est avec une [&hellip;]<\/p>\n","protected":false},"author":2,"featured_media":1465,"comment_status":"open","ping_status":"open","sticky":false,"template":"","format":"standard","meta":{"_acf_changed":false,"footnotes":""},"categories":[],"tags":[],"class_list":["post-1464","post","type-post","status-publish","format-standard","has-post-thumbnail","hentry"],"acf":[],"yoast_head":"<!-- This site is optimized with the Yoast SEO plugin v27.5 - https:\/\/yoast.com\/product\/yoast-seo-wordpress\/ -->\n<title>D\u00e9c\u00e8s du premier ministre: Le pr\u00e9sident du PDCI pr\u00e9sente ses condol\u00e9ances - Amanien| L&#039;actualit\u00e9 Ivoirienne et Internationale<\/title>\n<meta name=\"robots\" content=\"index, follow, max-snippet:-1, max-image-preview:large, max-video-preview:-1\" \/>\n<link rel=\"canonical\" href=\"https:\/\/www.amanien.info\/news\/deces-du-premier-ministre-le-president-du-pdci-presente-ses-condoleances\/\" \/>\n<meta property=\"og:locale\" content=\"fr_FR\" \/>\n<meta property=\"og:type\" content=\"article\" \/>\n<meta property=\"og:title\" content=\"D\u00e9c\u00e8s du premier ministre: Le pr\u00e9sident du PDCI pr\u00e9sente ses condol\u00e9ances - Amanien| L&#039;actualit\u00e9 Ivoirienne et Internationale\" \/>\n<meta property=\"og:description\" content=\"D\u00e9c\u00e8s du premier ministre Le pr\u00e9sident du PDCI pr\u00e9sente ses condol\u00e9ances au chef de l&rsquo;\u00c9tat Henri Konan BEDIE, Pr\u00e9sident du PDCI-RDA, a adress\u00e9 un message de condol\u00e9ances suite au d\u00e9c\u00e8s d\u2019Amadou Gon COULIBALY, Premier Ministre, Ministre du Budget et du Portefeuille de l\u2019Etat. Ci-dessous l\u2019int\u00e9gralit\u00e9 du message. Ivoiriennes, Ivoiriens, Mes Chers Compatriotes, C\u2019est avec une [&hellip;]\" \/>\n<meta property=\"og:url\" content=\"https:\/\/www.amanien.info\/news\/deces-du-premier-ministre-le-president-du-pdci-presente-ses-condoleances\/\" \/>\n<meta property=\"og:site_name\" content=\"Amanien| L&#039;actualit\u00e9 Ivoirienne et Internationale\" \/>\n<meta property=\"article:published_time\" content=\"2020-07-09T06:49:33+00:00\" \/>\n<meta property=\"article:modified_time\" content=\"2020-07-09T06:51:44+00:00\" \/>\n<meta property=\"og:image\" content=\"https:\/\/www.amanien.info\/news\/wp-content\/uploads\/2020\/07\/thumbnail.png\" \/>\n\t<meta property=\"og:image:width\" content=\"199\" \/>\n\t<meta property=\"og:image:height\" content=\"134\" \/>\n\t<meta property=\"og:image:type\" content=\"image\/png\" \/>\n<meta name=\"author\" content=\"Germain Ndri\" \/>\n<meta name=\"twitter:card\" content=\"summary_large_image\" \/>\n<meta name=\"twitter:label1\" content=\"\u00c9crit par\" \/>\n\t<meta name=\"twitter:data1\" content=\"Germain Ndri\" \/>\n\t<meta name=\"twitter:label2\" content=\"Dur\u00e9e de lecture estim\u00e9e\" \/>\n\t<meta name=\"twitter:data2\" content=\"1 minute\" \/>\n<script type=\"application\/ld+json\" class=\"yoast-schema-graph\">{\"@context\":\"https:\\\/\\\/schema.org\",\"@graph\":[{\"@type\":\"Article\",\"@id\":\"https:\\\/\\\/www.amanien.info\\\/news\\\/deces-du-premier-ministre-le-president-du-pdci-presente-ses-condoleances\\\/#article\",\"isPartOf\":{\"@id\":\"https:\\\/\\\/www.amanien.info\\\/news\\\/deces-du-premier-ministre-le-president-du-pdci-presente-ses-condoleances\\\/\"},\"author\":{\"name\":\"Germain Ndri\",\"@id\":\"https:\\\/\\\/www.amanien.info\\\/news\\\/#\\\/schema\\\/person\\\/b21093345753a1a98242d505bd894f42\"},\"headline\":\"D\u00e9c\u00e8s du premier ministre: Le pr\u00e9sident du PDCI pr\u00e9sente ses condol\u00e9ances\",\"datePublished\":\"2020-07-09T06:49:33+00:00\",\"dateModified\":\"2020-07-09T06:51:44+00:00\",\"mainEntityOfPage\":{\"@id\":\"https:\\\/\\\/www.amanien.info\\\/news\\\/deces-du-premier-ministre-le-president-du-pdci-presente-ses-condoleances\\\/\"},\"wordCount\":287,\"commentCount\":0,\"image\":{\"@id\":\"https:\\\/\\\/www.amanien.info\\\/news\\\/deces-du-premier-ministre-le-president-du-pdci-presente-ses-condoleances\\\/#primaryimage\"},\"thumbnailUrl\":\"https:\\\/\\\/www.amanien.info\\\/news\\\/wp-content\\\/uploads\\\/2020\\\/07\\\/thumbnail.png\",\"inLanguage\":\"fr-FR\"},{\"@type\":\"WebPage\",\"@id\":\"https:\\\/\\\/www.amanien.info\\\/news\\\/deces-du-premier-ministre-le-president-du-pdci-presente-ses-condoleances\\\/\",\"url\":\"https:\\\/\\\/www.amanien.info\\\/news\\\/deces-du-premier-ministre-le-president-du-pdci-presente-ses-condoleances\\\/\",\"name\":\"D\u00e9c\u00e8s du premier ministre: Le pr\u00e9sident du PDCI pr\u00e9sente ses condol\u00e9ances - Amanien| L&#039;actualit\u00e9 Ivoirienne et Internationale\",\"isPartOf\":{\"@id\":\"https:\\\/\\\/www.amanien.info\\\/news\\\/#website\"},\"primaryImageOfPage\":{\"@id\":\"https:\\\/\\\/www.amanien.info\\\/news\\\/deces-du-premier-ministre-le-president-du-pdci-presente-ses-condoleances\\\/#primaryimage\"},\"image\":{\"@id\":\"https:\\\/\\\/www.amanien.info\\\/news\\\/deces-du-premier-ministre-le-president-du-pdci-presente-ses-condoleances\\\/#primaryimage\"},\"thumbnailUrl\":\"https:\\\/\\\/www.amanien.info\\\/news\\\/wp-content\\\/uploads\\\/2020\\\/07\\\/thumbnail.png\",\"datePublished\":\"2020-07-09T06:49:33+00:00\",\"dateModified\":\"2020-07-09T06:51:44+00:00\",\"author\":{\"@id\":\"https:\\\/\\\/www.amanien.info\\\/news\\\/#\\\/schema\\\/person\\\/b21093345753a1a98242d505bd894f42\"},\"breadcrumb\":{\"@id\":\"https:\\\/\\\/www.amanien.info\\\/news\\\/deces-du-premier-ministre-le-president-du-pdci-presente-ses-condoleances\\\/#breadcrumb\"},\"inLanguage\":\"fr-FR\",\"potentialAction\":[{\"@type\":\"ReadAction\",\"target\":[\"https:\\\/\\\/www.amanien.info\\\/news\\\/deces-du-premier-ministre-le-president-du-pdci-presente-ses-condoleances\\\/\"]}]},{\"@type\":\"ImageObject\",\"inLanguage\":\"fr-FR\",\"@id\":\"https:\\\/\\\/www.amanien.info\\\/news\\\/deces-du-premier-ministre-le-president-du-pdci-presente-ses-condoleances\\\/#primaryimage\",\"url\":\"https:\\\/\\\/www.amanien.info\\\/news\\\/wp-content\\\/uploads\\\/2020\\\/07\\\/thumbnail.png\",\"contentUrl\":\"https:\\\/\\\/www.amanien.info\\\/news\\\/wp-content\\\/uploads\\\/2020\\\/07\\\/thumbnail.png\",\"width\":199,\"height\":134},{\"@type\":\"BreadcrumbList\",\"@id\":\"https:\\\/\\\/www.amanien.info\\\/news\\\/deces-du-premier-ministre-le-president-du-pdci-presente-ses-condoleances\\\/#breadcrumb\",\"itemListElement\":[{\"@type\":\"ListItem\",\"position\":1,\"name\":\"Accueil\",\"item\":\"https:\\\/\\\/www.amanien.info\\\/news\\\/\"},{\"@type\":\"ListItem\",\"position\":2,\"name\":\"D\u00e9c\u00e8s du premier ministre: Le pr\u00e9sident du PDCI pr\u00e9sente ses condol\u00e9ances\"}]},{\"@type\":\"WebSite\",\"@id\":\"https:\\\/\\\/www.amanien.info\\\/news\\\/#website\",\"url\":\"https:\\\/\\\/www.amanien.info\\\/news\\\/\",\"name\":\"Amanien| L&#039;actualit\u00e9 Ivoirienne et Internationale\",\"description\":\"L&#039;actualit\u00e9 Ivoirienne et Internationale\",\"potentialAction\":[{\"@type\":\"SearchAction\",\"target\":{\"@type\":\"EntryPoint\",\"urlTemplate\":\"https:\\\/\\\/www.amanien.info\\\/news\\\/?s={search_term_string}\"},\"query-input\":{\"@type\":\"PropertyValueSpecification\",\"valueRequired\":true,\"valueName\":\"search_term_string\"}}],\"inLanguage\":\"fr-FR\"},{\"@type\":\"Person\",\"@id\":\"https:\\\/\\\/www.amanien.info\\\/news\\\/#\\\/schema\\\/person\\\/b21093345753a1a98242d505bd894f42\",\"name\":\"Germain Ndri\",\"url\":\"https:\\\/\\\/www.amanien.info\\\/news\\\/author\\\/amanien-infos\\\/\"}]}<\/script>\n<!-- \/ Yoast SEO plugin. -->","yoast_head_json":{"title":"D\u00e9c\u00e8s du premier ministre: Le pr\u00e9sident du PDCI pr\u00e9sente ses condol\u00e9ances - Amanien| L&#039;actualit\u00e9 Ivoirienne et Internationale","robots":{"index":"index","follow":"follow","max-snippet":"max-snippet:-1","max-image-preview":"max-image-preview:large","max-video-preview":"max-video-preview:-1"},"canonical":"https:\/\/www.amanien.info\/news\/deces-du-premier-ministre-le-president-du-pdci-presente-ses-condoleances\/","og_locale":"fr_FR","og_type":"article","og_title":"D\u00e9c\u00e8s du premier ministre: Le pr\u00e9sident du PDCI pr\u00e9sente ses condol\u00e9ances - Amanien| L&#039;actualit\u00e9 Ivoirienne et Internationale","og_description":"D\u00e9c\u00e8s du premier ministre Le pr\u00e9sident du PDCI pr\u00e9sente ses condol\u00e9ances au chef de l&rsquo;\u00c9tat Henri Konan BEDIE, Pr\u00e9sident du PDCI-RDA, a adress\u00e9 un message de condol\u00e9ances suite au d\u00e9c\u00e8s d\u2019Amadou Gon COULIBALY, Premier Ministre, Ministre du Budget et du Portefeuille de l\u2019Etat. Ci-dessous l\u2019int\u00e9gralit\u00e9 du message. Ivoiriennes, Ivoiriens, Mes Chers Compatriotes, C\u2019est avec une [&hellip;]","og_url":"https:\/\/www.amanien.info\/news\/deces-du-premier-ministre-le-president-du-pdci-presente-ses-condoleances\/","og_site_name":"Amanien| L&#039;actualit\u00e9 Ivoirienne et Internationale","article_published_time":"2020-07-09T06:49:33+00:00","article_modified_time":"2020-07-09T06:51:44+00:00","og_image":[{"width":199,"height":134,"url":"https:\/\/www.amanien.info\/news\/wp-content\/uploads\/2020\/07\/thumbnail.png","type":"image\/png"}],"author":"Germain Ndri","twitter_card":"summary_large_image","twitter_misc":{"\u00c9crit par":"Germain Ndri","Dur\u00e9e de lecture estim\u00e9e":"1 minute"},"schema":{"@context":"https:\/\/schema.org","@graph":[{"@type":"Article","@id":"https:\/\/www.amanien.info\/news\/deces-du-premier-ministre-le-president-du-pdci-presente-ses-condoleances\/#article","isPartOf":{"@id":"https:\/\/www.amanien.info\/news\/deces-du-premier-ministre-le-president-du-pdci-presente-ses-condoleances\/"},"author":{"name":"Germain Ndri","@id":"https:\/\/www.amanien.info\/news\/#\/schema\/person\/b21093345753a1a98242d505bd894f42"},"headline":"D\u00e9c\u00e8s du premier ministre: Le pr\u00e9sident du PDCI pr\u00e9sente ses condol\u00e9ances","datePublished":"2020-07-09T06:49:33+00:00","dateModified":"2020-07-09T06:51:44+00:00","mainEntityOfPage":{"@id":"https:\/\/www.amanien.info\/news\/deces-du-premier-ministre-le-president-du-pdci-presente-ses-condoleances\/"},"wordCount":287,"commentCount":0,"image":{"@id":"https:\/\/www.amanien.info\/news\/deces-du-premier-ministre-le-president-du-pdci-presente-ses-condoleances\/#primaryimage"},"thumbnailUrl":"https:\/\/www.amanien.info\/news\/wp-content\/uploads\/2020\/07\/thumbnail.png","inLanguage":"fr-FR"},{"@type":"WebPage","@id":"https:\/\/www.amanien.info\/news\/deces-du-premier-ministre-le-president-du-pdci-presente-ses-condoleances\/","url":"https:\/\/www.amanien.info\/news\/deces-du-premier-ministre-le-president-du-pdci-presente-ses-condoleances\/","name":"D\u00e9c\u00e8s du premier ministre: Le pr\u00e9sident du PDCI pr\u00e9sente ses condol\u00e9ances - Amanien| L&#039;actualit\u00e9 Ivoirienne et Internationale","isPartOf":{"@id":"https:\/\/www.amanien.info\/news\/#website"},"primaryImageOfPage":{"@id":"https:\/\/www.amanien.info\/news\/deces-du-premier-ministre-le-president-du-pdci-presente-ses-condoleances\/#primaryimage"},"image":{"@id":"https:\/\/www.amanien.info\/news\/deces-du-premier-ministre-le-president-du-pdci-presente-ses-condoleances\/#primaryimage"},"thumbnailUrl":"https:\/\/www.amanien.info\/news\/wp-content\/uploads\/2020\/07\/thumbnail.png","datePublished":"2020-07-09T06:49:33+00:00","dateModified":"2020-07-09T06:51:44+00:00","author":{"@id":"https:\/\/www.amanien.info\/news\/#\/schema\/person\/b21093345753a1a98242d505bd894f42"},"breadcrumb":{"@id":"https:\/\/www.amanien.info\/news\/deces-du-premier-ministre-le-president-du-pdci-presente-ses-condoleances\/#breadcrumb"},"inLanguage":"fr-FR","potentialAction":[{"@type":"ReadAction","target":["https:\/\/www.amanien.info\/news\/deces-du-premier-ministre-le-president-du-pdci-presente-ses-condoleances\/"]}]},{"@type":"ImageObject","inLanguage":"fr-FR","@id":"https:\/\/www.amanien.info\/news\/deces-du-premier-ministre-le-president-du-pdci-presente-ses-condoleances\/#primaryimage","url":"https:\/\/www.amanien.info\/news\/wp-content\/uploads\/2020\/07\/thumbnail.png","contentUrl":"https:\/\/www.amanien.info\/news\/wp-content\/uploads\/2020\/07\/thumbnail.png","width":199,"height":134},{"@type":"BreadcrumbList","@id":"https:\/\/www.amanien.info\/news\/deces-du-premier-ministre-le-president-du-pdci-presente-ses-condoleances\/#breadcrumb","itemListElement":[{"@type":"ListItem","position":1,"name":"Accueil","item":"https:\/\/www.amanien.info\/news\/"},{"@type":"ListItem","position":2,"name":"D\u00e9c\u00e8s du premier ministre: Le pr\u00e9sident du PDCI pr\u00e9sente ses condol\u00e9ances"}]},{"@type":"WebSite","@id":"https:\/\/www.amanien.info\/news\/#website","url":"https:\/\/www.amanien.info\/news\/","name":"Amanien| L&#039;actualit\u00e9 Ivoirienne et Internationale","description":"L&#039;actualit\u00e9 Ivoirienne et Internationale","potentialAction":[{"@type":"SearchAction","target":{"@type":"EntryPoint","urlTemplate":"https:\/\/www.amanien.info\/news\/?s={search_term_string}"},"query-input":{"@type":"PropertyValueSpecification","valueRequired":true,"valueName":"search_term_string"}}],"inLanguage":"fr-FR"},{"@type":"Person","@id":"https:\/\/www.amanien.info\/news\/#\/schema\/person\/b21093345753a1a98242d505bd894f42","name":"Germain Ndri","url":"https:\/\/www.amanien.info\/news\/author\/amanien-infos\/"}]}},"_links":{"self":[{"href":"https:\/\/www.amanien.info\/news\/wp-json\/wp\/v2\/posts\/1464","targetHints":{"allow":["GET"]}}],"collection":[{"href":"https:\/\/www.amanien.info\/news\/wp-json\/wp\/v2\/posts"}],"about":[{"href":"https:\/\/www.amanien.info\/news\/wp-json\/wp\/v2\/types\/post"}],"author":[{"embeddable":true,"href":"https:\/\/www.amanien.info\/news\/wp-json\/wp\/v2\/users\/2"}],"replies":[{"embeddable":true,"href":"https:\/\/www.amanien.info\/news\/wp-json\/wp\/v2\/comments?post=1464"}],"version-history":[{"count":0,"href":"https:\/\/www.amanien.info\/news\/wp-json\/wp\/v2\/posts\/1464\/revisions"}],"wp:featuredmedia":[{"embeddable":true,"href":"https:\/\/www.amanien.info\/news\/wp-json\/wp\/v2\/media\/1465"}],"wp:attachment":[{"href":"https:\/\/www.amanien.info\/news\/wp-json\/wp\/v2\/media?parent=1464"}],"wp:term":[{"taxonomy":"category","embeddable":true,"href":"https:\/\/www.amanien.info\/news\/wp-json\/wp\/v2\/categories?post=1464"},{"taxonomy":"post_tag","embeddable":true,"href":"https:\/\/www.amanien.info\/news\/wp-json\/wp\/v2\/tags?post=1464"}],"curies":[{"name":"wp","href":"https:\/\/api.w.org\/{rel}","templated":true}]}}