{"id":1447,"date":"2020-07-07T17:02:35","date_gmt":"2020-07-07T15:02:35","guid":{"rendered":"http:\/\/https:\/\/zozo.buyee.jp\/\/news\/?p=1447"},"modified":"2020-07-07T17:03:04","modified_gmt":"2020-07-07T15:03:04","slug":"impacts-de-la-covid-19-sur-le-transport-terrestre-abdoulaye-sylla-president-fensci-si-rien-nest-fait-beaucoup-de-societes-vont-fermer","status":"publish","type":"post","link":"https:\/\/www.amanien.info\/news\/impacts-de-la-covid-19-sur-le-transport-terrestre-abdoulaye-sylla-president-fensci-si-rien-nest-fait-beaucoup-de-societes-vont-fermer\/","title":{"rendered":"Impacts de la Covid 19 sur le transport terrestre \/ Abdoulaye Sylla, pr\u00e9sident Fensci: \u2018\u2019 Si rien n\u2019est fait, beaucoup de soci\u00e9t\u00e9s vont fermer\u2019\u2019"},"content":{"rendered":"<p><strong>\u00a0<\/strong><\/p>\n<p>\u00ab(\u2026) On remercie le Pr\u00e9sident de la R\u00e9publique, Son Excellence Alassane Ouattara pour sa promptitude \u00e0\u00a0 efficacement agir depuis le premier cas du Coronavirus en C\u00f4te d\u2019Ivoire. Sans \u00e9t\u00e9 ces mesures, le pays courait au pire. Nous lui disons \u00e9galement merci pour la riposte \u00e9conomique. Ce sont des milliards qui ont \u00e9t\u00e9 d\u00e9caiss\u00e9s pour tous les secteurs d\u2019activit\u00e9s. Le Fonds d\u2019aide au secteur informel (Fasi), en est la preuve palpable. A ces remerciements, j\u2019associe le Premier ministre Amadou Gon Coulibaly qui traduit au quotidien toutes les d\u00e9cisions du Pr\u00e9sident. Occasion pour moi, de lui formuler mes v\u0153ux de tr\u00e8s prompt r\u00e9tablissement \u00bb. Ce sont par ces propos\u00a0 que le n\u00b01 de la F\u00e9d\u00e9ration nationale des syndicats et chauffeurs de C\u00f4te d\u2019Ivoire (Fensci), Abdoulaye Sylla, a entam\u00e9, le 6 juillet dernier sa conf\u00e9rence de presse relative aux impacts de la Covid 19 sur le secteur du transport terrestre. Pour le conf\u00e9rencier, pas de doute\u00a0: le secteur souffre terriblement des cons\u00e9quences de cette pand\u00e9mie mondiale. \u00ab(\u2026) Tous nos v\u00e9hicules sont gar\u00e9s. Ceux qui roulent, n\u2019arrivent pas \u00e0 faire les recettes. A Abidjan, la situation est terrible, avec pr\u00e8s de 40\u00a0% de minicars, commun\u00e9ment appel\u00e9s qui ont gar\u00e9. Ce qui, \u00e9videmment, provoque des attroupements dans toutes les gares et tous les points de chargements. Les populations souffrent. Quant aux v\u00e9hicules gar\u00e9s, c\u2019est clair qu\u2019ils enregistrent des pannes d\u00e9j\u00e0, et qu\u2019il va falloir r\u00e9soudre avant de les mettre en circulation au moment de la reprise. Si rien n\u2019est fait, c\u2019est s\u00fbr que beaucoup de structures vont mettre la cl\u00e9 sous le paillasson. Elles vont carr\u00e9ment fermer. Il faut davantage assouplir les conditions d\u2019obtention du fonds destin\u00e9 au secteur du transport\u00a0\u00bb, a-t-il fait savoir. Abordant la question des cache-nez dans les v\u00e9hicules, le patron de la Fensci, a fait remarquer que les Forces de l\u2019ordre et de s\u00e9curit\u00e9 doivent s\u2019en prendre \u00e0 l\u2019usager fautif, et non au chauffeur qui ne maitrise pas souvent tous les usagers. Qui, selon, font semblant de mettre les cache-nez, et les enl\u00e8vent automatiquement que le chauffeur d\u00e9colle. Il a enfin plaid\u00e9 pour l\u2019ouverture du Grand Abidjan.<\/p>\n","protected":false},"excerpt":{"rendered":"<p>\u00a0 \u00ab(\u2026) On remercie le Pr\u00e9sident de la R\u00e9publique, Son Excellence Alassane Ouattara pour sa promptitude \u00e0\u00a0 efficacement agir depuis le premier cas du Coronavirus en C\u00f4te d\u2019Ivoire. Sans \u00e9t\u00e9 ces mesures, le pays courait au pire. Nous lui disons \u00e9galement merci pour la riposte \u00e9conomique. Ce sont des milliards qui ont \u00e9t\u00e9 d\u00e9caiss\u00e9s pour [&hellip;]<\/p>\n","protected":false},"author":2,"featured_media":1448,"comment_status":"open","ping_status":"open","sticky":true,"template":"","format":"standard","meta":{"_acf_changed":false,"footnotes":""},"categories":[],"tags":[],"class_list":["post-1447","post","type-post","status-publish","format-standard","has-post-thumbnail","hentry"],"acf":[],"yoast_head":"<!-- This site is optimized with the Yoast SEO plugin v27.5 - https:\/\/yoast.com\/product\/yoast-seo-wordpress\/ -->\n<title>Impacts de la Covid 19 sur le transport terrestre \/ Abdoulaye Sylla, pr\u00e9sident Fensci: \u2018\u2019 Si rien n\u2019est fait, beaucoup de soci\u00e9t\u00e9s vont fermer\u2019\u2019 - Amanien| L&#039;actualit\u00e9 Ivoirienne et Internationale<\/title>\n<meta name=\"robots\" content=\"index, follow, max-snippet:-1, max-image-preview:large, max-video-preview:-1\" \/>\n<link rel=\"canonical\" href=\"https:\/\/www.amanien.info\/news\/impacts-de-la-covid-19-sur-le-transport-terrestre-abdoulaye-sylla-president-fensci-si-rien-nest-fait-beaucoup-de-societes-vont-fermer\/\" \/>\n<meta property=\"og:locale\" content=\"fr_FR\" \/>\n<meta property=\"og:type\" content=\"article\" \/>\n<meta property=\"og:title\" content=\"Impacts de la Covid 19 sur le transport terrestre \/ Abdoulaye Sylla, pr\u00e9sident Fensci: \u2018\u2019 Si rien n\u2019est fait, beaucoup de soci\u00e9t\u00e9s vont fermer\u2019\u2019 - Amanien| L&#039;actualit\u00e9 Ivoirienne et Internationale\" \/>\n<meta property=\"og:description\" content=\"\u00a0 \u00ab(\u2026) On remercie le Pr\u00e9sident de la R\u00e9publique, Son Excellence Alassane Ouattara pour sa promptitude \u00e0\u00a0 efficacement agir depuis le premier cas du Coronavirus en C\u00f4te d\u2019Ivoire. Sans \u00e9t\u00e9 ces mesures, le pays courait au pire. Nous lui disons \u00e9galement merci pour la riposte \u00e9conomique. Ce sont des milliards qui ont \u00e9t\u00e9 d\u00e9caiss\u00e9s pour [&hellip;]\" \/>\n<meta property=\"og:url\" content=\"https:\/\/www.amanien.info\/news\/impacts-de-la-covid-19-sur-le-transport-terrestre-abdoulaye-sylla-president-fensci-si-rien-nest-fait-beaucoup-de-societes-vont-fermer\/\" \/>\n<meta property=\"og:site_name\" content=\"Amanien| L&#039;actualit\u00e9 Ivoirienne et Internationale\" \/>\n<meta property=\"article:published_time\" content=\"2020-07-07T15:02:35+00:00\" \/>\n<meta property=\"article:modified_time\" content=\"2020-07-07T15:03:04+00:00\" \/>\n<meta property=\"og:image\" content=\"https:\/\/www.amanien.info\/news\/wp-content\/uploads\/2020\/07\/thumbnail-1.jpg\" \/>\n\t<meta property=\"og:image:width\" content=\"1080\" \/>\n\t<meta property=\"og:image:height\" content=\"810\" \/>\n\t<meta property=\"og:image:type\" content=\"image\/jpeg\" \/>\n<meta name=\"author\" content=\"Germain Ndri\" \/>\n<meta name=\"twitter:card\" content=\"summary_large_image\" \/>\n<meta name=\"twitter:label1\" content=\"\u00c9crit par\" \/>\n\t<meta name=\"twitter:data1\" content=\"Germain Ndri\" \/>\n\t<meta name=\"twitter:label2\" content=\"Dur\u00e9e de lecture estim\u00e9e\" \/>\n\t<meta name=\"twitter:data2\" content=\"2 minutes\" \/>\n<script type=\"application\/ld+json\" class=\"yoast-schema-graph\">{\"@context\":\"https:\\\/\\\/schema.org\",\"@graph\":[{\"@type\":\"Article\",\"@id\":\"https:\\\/\\\/www.amanien.info\\\/news\\\/impacts-de-la-covid-19-sur-le-transport-terrestre-abdoulaye-sylla-president-fensci-si-rien-nest-fait-beaucoup-de-societes-vont-fermer\\\/#article\",\"isPartOf\":{\"@id\":\"https:\\\/\\\/www.amanien.info\\\/news\\\/impacts-de-la-covid-19-sur-le-transport-terrestre-abdoulaye-sylla-president-fensci-si-rien-nest-fait-beaucoup-de-societes-vont-fermer\\\/\"},\"author\":{\"name\":\"Germain Ndri\",\"@id\":\"https:\\\/\\\/www.amanien.info\\\/news\\\/#\\\/schema\\\/person\\\/b21093345753a1a98242d505bd894f42\"},\"headline\":\"Impacts de la Covid 19 sur le transport terrestre \\\/ Abdoulaye Sylla, pr\u00e9sident Fensci: \u2018\u2019 Si rien n\u2019est fait, beaucoup de soci\u00e9t\u00e9s vont fermer\u2019\u2019\",\"datePublished\":\"2020-07-07T15:02:35+00:00\",\"dateModified\":\"2020-07-07T15:03:04+00:00\",\"mainEntityOfPage\":{\"@id\":\"https:\\\/\\\/www.amanien.info\\\/news\\\/impacts-de-la-covid-19-sur-le-transport-terrestre-abdoulaye-sylla-president-fensci-si-rien-nest-fait-beaucoup-de-societes-vont-fermer\\\/\"},\"wordCount\":411,\"commentCount\":0,\"image\":{\"@id\":\"https:\\\/\\\/www.amanien.info\\\/news\\\/impacts-de-la-covid-19-sur-le-transport-terrestre-abdoulaye-sylla-president-fensci-si-rien-nest-fait-beaucoup-de-societes-vont-fermer\\\/#primaryimage\"},\"thumbnailUrl\":\"https:\\\/\\\/www.amanien.info\\\/news\\\/wp-content\\\/uploads\\\/2020\\\/07\\\/thumbnail-1.jpg\",\"inLanguage\":\"fr-FR\"},{\"@type\":\"WebPage\",\"@id\":\"https:\\\/\\\/www.amanien.info\\\/news\\\/impacts-de-la-covid-19-sur-le-transport-terrestre-abdoulaye-sylla-president-fensci-si-rien-nest-fait-beaucoup-de-societes-vont-fermer\\\/\",\"url\":\"https:\\\/\\\/www.amanien.info\\\/news\\\/impacts-de-la-covid-19-sur-le-transport-terrestre-abdoulaye-sylla-president-fensci-si-rien-nest-fait-beaucoup-de-societes-vont-fermer\\\/\",\"name\":\"Impacts de la Covid 19 sur le transport terrestre \\\/ Abdoulaye Sylla, pr\u00e9sident Fensci: \u2018\u2019 Si rien n\u2019est fait, beaucoup de soci\u00e9t\u00e9s vont fermer\u2019\u2019 - Amanien| L&#039;actualit\u00e9 Ivoirienne et Internationale\",\"isPartOf\":{\"@id\":\"https:\\\/\\\/www.amanien.info\\\/news\\\/#website\"},\"primaryImageOfPage\":{\"@id\":\"https:\\\/\\\/www.amanien.info\\\/news\\\/impacts-de-la-covid-19-sur-le-transport-terrestre-abdoulaye-sylla-president-fensci-si-rien-nest-fait-beaucoup-de-societes-vont-fermer\\\/#primaryimage\"},\"image\":{\"@id\":\"https:\\\/\\\/www.amanien.info\\\/news\\\/impacts-de-la-covid-19-sur-le-transport-terrestre-abdoulaye-sylla-president-fensci-si-rien-nest-fait-beaucoup-de-societes-vont-fermer\\\/#primaryimage\"},\"thumbnailUrl\":\"https:\\\/\\\/www.amanien.info\\\/news\\\/wp-content\\\/uploads\\\/2020\\\/07\\\/thumbnail-1.jpg\",\"datePublished\":\"2020-07-07T15:02:35+00:00\",\"dateModified\":\"2020-07-07T15:03:04+00:00\",\"author\":{\"@id\":\"https:\\\/\\\/www.amanien.info\\\/news\\\/#\\\/schema\\\/person\\\/b21093345753a1a98242d505bd894f42\"},\"breadcrumb\":{\"@id\":\"https:\\\/\\\/www.amanien.info\\\/news\\\/impacts-de-la-covid-19-sur-le-transport-terrestre-abdoulaye-sylla-president-fensci-si-rien-nest-fait-beaucoup-de-societes-vont-fermer\\\/#breadcrumb\"},\"inLanguage\":\"fr-FR\",\"potentialAction\":[{\"@type\":\"ReadAction\",\"target\":[\"https:\\\/\\\/www.amanien.info\\\/news\\\/impacts-de-la-covid-19-sur-le-transport-terrestre-abdoulaye-sylla-president-fensci-si-rien-nest-fait-beaucoup-de-societes-vont-fermer\\\/\"]}]},{\"@type\":\"ImageObject\",\"inLanguage\":\"fr-FR\",\"@id\":\"https:\\\/\\\/www.amanien.info\\\/news\\\/impacts-de-la-covid-19-sur-le-transport-terrestre-abdoulaye-sylla-president-fensci-si-rien-nest-fait-beaucoup-de-societes-vont-fermer\\\/#primaryimage\",\"url\":\"https:\\\/\\\/www.amanien.info\\\/news\\\/wp-content\\\/uploads\\\/2020\\\/07\\\/thumbnail-1.jpg\",\"contentUrl\":\"https:\\\/\\\/www.amanien.info\\\/news\\\/wp-content\\\/uploads\\\/2020\\\/07\\\/thumbnail-1.jpg\",\"width\":1080,\"height\":810},{\"@type\":\"BreadcrumbList\",\"@id\":\"https:\\\/\\\/www.amanien.info\\\/news\\\/impacts-de-la-covid-19-sur-le-transport-terrestre-abdoulaye-sylla-president-fensci-si-rien-nest-fait-beaucoup-de-societes-vont-fermer\\\/#breadcrumb\",\"itemListElement\":[{\"@type\":\"ListItem\",\"position\":1,\"name\":\"Accueil\",\"item\":\"https:\\\/\\\/www.amanien.info\\\/news\\\/\"},{\"@type\":\"ListItem\",\"position\":2,\"name\":\"Impacts de la Covid 19 sur le transport terrestre \\\/ Abdoulaye Sylla, pr\u00e9sident Fensci: \u2018\u2019 Si rien n\u2019est fait, beaucoup de soci\u00e9t\u00e9s vont fermer\u2019\u2019\"}]},{\"@type\":\"WebSite\",\"@id\":\"https:\\\/\\\/www.amanien.info\\\/news\\\/#website\",\"url\":\"https:\\\/\\\/www.amanien.info\\\/news\\\/\",\"name\":\"Amanien| L&#039;actualit\u00e9 Ivoirienne et Internationale\",\"description\":\"L&#039;actualit\u00e9 Ivoirienne et Internationale\",\"potentialAction\":[{\"@type\":\"SearchAction\",\"target\":{\"@type\":\"EntryPoint\",\"urlTemplate\":\"https:\\\/\\\/www.amanien.info\\\/news\\\/?s={search_term_string}\"},\"query-input\":{\"@type\":\"PropertyValueSpecification\",\"valueRequired\":true,\"valueName\":\"search_term_string\"}}],\"inLanguage\":\"fr-FR\"},{\"@type\":\"Person\",\"@id\":\"https:\\\/\\\/www.amanien.info\\\/news\\\/#\\\/schema\\\/person\\\/b21093345753a1a98242d505bd894f42\",\"name\":\"Germain Ndri\",\"url\":\"https:\\\/\\\/www.amanien.info\\\/news\\\/author\\\/amanien-infos\\\/\"}]}<\/script>\n<!-- \/ Yoast SEO plugin. -->","yoast_head_json":{"title":"Impacts de la Covid 19 sur le transport terrestre \/ Abdoulaye Sylla, pr\u00e9sident Fensci: \u2018\u2019 Si rien n\u2019est fait, beaucoup de soci\u00e9t\u00e9s vont fermer\u2019\u2019 - Amanien| L&#039;actualit\u00e9 Ivoirienne et Internationale","robots":{"index":"index","follow":"follow","max-snippet":"max-snippet:-1","max-image-preview":"max-image-preview:large","max-video-preview":"max-video-preview:-1"},"canonical":"https:\/\/www.amanien.info\/news\/impacts-de-la-covid-19-sur-le-transport-terrestre-abdoulaye-sylla-president-fensci-si-rien-nest-fait-beaucoup-de-societes-vont-fermer\/","og_locale":"fr_FR","og_type":"article","og_title":"Impacts de la Covid 19 sur le transport terrestre \/ Abdoulaye Sylla, pr\u00e9sident Fensci: \u2018\u2019 Si rien n\u2019est fait, beaucoup de soci\u00e9t\u00e9s vont fermer\u2019\u2019 - Amanien| L&#039;actualit\u00e9 Ivoirienne et Internationale","og_description":"\u00a0 \u00ab(\u2026) On remercie le Pr\u00e9sident de la R\u00e9publique, Son Excellence Alassane Ouattara pour sa promptitude \u00e0\u00a0 efficacement agir depuis le premier cas du Coronavirus en C\u00f4te d\u2019Ivoire. Sans \u00e9t\u00e9 ces mesures, le pays courait au pire. Nous lui disons \u00e9galement merci pour la riposte \u00e9conomique. Ce sont des milliards qui ont \u00e9t\u00e9 d\u00e9caiss\u00e9s pour [&hellip;]","og_url":"https:\/\/www.amanien.info\/news\/impacts-de-la-covid-19-sur-le-transport-terrestre-abdoulaye-sylla-president-fensci-si-rien-nest-fait-beaucoup-de-societes-vont-fermer\/","og_site_name":"Amanien| L&#039;actualit\u00e9 Ivoirienne et Internationale","article_published_time":"2020-07-07T15:02:35+00:00","article_modified_time":"2020-07-07T15:03:04+00:00","og_image":[{"width":1080,"height":810,"url":"https:\/\/www.amanien.info\/news\/wp-content\/uploads\/2020\/07\/thumbnail-1.jpg","type":"image\/jpeg"}],"author":"Germain Ndri","twitter_card":"summary_large_image","twitter_misc":{"\u00c9crit par":"Germain Ndri","Dur\u00e9e de lecture estim\u00e9e":"2 minutes"},"schema":{"@context":"https:\/\/schema.org","@graph":[{"@type":"Article","@id":"https:\/\/www.amanien.info\/news\/impacts-de-la-covid-19-sur-le-transport-terrestre-abdoulaye-sylla-president-fensci-si-rien-nest-fait-beaucoup-de-societes-vont-fermer\/#article","isPartOf":{"@id":"https:\/\/www.amanien.info\/news\/impacts-de-la-covid-19-sur-le-transport-terrestre-abdoulaye-sylla-president-fensci-si-rien-nest-fait-beaucoup-de-societes-vont-fermer\/"},"author":{"name":"Germain Ndri","@id":"https:\/\/www.amanien.info\/news\/#\/schema\/person\/b21093345753a1a98242d505bd894f42"},"headline":"Impacts de la Covid 19 sur le transport terrestre \/ Abdoulaye Sylla, pr\u00e9sident Fensci: \u2018\u2019 Si rien n\u2019est fait, beaucoup de soci\u00e9t\u00e9s vont fermer\u2019\u2019","datePublished":"2020-07-07T15:02:35+00:00","dateModified":"2020-07-07T15:03:04+00:00","mainEntityOfPage":{"@id":"https:\/\/www.amanien.info\/news\/impacts-de-la-covid-19-sur-le-transport-terrestre-abdoulaye-sylla-president-fensci-si-rien-nest-fait-beaucoup-de-societes-vont-fermer\/"},"wordCount":411,"commentCount":0,"image":{"@id":"https:\/\/www.amanien.info\/news\/impacts-de-la-covid-19-sur-le-transport-terrestre-abdoulaye-sylla-president-fensci-si-rien-nest-fait-beaucoup-de-societes-vont-fermer\/#primaryimage"},"thumbnailUrl":"https:\/\/www.amanien.info\/news\/wp-content\/uploads\/2020\/07\/thumbnail-1.jpg","inLanguage":"fr-FR"},{"@type":"WebPage","@id":"https:\/\/www.amanien.info\/news\/impacts-de-la-covid-19-sur-le-transport-terrestre-abdoulaye-sylla-president-fensci-si-rien-nest-fait-beaucoup-de-societes-vont-fermer\/","url":"https:\/\/www.amanien.info\/news\/impacts-de-la-covid-19-sur-le-transport-terrestre-abdoulaye-sylla-president-fensci-si-rien-nest-fait-beaucoup-de-societes-vont-fermer\/","name":"Impacts de la Covid 19 sur le transport terrestre \/ Abdoulaye Sylla, pr\u00e9sident Fensci: \u2018\u2019 Si rien n\u2019est fait, beaucoup de soci\u00e9t\u00e9s vont fermer\u2019\u2019 - Amanien| L&#039;actualit\u00e9 Ivoirienne et Internationale","isPartOf":{"@id":"https:\/\/www.amanien.info\/news\/#website"},"primaryImageOfPage":{"@id":"https:\/\/www.amanien.info\/news\/impacts-de-la-covid-19-sur-le-transport-terrestre-abdoulaye-sylla-president-fensci-si-rien-nest-fait-beaucoup-de-societes-vont-fermer\/#primaryimage"},"image":{"@id":"https:\/\/www.amanien.info\/news\/impacts-de-la-covid-19-sur-le-transport-terrestre-abdoulaye-sylla-president-fensci-si-rien-nest-fait-beaucoup-de-societes-vont-fermer\/#primaryimage"},"thumbnailUrl":"https:\/\/www.amanien.info\/news\/wp-content\/uploads\/2020\/07\/thumbnail-1.jpg","datePublished":"2020-07-07T15:02:35+00:00","dateModified":"2020-07-07T15:03:04+00:00","author":{"@id":"https:\/\/www.amanien.info\/news\/#\/schema\/person\/b21093345753a1a98242d505bd894f42"},"breadcrumb":{"@id":"https:\/\/www.amanien.info\/news\/impacts-de-la-covid-19-sur-le-transport-terrestre-abdoulaye-sylla-president-fensci-si-rien-nest-fait-beaucoup-de-societes-vont-fermer\/#breadcrumb"},"inLanguage":"fr-FR","potentialAction":[{"@type":"ReadAction","target":["https:\/\/www.amanien.info\/news\/impacts-de-la-covid-19-sur-le-transport-terrestre-abdoulaye-sylla-president-fensci-si-rien-nest-fait-beaucoup-de-societes-vont-fermer\/"]}]},{"@type":"ImageObject","inLanguage":"fr-FR","@id":"https:\/\/www.amanien.info\/news\/impacts-de-la-covid-19-sur-le-transport-terrestre-abdoulaye-sylla-president-fensci-si-rien-nest-fait-beaucoup-de-societes-vont-fermer\/#primaryimage","url":"https:\/\/www.amanien.info\/news\/wp-content\/uploads\/2020\/07\/thumbnail-1.jpg","contentUrl":"https:\/\/www.amanien.info\/news\/wp-content\/uploads\/2020\/07\/thumbnail-1.jpg","width":1080,"height":810},{"@type":"BreadcrumbList","@id":"https:\/\/www.amanien.info\/news\/impacts-de-la-covid-19-sur-le-transport-terrestre-abdoulaye-sylla-president-fensci-si-rien-nest-fait-beaucoup-de-societes-vont-fermer\/#breadcrumb","itemListElement":[{"@type":"ListItem","position":1,"name":"Accueil","item":"https:\/\/www.amanien.info\/news\/"},{"@type":"ListItem","position":2,"name":"Impacts de la Covid 19 sur le transport terrestre \/ Abdoulaye Sylla, pr\u00e9sident Fensci: \u2018\u2019 Si rien n\u2019est fait, beaucoup de soci\u00e9t\u00e9s vont fermer\u2019\u2019"}]},{"@type":"WebSite","@id":"https:\/\/www.amanien.info\/news\/#website","url":"https:\/\/www.amanien.info\/news\/","name":"Amanien| L&#039;actualit\u00e9 Ivoirienne et Internationale","description":"L&#039;actualit\u00e9 Ivoirienne et Internationale","potentialAction":[{"@type":"SearchAction","target":{"@type":"EntryPoint","urlTemplate":"https:\/\/www.amanien.info\/news\/?s={search_term_string}"},"query-input":{"@type":"PropertyValueSpecification","valueRequired":true,"valueName":"search_term_string"}}],"inLanguage":"fr-FR"},{"@type":"Person","@id":"https:\/\/www.amanien.info\/news\/#\/schema\/person\/b21093345753a1a98242d505bd894f42","name":"Germain Ndri","url":"https:\/\/www.amanien.info\/news\/author\/amanien-infos\/"}]}},"_links":{"self":[{"href":"https:\/\/www.amanien.info\/news\/wp-json\/wp\/v2\/posts\/1447","targetHints":{"allow":["GET"]}}],"collection":[{"href":"https:\/\/www.amanien.info\/news\/wp-json\/wp\/v2\/posts"}],"about":[{"href":"https:\/\/www.amanien.info\/news\/wp-json\/wp\/v2\/types\/post"}],"author":[{"embeddable":true,"href":"https:\/\/www.amanien.info\/news\/wp-json\/wp\/v2\/users\/2"}],"replies":[{"embeddable":true,"href":"https:\/\/www.amanien.info\/news\/wp-json\/wp\/v2\/comments?post=1447"}],"version-history":[{"count":0,"href":"https:\/\/www.amanien.info\/news\/wp-json\/wp\/v2\/posts\/1447\/revisions"}],"wp:featuredmedia":[{"embeddable":true,"href":"https:\/\/www.amanien.info\/news\/wp-json\/wp\/v2\/media\/1448"}],"wp:attachment":[{"href":"https:\/\/www.amanien.info\/news\/wp-json\/wp\/v2\/media?parent=1447"}],"wp:term":[{"taxonomy":"category","embeddable":true,"href":"https:\/\/www.amanien.info\/news\/wp-json\/wp\/v2\/categories?post=1447"},{"taxonomy":"post_tag","embeddable":true,"href":"https:\/\/www.amanien.info\/news\/wp-json\/wp\/v2\/tags?post=1447"}],"curies":[{"name":"wp","href":"https:\/\/api.w.org\/{rel}","templated":true}]}}