{"id":1433,"date":"2020-07-03T12:44:31","date_gmt":"2020-07-03T10:44:31","guid":{"rendered":"http:\/\/https:\/\/zozo.buyee.jp\/\/news\/?p=1433"},"modified":"2020-07-03T14:06:10","modified_gmt":"2020-07-03T12:06:10","slug":"afin-d-obtenir-la-securisation-du-patrimoine-foncier-de-la-cnra-les-employes-decretent-trois-jours-de-greve","status":"publish","type":"post","link":"https:\/\/www.amanien.info\/news\/afin-d-obtenir-la-securisation-du-patrimoine-foncier-de-la-cnra-les-employes-decretent-trois-jours-de-greve\/","title":{"rendered":"S\u00e9curisation du patrimoine foncier du CNRA: Les employ\u00e9s d\u00e9cr\u00e8tent trois jours de gr\u00e8ve"},"content":{"rendered":"<p>Le collectif des syndicats du Centre National de Recherche Agronomique ( CNRA), a d\u00e9cid\u00e9 d&rsquo; entrer en gr\u00e8ve du 2 au 6 juillet. Lors d&rsquo; une conf\u00e9rence de presse anim\u00e9e \u00e0 la Direction g\u00e9n\u00e9rale de cet institut de Recherche sise \u00e0 Adiopodoum\u00e9 au Km 17, le jeudi 2 juillet, le porte parole Dr. Edmond Koffi, a lanc\u00e9 un appel, afin que cesse la destruction du patrimoine foncier du CNRA. Selon lui, la destruction dudit patrimoine est devenue plus r\u00e9currente, avec l&rsquo; agression du site de la station Marc Delorme dans la commune de Port- Bouet. \u00a0\u00bb Ce site de 788 hectares, qui abrite la collection internationale sur le cocotier, au motif de la r\u00e9alisation d&rsquo; une op\u00e9ration immobili\u00e8re au profit d&rsquo; acqu\u00e9reurs qui seraient pour la plupart des hauts responsables de l&rsquo;\u00c9tat de C\u00f4te d&rsquo; Ivoire\u00a0\u00bb a d\u00e9plor\u00e9 le porte parole du collectif des syndicats du CNRA.<\/p>\n<p>Le Dr Edmond Koffi a relev\u00e9 qu&rsquo; en plus, 20 hectares du site de la station de Recherche sur le coton \u00e0 Bouak\u00e9 ont \u00e9t\u00e9 r\u00e9quisitionn\u00e9s pour la construction d&rsquo; un h\u00f4pital g\u00e9n\u00e9ral pour le compte du minist\u00e8re de la Sant\u00e9 et de l&rsquo; Hygi\u00e8ne Publique. Tandis que 10 hectares du site de la station de recherche sur l&rsquo; \u00e9levage ont fait l&rsquo; objet de r\u00e9quisition par la Mairie de Bouak\u00e9, avec le soutien de la primature, pour la relocalisation des vendeurs de bois du grand march\u00e9, suite \u00e0 son incendie. \u00a0\u00bb Actuellement, le coeur du CNRA \u00e0 savoir le site de la Direction g\u00e9n\u00e9rale \u00e0 Adiopodoum\u00e9, est en cours de destruction, par l&rsquo; ouverture de voies dans le massif forestier, relique de for\u00eat primaire conserv\u00e9e depuis la nuit des temps\u00a0\u00bb a soulign\u00e9 le porte parole.<br \/>\nIl a ajout\u00e9 que ces travaux, en vue de morcellement \u00e0 des fins de lotissements, ont \u00e9t\u00e9 accompagn\u00e9 de molestage sur le site litigieux et de garde \u00e0 vue de deux agents du CNRA \u00e0 la gendarmerie de Songon, le samedi 28 juin 2020, de 10 heures \u00e0 19 heures.<\/p>\n<p>Ce molestage de deux agents est la goutte d&rsquo; eau qui a fait d\u00e9border le vase. Les travailleurs du Centre National de Recherche Agronomique demandent aux autorit\u00e9s d&rsquo; assurer la s\u00e9curit\u00e9 des diff\u00e9rents sites, pour qu&rsquo; ils exercent dans la qui\u00e9tude, d&rsquo; autant que ces sites sont la propri\u00e9t\u00e9 de l&rsquo; \u00c9tat. Ils souhaitent l&rsquo; intervention du chef de l&rsquo; \u00c9tat, afin d&rsquo; obtenir l&rsquo; arr\u00eat imm\u00e9diat de la destruction sans pr\u00e9c\u00e9dent du patrimoine foncier du CNRA sur toute l&rsquo; \u00e9tendue du territoire national. Le Directeur g\u00e9n\u00e9ral de cet institut Dr Yte Wongbe, a fait la m\u00eame requ\u00eate.\u00a0\u00bb Tout le site du CNRA appartient \u00e0 l&rsquo;\u00c9tat de C\u00f4te d&rsquo;Ivoire. Nous ne sommes que les utilisateurs. Le site o\u00f9 nous sommes est une for\u00eat \u00e9cologique qui prot\u00e8ge tout le bassin contre l&rsquo; \u00e9rosion. Il faut que l&rsquo;\u00c9tat prenne ses responsabilit\u00e9s pour nous permettre de faire notre travail qui est important pour l&rsquo; \u00e9conomie et le d\u00e9veloppement du pays\u00a0\u00bb a-t-il dit.<\/p>\n<p>Le Dr Edmond Koffi, a rappel\u00e9 que le CNRA, moteur de la recherche agronomique, a depuis sa cr\u00e9ation le 22 avril 1998, obtenu de nombreux acquis ayant permis \u00e0 la C\u00f4te d&rsquo;Ivoire de se hisser au premier rang mondial de producteur de cacao et d&rsquo; autres produits. Le \u00a0\u00bb cacao mercedes\u00a0\u00bb est l&rsquo; un de ces acquis. Il souhaite des mesures juridiques, pour la protection du patrimoine foncier du CNRA.<br \/>\nCalvin Wandji<\/p>\n","protected":false},"excerpt":{"rendered":"<p>Le collectif des syndicats du Centre National de Recherche Agronomique ( CNRA), a d\u00e9cid\u00e9 d&rsquo; entrer en gr\u00e8ve du 2 au 6 juillet. Lors d&rsquo; une conf\u00e9rence de presse anim\u00e9e \u00e0 la Direction g\u00e9n\u00e9rale de cet institut de Recherche sise \u00e0 Adiopodoum\u00e9 au Km 17, le jeudi 2 juillet, le porte parole Dr. Edmond Koffi, [&hellip;]<\/p>\n","protected":false},"author":2,"featured_media":1434,"comment_status":"open","ping_status":"open","sticky":true,"template":"","format":"standard","meta":{"_acf_changed":false,"footnotes":""},"categories":[],"tags":[],"class_list":["post-1433","post","type-post","status-publish","format-standard","has-post-thumbnail","hentry"],"acf":[],"yoast_head":"<!-- This site is optimized with the Yoast SEO plugin v27.4 - https:\/\/yoast.com\/product\/yoast-seo-wordpress\/ -->\n<title>S\u00e9curisation du patrimoine foncier du CNRA: Les employ\u00e9s d\u00e9cr\u00e8tent trois jours de gr\u00e8ve - Amanien| L&#039;actualit\u00e9 Ivoirienne et Internationale<\/title>\n<meta name=\"robots\" content=\"index, follow, max-snippet:-1, max-image-preview:large, max-video-preview:-1\" \/>\n<link rel=\"canonical\" href=\"https:\/\/www.amanien.info\/news\/afin-d-obtenir-la-securisation-du-patrimoine-foncier-de-la-cnra-les-employes-decretent-trois-jours-de-greve\/\" \/>\n<meta property=\"og:locale\" content=\"fr_FR\" \/>\n<meta property=\"og:type\" content=\"article\" \/>\n<meta property=\"og:title\" content=\"S\u00e9curisation du patrimoine foncier du CNRA: Les employ\u00e9s d\u00e9cr\u00e8tent trois jours de gr\u00e8ve - Amanien| L&#039;actualit\u00e9 Ivoirienne et Internationale\" \/>\n<meta property=\"og:description\" content=\"Le collectif des syndicats du Centre National de Recherche Agronomique ( CNRA), a d\u00e9cid\u00e9 d&rsquo; entrer en gr\u00e8ve du 2 au 6 juillet. Lors d&rsquo; une conf\u00e9rence de presse anim\u00e9e \u00e0 la Direction g\u00e9n\u00e9rale de cet institut de Recherche sise \u00e0 Adiopodoum\u00e9 au Km 17, le jeudi 2 juillet, le porte parole Dr. Edmond Koffi, [&hellip;]\" \/>\n<meta property=\"og:url\" content=\"https:\/\/www.amanien.info\/news\/afin-d-obtenir-la-securisation-du-patrimoine-foncier-de-la-cnra-les-employes-decretent-trois-jours-de-greve\/\" \/>\n<meta property=\"og:site_name\" content=\"Amanien| L&#039;actualit\u00e9 Ivoirienne et Internationale\" \/>\n<meta property=\"article:published_time\" content=\"2020-07-03T10:44:31+00:00\" \/>\n<meta property=\"article:modified_time\" content=\"2020-07-03T12:06:10+00:00\" \/>\n<meta property=\"og:image\" content=\"https:\/\/www.amanien.info\/news\/wp-content\/uploads\/2020\/07\/20200702_102715-scaled.jpg\" \/>\n\t<meta property=\"og:image:width\" content=\"2560\" \/>\n\t<meta property=\"og:image:height\" content=\"1440\" \/>\n\t<meta property=\"og:image:type\" content=\"image\/jpeg\" \/>\n<meta name=\"author\" content=\"Germain Ndri\" \/>\n<meta name=\"twitter:card\" content=\"summary_large_image\" \/>\n<meta name=\"twitter:label1\" content=\"\u00c9crit par\" \/>\n\t<meta name=\"twitter:data1\" content=\"Germain Ndri\" \/>\n\t<meta name=\"twitter:label2\" content=\"Dur\u00e9e de lecture estim\u00e9e\" \/>\n\t<meta name=\"twitter:data2\" content=\"3 minutes\" \/>\n<script type=\"application\/ld+json\" class=\"yoast-schema-graph\">{\"@context\":\"https:\\\/\\\/schema.org\",\"@graph\":[{\"@type\":\"Article\",\"@id\":\"https:\\\/\\\/www.amanien.info\\\/news\\\/afin-d-obtenir-la-securisation-du-patrimoine-foncier-de-la-cnra-les-employes-decretent-trois-jours-de-greve\\\/#article\",\"isPartOf\":{\"@id\":\"https:\\\/\\\/www.amanien.info\\\/news\\\/afin-d-obtenir-la-securisation-du-patrimoine-foncier-de-la-cnra-les-employes-decretent-trois-jours-de-greve\\\/\"},\"author\":{\"name\":\"Germain Ndri\",\"@id\":\"https:\\\/\\\/www.amanien.info\\\/news\\\/#\\\/schema\\\/person\\\/b21093345753a1a98242d505bd894f42\"},\"headline\":\"S\u00e9curisation du patrimoine foncier du CNRA: Les employ\u00e9s d\u00e9cr\u00e8tent trois jours de gr\u00e8ve\",\"datePublished\":\"2020-07-03T10:44:31+00:00\",\"dateModified\":\"2020-07-03T12:06:10+00:00\",\"mainEntityOfPage\":{\"@id\":\"https:\\\/\\\/www.amanien.info\\\/news\\\/afin-d-obtenir-la-securisation-du-patrimoine-foncier-de-la-cnra-les-employes-decretent-trois-jours-de-greve\\\/\"},\"wordCount\":604,\"commentCount\":0,\"image\":{\"@id\":\"https:\\\/\\\/www.amanien.info\\\/news\\\/afin-d-obtenir-la-securisation-du-patrimoine-foncier-de-la-cnra-les-employes-decretent-trois-jours-de-greve\\\/#primaryimage\"},\"thumbnailUrl\":\"https:\\\/\\\/www.amanien.info\\\/news\\\/wp-content\\\/uploads\\\/2020\\\/07\\\/20200702_102715-scaled.jpg\",\"inLanguage\":\"fr-FR\"},{\"@type\":\"WebPage\",\"@id\":\"https:\\\/\\\/www.amanien.info\\\/news\\\/afin-d-obtenir-la-securisation-du-patrimoine-foncier-de-la-cnra-les-employes-decretent-trois-jours-de-greve\\\/\",\"url\":\"https:\\\/\\\/www.amanien.info\\\/news\\\/afin-d-obtenir-la-securisation-du-patrimoine-foncier-de-la-cnra-les-employes-decretent-trois-jours-de-greve\\\/\",\"name\":\"S\u00e9curisation du patrimoine foncier du CNRA: Les employ\u00e9s d\u00e9cr\u00e8tent trois jours de gr\u00e8ve - Amanien| L&#039;actualit\u00e9 Ivoirienne et Internationale\",\"isPartOf\":{\"@id\":\"https:\\\/\\\/www.amanien.info\\\/news\\\/#website\"},\"primaryImageOfPage\":{\"@id\":\"https:\\\/\\\/www.amanien.info\\\/news\\\/afin-d-obtenir-la-securisation-du-patrimoine-foncier-de-la-cnra-les-employes-decretent-trois-jours-de-greve\\\/#primaryimage\"},\"image\":{\"@id\":\"https:\\\/\\\/www.amanien.info\\\/news\\\/afin-d-obtenir-la-securisation-du-patrimoine-foncier-de-la-cnra-les-employes-decretent-trois-jours-de-greve\\\/#primaryimage\"},\"thumbnailUrl\":\"https:\\\/\\\/www.amanien.info\\\/news\\\/wp-content\\\/uploads\\\/2020\\\/07\\\/20200702_102715-scaled.jpg\",\"datePublished\":\"2020-07-03T10:44:31+00:00\",\"dateModified\":\"2020-07-03T12:06:10+00:00\",\"author\":{\"@id\":\"https:\\\/\\\/www.amanien.info\\\/news\\\/#\\\/schema\\\/person\\\/b21093345753a1a98242d505bd894f42\"},\"breadcrumb\":{\"@id\":\"https:\\\/\\\/www.amanien.info\\\/news\\\/afin-d-obtenir-la-securisation-du-patrimoine-foncier-de-la-cnra-les-employes-decretent-trois-jours-de-greve\\\/#breadcrumb\"},\"inLanguage\":\"fr-FR\",\"potentialAction\":[{\"@type\":\"ReadAction\",\"target\":[\"https:\\\/\\\/www.amanien.info\\\/news\\\/afin-d-obtenir-la-securisation-du-patrimoine-foncier-de-la-cnra-les-employes-decretent-trois-jours-de-greve\\\/\"]}]},{\"@type\":\"ImageObject\",\"inLanguage\":\"fr-FR\",\"@id\":\"https:\\\/\\\/www.amanien.info\\\/news\\\/afin-d-obtenir-la-securisation-du-patrimoine-foncier-de-la-cnra-les-employes-decretent-trois-jours-de-greve\\\/#primaryimage\",\"url\":\"https:\\\/\\\/www.amanien.info\\\/news\\\/wp-content\\\/uploads\\\/2020\\\/07\\\/20200702_102715-scaled.jpg\",\"contentUrl\":\"https:\\\/\\\/www.amanien.info\\\/news\\\/wp-content\\\/uploads\\\/2020\\\/07\\\/20200702_102715-scaled.jpg\",\"width\":2560,\"height\":1440},{\"@type\":\"BreadcrumbList\",\"@id\":\"https:\\\/\\\/www.amanien.info\\\/news\\\/afin-d-obtenir-la-securisation-du-patrimoine-foncier-de-la-cnra-les-employes-decretent-trois-jours-de-greve\\\/#breadcrumb\",\"itemListElement\":[{\"@type\":\"ListItem\",\"position\":1,\"name\":\"Accueil\",\"item\":\"https:\\\/\\\/www.amanien.info\\\/news\\\/\"},{\"@type\":\"ListItem\",\"position\":2,\"name\":\"S\u00e9curisation du patrimoine foncier du CNRA: Les employ\u00e9s d\u00e9cr\u00e8tent trois jours de gr\u00e8ve\"}]},{\"@type\":\"WebSite\",\"@id\":\"https:\\\/\\\/www.amanien.info\\\/news\\\/#website\",\"url\":\"https:\\\/\\\/www.amanien.info\\\/news\\\/\",\"name\":\"Amanien| L&#039;actualit\u00e9 Ivoirienne et Internationale\",\"description\":\"L&#039;actualit\u00e9 Ivoirienne et Internationale\",\"potentialAction\":[{\"@type\":\"SearchAction\",\"target\":{\"@type\":\"EntryPoint\",\"urlTemplate\":\"https:\\\/\\\/www.amanien.info\\\/news\\\/?s={search_term_string}\"},\"query-input\":{\"@type\":\"PropertyValueSpecification\",\"valueRequired\":true,\"valueName\":\"search_term_string\"}}],\"inLanguage\":\"fr-FR\"},{\"@type\":\"Person\",\"@id\":\"https:\\\/\\\/www.amanien.info\\\/news\\\/#\\\/schema\\\/person\\\/b21093345753a1a98242d505bd894f42\",\"name\":\"Germain Ndri\",\"url\":\"https:\\\/\\\/www.amanien.info\\\/news\\\/author\\\/amanien-infos\\\/\"}]}<\/script>\n<!-- \/ Yoast SEO plugin. -->","yoast_head_json":{"title":"S\u00e9curisation du patrimoine foncier du CNRA: Les employ\u00e9s d\u00e9cr\u00e8tent trois jours de gr\u00e8ve - Amanien| L&#039;actualit\u00e9 Ivoirienne et Internationale","robots":{"index":"index","follow":"follow","max-snippet":"max-snippet:-1","max-image-preview":"max-image-preview:large","max-video-preview":"max-video-preview:-1"},"canonical":"https:\/\/www.amanien.info\/news\/afin-d-obtenir-la-securisation-du-patrimoine-foncier-de-la-cnra-les-employes-decretent-trois-jours-de-greve\/","og_locale":"fr_FR","og_type":"article","og_title":"S\u00e9curisation du patrimoine foncier du CNRA: Les employ\u00e9s d\u00e9cr\u00e8tent trois jours de gr\u00e8ve - Amanien| L&#039;actualit\u00e9 Ivoirienne et Internationale","og_description":"Le collectif des syndicats du Centre National de Recherche Agronomique ( CNRA), a d\u00e9cid\u00e9 d&rsquo; entrer en gr\u00e8ve du 2 au 6 juillet. Lors d&rsquo; une conf\u00e9rence de presse anim\u00e9e \u00e0 la Direction g\u00e9n\u00e9rale de cet institut de Recherche sise \u00e0 Adiopodoum\u00e9 au Km 17, le jeudi 2 juillet, le porte parole Dr. Edmond Koffi, [&hellip;]","og_url":"https:\/\/www.amanien.info\/news\/afin-d-obtenir-la-securisation-du-patrimoine-foncier-de-la-cnra-les-employes-decretent-trois-jours-de-greve\/","og_site_name":"Amanien| L&#039;actualit\u00e9 Ivoirienne et Internationale","article_published_time":"2020-07-03T10:44:31+00:00","article_modified_time":"2020-07-03T12:06:10+00:00","og_image":[{"width":2560,"height":1440,"url":"https:\/\/www.amanien.info\/news\/wp-content\/uploads\/2020\/07\/20200702_102715-scaled.jpg","type":"image\/jpeg"}],"author":"Germain Ndri","twitter_card":"summary_large_image","twitter_misc":{"\u00c9crit par":"Germain Ndri","Dur\u00e9e de lecture estim\u00e9e":"3 minutes"},"schema":{"@context":"https:\/\/schema.org","@graph":[{"@type":"Article","@id":"https:\/\/www.amanien.info\/news\/afin-d-obtenir-la-securisation-du-patrimoine-foncier-de-la-cnra-les-employes-decretent-trois-jours-de-greve\/#article","isPartOf":{"@id":"https:\/\/www.amanien.info\/news\/afin-d-obtenir-la-securisation-du-patrimoine-foncier-de-la-cnra-les-employes-decretent-trois-jours-de-greve\/"},"author":{"name":"Germain Ndri","@id":"https:\/\/www.amanien.info\/news\/#\/schema\/person\/b21093345753a1a98242d505bd894f42"},"headline":"S\u00e9curisation du patrimoine foncier du CNRA: Les employ\u00e9s d\u00e9cr\u00e8tent trois jours de gr\u00e8ve","datePublished":"2020-07-03T10:44:31+00:00","dateModified":"2020-07-03T12:06:10+00:00","mainEntityOfPage":{"@id":"https:\/\/www.amanien.info\/news\/afin-d-obtenir-la-securisation-du-patrimoine-foncier-de-la-cnra-les-employes-decretent-trois-jours-de-greve\/"},"wordCount":604,"commentCount":0,"image":{"@id":"https:\/\/www.amanien.info\/news\/afin-d-obtenir-la-securisation-du-patrimoine-foncier-de-la-cnra-les-employes-decretent-trois-jours-de-greve\/#primaryimage"},"thumbnailUrl":"https:\/\/www.amanien.info\/news\/wp-content\/uploads\/2020\/07\/20200702_102715-scaled.jpg","inLanguage":"fr-FR"},{"@type":"WebPage","@id":"https:\/\/www.amanien.info\/news\/afin-d-obtenir-la-securisation-du-patrimoine-foncier-de-la-cnra-les-employes-decretent-trois-jours-de-greve\/","url":"https:\/\/www.amanien.info\/news\/afin-d-obtenir-la-securisation-du-patrimoine-foncier-de-la-cnra-les-employes-decretent-trois-jours-de-greve\/","name":"S\u00e9curisation du patrimoine foncier du CNRA: Les employ\u00e9s d\u00e9cr\u00e8tent trois jours de gr\u00e8ve - Amanien| L&#039;actualit\u00e9 Ivoirienne et Internationale","isPartOf":{"@id":"https:\/\/www.amanien.info\/news\/#website"},"primaryImageOfPage":{"@id":"https:\/\/www.amanien.info\/news\/afin-d-obtenir-la-securisation-du-patrimoine-foncier-de-la-cnra-les-employes-decretent-trois-jours-de-greve\/#primaryimage"},"image":{"@id":"https:\/\/www.amanien.info\/news\/afin-d-obtenir-la-securisation-du-patrimoine-foncier-de-la-cnra-les-employes-decretent-trois-jours-de-greve\/#primaryimage"},"thumbnailUrl":"https:\/\/www.amanien.info\/news\/wp-content\/uploads\/2020\/07\/20200702_102715-scaled.jpg","datePublished":"2020-07-03T10:44:31+00:00","dateModified":"2020-07-03T12:06:10+00:00","author":{"@id":"https:\/\/www.amanien.info\/news\/#\/schema\/person\/b21093345753a1a98242d505bd894f42"},"breadcrumb":{"@id":"https:\/\/www.amanien.info\/news\/afin-d-obtenir-la-securisation-du-patrimoine-foncier-de-la-cnra-les-employes-decretent-trois-jours-de-greve\/#breadcrumb"},"inLanguage":"fr-FR","potentialAction":[{"@type":"ReadAction","target":["https:\/\/www.amanien.info\/news\/afin-d-obtenir-la-securisation-du-patrimoine-foncier-de-la-cnra-les-employes-decretent-trois-jours-de-greve\/"]}]},{"@type":"ImageObject","inLanguage":"fr-FR","@id":"https:\/\/www.amanien.info\/news\/afin-d-obtenir-la-securisation-du-patrimoine-foncier-de-la-cnra-les-employes-decretent-trois-jours-de-greve\/#primaryimage","url":"https:\/\/www.amanien.info\/news\/wp-content\/uploads\/2020\/07\/20200702_102715-scaled.jpg","contentUrl":"https:\/\/www.amanien.info\/news\/wp-content\/uploads\/2020\/07\/20200702_102715-scaled.jpg","width":2560,"height":1440},{"@type":"BreadcrumbList","@id":"https:\/\/www.amanien.info\/news\/afin-d-obtenir-la-securisation-du-patrimoine-foncier-de-la-cnra-les-employes-decretent-trois-jours-de-greve\/#breadcrumb","itemListElement":[{"@type":"ListItem","position":1,"name":"Accueil","item":"https:\/\/www.amanien.info\/news\/"},{"@type":"ListItem","position":2,"name":"S\u00e9curisation du patrimoine foncier du CNRA: Les employ\u00e9s d\u00e9cr\u00e8tent trois jours de gr\u00e8ve"}]},{"@type":"WebSite","@id":"https:\/\/www.amanien.info\/news\/#website","url":"https:\/\/www.amanien.info\/news\/","name":"Amanien| L&#039;actualit\u00e9 Ivoirienne et Internationale","description":"L&#039;actualit\u00e9 Ivoirienne et Internationale","potentialAction":[{"@type":"SearchAction","target":{"@type":"EntryPoint","urlTemplate":"https:\/\/www.amanien.info\/news\/?s={search_term_string}"},"query-input":{"@type":"PropertyValueSpecification","valueRequired":true,"valueName":"search_term_string"}}],"inLanguage":"fr-FR"},{"@type":"Person","@id":"https:\/\/www.amanien.info\/news\/#\/schema\/person\/b21093345753a1a98242d505bd894f42","name":"Germain Ndri","url":"https:\/\/www.amanien.info\/news\/author\/amanien-infos\/"}]}},"_links":{"self":[{"href":"https:\/\/www.amanien.info\/news\/wp-json\/wp\/v2\/posts\/1433","targetHints":{"allow":["GET"]}}],"collection":[{"href":"https:\/\/www.amanien.info\/news\/wp-json\/wp\/v2\/posts"}],"about":[{"href":"https:\/\/www.amanien.info\/news\/wp-json\/wp\/v2\/types\/post"}],"author":[{"embeddable":true,"href":"https:\/\/www.amanien.info\/news\/wp-json\/wp\/v2\/users\/2"}],"replies":[{"embeddable":true,"href":"https:\/\/www.amanien.info\/news\/wp-json\/wp\/v2\/comments?post=1433"}],"version-history":[{"count":0,"href":"https:\/\/www.amanien.info\/news\/wp-json\/wp\/v2\/posts\/1433\/revisions"}],"wp:featuredmedia":[{"embeddable":true,"href":"https:\/\/www.amanien.info\/news\/wp-json\/wp\/v2\/media\/1434"}],"wp:attachment":[{"href":"https:\/\/www.amanien.info\/news\/wp-json\/wp\/v2\/media?parent=1433"}],"wp:term":[{"taxonomy":"category","embeddable":true,"href":"https:\/\/www.amanien.info\/news\/wp-json\/wp\/v2\/categories?post=1433"},{"taxonomy":"post_tag","embeddable":true,"href":"https:\/\/www.amanien.info\/news\/wp-json\/wp\/v2\/tags?post=1433"}],"curies":[{"name":"wp","href":"https:\/\/api.w.org\/{rel}","templated":true}]}}