{"id":1427,"date":"2020-07-01T14:46:27","date_gmt":"2020-07-01T12:46:27","guid":{"rendered":"http:\/\/https:\/\/zozo.buyee.jp\/\/news\/?p=1427"},"modified":"2020-07-01T14:46:27","modified_gmt":"2020-07-01T12:46:27","slug":"programmation-budgetaire-et-economique-moussa-sanogo-devoile-les-priorites-du-gouvernement-de-2021-a-2023","status":"publish","type":"post","link":"https:\/\/www.amanien.info\/news\/programmation-budgetaire-et-economique-moussa-sanogo-devoile-les-priorites-du-gouvernement-de-2021-a-2023\/","title":{"rendered":"Programmation budg\u00e9taire et \u00e9conomique: Moussa Sanogo d\u00e9voile les priorit\u00e9s du Gouvernement de 2021 \u00e0 2023"},"content":{"rendered":"<p>Le ministre en charge du Budget et du Portefeuille de l\u2019\u00c9tat, Moussa Sanogo \u00e9tait face aux d\u00e9put\u00e9s de la Commission des affaires \u00e9conomiques et financi\u00e8res (Caef) dans le cadre d\u2019un d\u00e9bat d\u2019orientation budg\u00e9taire, mardi 30 juin 2020, \u00e0 l\u2019Assembl\u00e9e nationale, \u00e0 Abidjan-Plateau. Il a pr\u00e9sent\u00e9, \u00e0 cette occasion, le Document de programmation budg\u00e9taire et \u00e9conomique pluriannuelle (Dpbep) 2021-2023.<\/p>\n<p>Moussa Sanogo a affirm\u00e9 qu\u2019il s\u2019agit d\u2019un document qui d\u00e9crit la trajectoire de l\u2019\u00e9conomie nationale sur les trois ann\u00e9es \u00e0 venir et qui pr\u00e9cise aussi la programmation budg\u00e9taire qui va accompagner la cr\u00e9ation de richesses au niveau national. \u00ab C\u2019est bon de partager les diff\u00e9rentes orientations avec les d\u00e9put\u00e9s, recueillir \u00e9galement leurs observations et travailler \u00e0 \u00e9laborer un budget qui puisse satisfaire les besoins de nos populations \u00bb, a justifi\u00e9 le ministre.<\/p>\n<p>Il a d\u00e9voil\u00e9 les priorit\u00e9s du Gouvernement relativement aux d\u00e9penses du budget de l\u2019\u00c9tat, notamment dans les secteurs de l\u2019enseignement, la sant\u00e9, ainsi que les logements et \u00e9quipements collectifs. Ainsi, au titre de l\u2019enseignement, Moussa Sanogo a inform\u00e9 que les cr\u00e9dits allou\u00e9s passeront de 1 427,2 milliards Fcfa en 2021 \u00e0 1 653,7 milliards Fcfa en 2023 et que les efforts s\u2019inscriront dans la vision du Gouvernement d\u2019accro\u00eetre l\u2019acc\u00e8s des populations, notamment les plus vuln\u00e9rables, \u00e0 une \u00e9ducation de qualit\u00e9. Concernant la sant\u00e9 dont les cr\u00e9dits affect\u00e9s \u00e9volueront de 366,2 milliards Fcfa \u00e0 396,6 milliards Fcfa de 2021 \u00e0 2023, Moussa Sanogo a mentionn\u00e9 que l\u2019intervention de l\u2019\u00c9tat visera \u00e0 am\u00e9liorer l\u2019offre et la qualit\u00e9 des services de sant\u00e9, \u00e0 renforcer la lutte contre la maladie et \u00e0 am\u00e9liorer la sant\u00e9 maternelle et infanto-juvenile. \u00ab S\u2019agissant des logements et \u00e9quipements collectifs dont les cr\u00e9dits budg\u00e9taires destin\u00e9s passeront de 1 205,3 milliards Fcfa en 2021 \u00e0 1 330,1 milliards Fcfa en 2023, les interventions de l\u2019\u00c9tat se poursuivront dans les domaines du transport et du d\u00e9veloppement des infrastructures \u00e9nerg\u00e9tiques \u00bb, a indiqu\u00e9 le ministre.<\/p>\n<p>En clair, Moussa Sanogo a soulign\u00e9 que s\u2019agissant des axes prioritaires du Gouvernement ivoirien, il s\u2019agira de renforcer la prise en charge de toutes les questions li\u00e9es \u00e0 l\u2019enseignement, \u00e0 la sant\u00e9, aux \u00e9quipements collectifs et aux diff\u00e9rentes infrastructures. \u00ab Ce sont des choses que nous allons poursuivre les ann\u00e9es \u00e0 venir pour consolider la comp\u00e9titivit\u00e9 de notre \u00e9conomie \u00bb, a insist\u00e9 le ministre. Il a confi\u00e9, par ailleurs, que l\u2019atteinte des objectifs \u00e9conomiques et financiers sur la p\u00e9riode 2021-2023 n\u00e9cessite la mise en \u0153uvre de r\u00e9formes et mesures sp\u00e9cifiques d\u2019am\u00e9lioration de la gestion des finances publiques. Ainsi, au titre de la fiscalit\u00e9 int\u00e9rieure, le ministre a \u00e9voqu\u00e9 des r\u00e9formes visant la poursuite de la rationalisation des m\u00e9thodes de travail. Pour ce qui concerne la fiscalit\u00e9 de porte, les principales mesures, de l\u2019avis du ministre, portent sur le renforcement de la surveillance du transit douanier, le renforcement de la lutte contre la fraude et la poursuite de l\u2019\u00e9quipement des bureaux fronti\u00e8res. \u00ab Au titre des d\u00e9penses publiques, les principales actions concernent la poursuite de la mise en \u0153uvre de la strat\u00e9gie de gestion de la dette publique, l\u2019actualisation de la strat\u00e9gie de ma\u00eetrise de la masse salariale et la poursuite des efforts de r\u00e9duction des d\u00e9lais de passation des march\u00e9s publics, ainsi que la poursuite de l\u2019analyse et de la communication sur les risques budg\u00e9taires \u00bb, a not\u00e9 le ministre Moussa Sanogo.<\/p>\n<p>Le projet de budget de l\u2019\u00c9tat pour l\u2019ann\u00e9e 2021 s\u2019\u00e9tablirait \u00e0 8 629,1 milliards Fcfa et devrait s\u2019accro\u00eetre pour atteindre 9 129,8 milliards Fcfa en 2022 et 9 916,3 milliards Fcfa en 2023.<\/p>\n","protected":false},"excerpt":{"rendered":"<p>Le ministre en charge du Budget et du Portefeuille de l\u2019\u00c9tat, Moussa Sanogo \u00e9tait face aux d\u00e9put\u00e9s de la Commission des affaires \u00e9conomiques et financi\u00e8res (Caef) dans le cadre d\u2019un d\u00e9bat d\u2019orientation budg\u00e9taire, mardi 30 juin 2020, \u00e0 l\u2019Assembl\u00e9e nationale, \u00e0 Abidjan-Plateau. Il a pr\u00e9sent\u00e9, \u00e0 cette occasion, le Document de programmation budg\u00e9taire et \u00e9conomique [&hellip;]<\/p>\n","protected":false},"author":2,"featured_media":1428,"comment_status":"open","ping_status":"open","sticky":false,"template":"","format":"standard","meta":{"_acf_changed":false,"footnotes":""},"categories":[],"tags":[],"class_list":["post-1427","post","type-post","status-publish","format-standard","has-post-thumbnail","hentry"],"acf":[],"yoast_head":"<!-- This site is optimized with the Yoast SEO plugin v27.5 - https:\/\/yoast.com\/product\/yoast-seo-wordpress\/ -->\n<title>Programmation budg\u00e9taire et \u00e9conomique: Moussa Sanogo d\u00e9voile les priorit\u00e9s du Gouvernement de 2021 \u00e0 2023 - Amanien| L&#039;actualit\u00e9 Ivoirienne et Internationale<\/title>\n<meta name=\"robots\" content=\"index, follow, max-snippet:-1, max-image-preview:large, max-video-preview:-1\" \/>\n<link rel=\"canonical\" href=\"https:\/\/www.amanien.info\/news\/programmation-budgetaire-et-economique-moussa-sanogo-devoile-les-priorites-du-gouvernement-de-2021-a-2023\/\" \/>\n<meta property=\"og:locale\" content=\"fr_FR\" \/>\n<meta property=\"og:type\" content=\"article\" \/>\n<meta property=\"og:title\" content=\"Programmation budg\u00e9taire et \u00e9conomique: Moussa Sanogo d\u00e9voile les priorit\u00e9s du Gouvernement de 2021 \u00e0 2023 - Amanien| L&#039;actualit\u00e9 Ivoirienne et Internationale\" \/>\n<meta property=\"og:description\" content=\"Le ministre en charge du Budget et du Portefeuille de l\u2019\u00c9tat, Moussa Sanogo \u00e9tait face aux d\u00e9put\u00e9s de la Commission des affaires \u00e9conomiques et financi\u00e8res (Caef) dans le cadre d\u2019un d\u00e9bat d\u2019orientation budg\u00e9taire, mardi 30 juin 2020, \u00e0 l\u2019Assembl\u00e9e nationale, \u00e0 Abidjan-Plateau. Il a pr\u00e9sent\u00e9, \u00e0 cette occasion, le Document de programmation budg\u00e9taire et \u00e9conomique [&hellip;]\" \/>\n<meta property=\"og:url\" content=\"https:\/\/www.amanien.info\/news\/programmation-budgetaire-et-economique-moussa-sanogo-devoile-les-priorites-du-gouvernement-de-2021-a-2023\/\" \/>\n<meta property=\"og:site_name\" content=\"Amanien| L&#039;actualit\u00e9 Ivoirienne et Internationale\" \/>\n<meta property=\"article:published_time\" content=\"2020-07-01T12:46:27+00:00\" \/>\n<meta property=\"og:image\" content=\"https:\/\/www.amanien.info\/news\/wp-content\/uploads\/2020\/07\/Presentation-Document-Programmatio-00051.jpg\" \/>\n\t<meta property=\"og:image:width\" content=\"720\" \/>\n\t<meta property=\"og:image:height\" content=\"480\" \/>\n\t<meta property=\"og:image:type\" content=\"image\/jpeg\" \/>\n<meta name=\"author\" content=\"Germain Ndri\" \/>\n<meta name=\"twitter:card\" content=\"summary_large_image\" \/>\n<meta name=\"twitter:label1\" content=\"\u00c9crit par\" \/>\n\t<meta name=\"twitter:data1\" content=\"Germain Ndri\" \/>\n\t<meta name=\"twitter:label2\" content=\"Dur\u00e9e de lecture estim\u00e9e\" \/>\n\t<meta name=\"twitter:data2\" content=\"3 minutes\" \/>\n<script type=\"application\/ld+json\" class=\"yoast-schema-graph\">{\"@context\":\"https:\\\/\\\/schema.org\",\"@graph\":[{\"@type\":\"Article\",\"@id\":\"https:\\\/\\\/www.amanien.info\\\/news\\\/programmation-budgetaire-et-economique-moussa-sanogo-devoile-les-priorites-du-gouvernement-de-2021-a-2023\\\/#article\",\"isPartOf\":{\"@id\":\"https:\\\/\\\/www.amanien.info\\\/news\\\/programmation-budgetaire-et-economique-moussa-sanogo-devoile-les-priorites-du-gouvernement-de-2021-a-2023\\\/\"},\"author\":{\"name\":\"Germain Ndri\",\"@id\":\"https:\\\/\\\/www.amanien.info\\\/news\\\/#\\\/schema\\\/person\\\/b21093345753a1a98242d505bd894f42\"},\"headline\":\"Programmation budg\u00e9taire et \u00e9conomique: Moussa Sanogo d\u00e9voile les priorit\u00e9s du Gouvernement de 2021 \u00e0 2023\",\"datePublished\":\"2020-07-01T12:46:27+00:00\",\"mainEntityOfPage\":{\"@id\":\"https:\\\/\\\/www.amanien.info\\\/news\\\/programmation-budgetaire-et-economique-moussa-sanogo-devoile-les-priorites-du-gouvernement-de-2021-a-2023\\\/\"},\"wordCount\":630,\"commentCount\":0,\"image\":{\"@id\":\"https:\\\/\\\/www.amanien.info\\\/news\\\/programmation-budgetaire-et-economique-moussa-sanogo-devoile-les-priorites-du-gouvernement-de-2021-a-2023\\\/#primaryimage\"},\"thumbnailUrl\":\"https:\\\/\\\/www.amanien.info\\\/news\\\/wp-content\\\/uploads\\\/2020\\\/07\\\/Presentation-Document-Programmatio-00051.jpg\",\"inLanguage\":\"fr-FR\"},{\"@type\":\"WebPage\",\"@id\":\"https:\\\/\\\/www.amanien.info\\\/news\\\/programmation-budgetaire-et-economique-moussa-sanogo-devoile-les-priorites-du-gouvernement-de-2021-a-2023\\\/\",\"url\":\"https:\\\/\\\/www.amanien.info\\\/news\\\/programmation-budgetaire-et-economique-moussa-sanogo-devoile-les-priorites-du-gouvernement-de-2021-a-2023\\\/\",\"name\":\"Programmation budg\u00e9taire et \u00e9conomique: Moussa Sanogo d\u00e9voile les priorit\u00e9s du Gouvernement de 2021 \u00e0 2023 - Amanien| L&#039;actualit\u00e9 Ivoirienne et Internationale\",\"isPartOf\":{\"@id\":\"https:\\\/\\\/www.amanien.info\\\/news\\\/#website\"},\"primaryImageOfPage\":{\"@id\":\"https:\\\/\\\/www.amanien.info\\\/news\\\/programmation-budgetaire-et-economique-moussa-sanogo-devoile-les-priorites-du-gouvernement-de-2021-a-2023\\\/#primaryimage\"},\"image\":{\"@id\":\"https:\\\/\\\/www.amanien.info\\\/news\\\/programmation-budgetaire-et-economique-moussa-sanogo-devoile-les-priorites-du-gouvernement-de-2021-a-2023\\\/#primaryimage\"},\"thumbnailUrl\":\"https:\\\/\\\/www.amanien.info\\\/news\\\/wp-content\\\/uploads\\\/2020\\\/07\\\/Presentation-Document-Programmatio-00051.jpg\",\"datePublished\":\"2020-07-01T12:46:27+00:00\",\"author\":{\"@id\":\"https:\\\/\\\/www.amanien.info\\\/news\\\/#\\\/schema\\\/person\\\/b21093345753a1a98242d505bd894f42\"},\"breadcrumb\":{\"@id\":\"https:\\\/\\\/www.amanien.info\\\/news\\\/programmation-budgetaire-et-economique-moussa-sanogo-devoile-les-priorites-du-gouvernement-de-2021-a-2023\\\/#breadcrumb\"},\"inLanguage\":\"fr-FR\",\"potentialAction\":[{\"@type\":\"ReadAction\",\"target\":[\"https:\\\/\\\/www.amanien.info\\\/news\\\/programmation-budgetaire-et-economique-moussa-sanogo-devoile-les-priorites-du-gouvernement-de-2021-a-2023\\\/\"]}]},{\"@type\":\"ImageObject\",\"inLanguage\":\"fr-FR\",\"@id\":\"https:\\\/\\\/www.amanien.info\\\/news\\\/programmation-budgetaire-et-economique-moussa-sanogo-devoile-les-priorites-du-gouvernement-de-2021-a-2023\\\/#primaryimage\",\"url\":\"https:\\\/\\\/www.amanien.info\\\/news\\\/wp-content\\\/uploads\\\/2020\\\/07\\\/Presentation-Document-Programmatio-00051.jpg\",\"contentUrl\":\"https:\\\/\\\/www.amanien.info\\\/news\\\/wp-content\\\/uploads\\\/2020\\\/07\\\/Presentation-Document-Programmatio-00051.jpg\",\"width\":720,\"height\":480},{\"@type\":\"BreadcrumbList\",\"@id\":\"https:\\\/\\\/www.amanien.info\\\/news\\\/programmation-budgetaire-et-economique-moussa-sanogo-devoile-les-priorites-du-gouvernement-de-2021-a-2023\\\/#breadcrumb\",\"itemListElement\":[{\"@type\":\"ListItem\",\"position\":1,\"name\":\"Accueil\",\"item\":\"https:\\\/\\\/www.amanien.info\\\/news\\\/\"},{\"@type\":\"ListItem\",\"position\":2,\"name\":\"Programmation budg\u00e9taire et \u00e9conomique: Moussa Sanogo d\u00e9voile les priorit\u00e9s du Gouvernement de 2021 \u00e0 2023\"}]},{\"@type\":\"WebSite\",\"@id\":\"https:\\\/\\\/www.amanien.info\\\/news\\\/#website\",\"url\":\"https:\\\/\\\/www.amanien.info\\\/news\\\/\",\"name\":\"Amanien| L&#039;actualit\u00e9 Ivoirienne et Internationale\",\"description\":\"L&#039;actualit\u00e9 Ivoirienne et Internationale\",\"potentialAction\":[{\"@type\":\"SearchAction\",\"target\":{\"@type\":\"EntryPoint\",\"urlTemplate\":\"https:\\\/\\\/www.amanien.info\\\/news\\\/?s={search_term_string}\"},\"query-input\":{\"@type\":\"PropertyValueSpecification\",\"valueRequired\":true,\"valueName\":\"search_term_string\"}}],\"inLanguage\":\"fr-FR\"},{\"@type\":\"Person\",\"@id\":\"https:\\\/\\\/www.amanien.info\\\/news\\\/#\\\/schema\\\/person\\\/b21093345753a1a98242d505bd894f42\",\"name\":\"Germain Ndri\",\"url\":\"https:\\\/\\\/www.amanien.info\\\/news\\\/author\\\/amanien-infos\\\/\"}]}<\/script>\n<!-- \/ Yoast SEO plugin. -->","yoast_head_json":{"title":"Programmation budg\u00e9taire et \u00e9conomique: Moussa Sanogo d\u00e9voile les priorit\u00e9s du Gouvernement de 2021 \u00e0 2023 - Amanien| L&#039;actualit\u00e9 Ivoirienne et Internationale","robots":{"index":"index","follow":"follow","max-snippet":"max-snippet:-1","max-image-preview":"max-image-preview:large","max-video-preview":"max-video-preview:-1"},"canonical":"https:\/\/www.amanien.info\/news\/programmation-budgetaire-et-economique-moussa-sanogo-devoile-les-priorites-du-gouvernement-de-2021-a-2023\/","og_locale":"fr_FR","og_type":"article","og_title":"Programmation budg\u00e9taire et \u00e9conomique: Moussa Sanogo d\u00e9voile les priorit\u00e9s du Gouvernement de 2021 \u00e0 2023 - Amanien| L&#039;actualit\u00e9 Ivoirienne et Internationale","og_description":"Le ministre en charge du Budget et du Portefeuille de l\u2019\u00c9tat, Moussa Sanogo \u00e9tait face aux d\u00e9put\u00e9s de la Commission des affaires \u00e9conomiques et financi\u00e8res (Caef) dans le cadre d\u2019un d\u00e9bat d\u2019orientation budg\u00e9taire, mardi 30 juin 2020, \u00e0 l\u2019Assembl\u00e9e nationale, \u00e0 Abidjan-Plateau. Il a pr\u00e9sent\u00e9, \u00e0 cette occasion, le Document de programmation budg\u00e9taire et \u00e9conomique [&hellip;]","og_url":"https:\/\/www.amanien.info\/news\/programmation-budgetaire-et-economique-moussa-sanogo-devoile-les-priorites-du-gouvernement-de-2021-a-2023\/","og_site_name":"Amanien| L&#039;actualit\u00e9 Ivoirienne et Internationale","article_published_time":"2020-07-01T12:46:27+00:00","og_image":[{"width":720,"height":480,"url":"https:\/\/www.amanien.info\/news\/wp-content\/uploads\/2020\/07\/Presentation-Document-Programmatio-00051.jpg","type":"image\/jpeg"}],"author":"Germain Ndri","twitter_card":"summary_large_image","twitter_misc":{"\u00c9crit par":"Germain Ndri","Dur\u00e9e de lecture estim\u00e9e":"3 minutes"},"schema":{"@context":"https:\/\/schema.org","@graph":[{"@type":"Article","@id":"https:\/\/www.amanien.info\/news\/programmation-budgetaire-et-economique-moussa-sanogo-devoile-les-priorites-du-gouvernement-de-2021-a-2023\/#article","isPartOf":{"@id":"https:\/\/www.amanien.info\/news\/programmation-budgetaire-et-economique-moussa-sanogo-devoile-les-priorites-du-gouvernement-de-2021-a-2023\/"},"author":{"name":"Germain Ndri","@id":"https:\/\/www.amanien.info\/news\/#\/schema\/person\/b21093345753a1a98242d505bd894f42"},"headline":"Programmation budg\u00e9taire et \u00e9conomique: Moussa Sanogo d\u00e9voile les priorit\u00e9s du Gouvernement de 2021 \u00e0 2023","datePublished":"2020-07-01T12:46:27+00:00","mainEntityOfPage":{"@id":"https:\/\/www.amanien.info\/news\/programmation-budgetaire-et-economique-moussa-sanogo-devoile-les-priorites-du-gouvernement-de-2021-a-2023\/"},"wordCount":630,"commentCount":0,"image":{"@id":"https:\/\/www.amanien.info\/news\/programmation-budgetaire-et-economique-moussa-sanogo-devoile-les-priorites-du-gouvernement-de-2021-a-2023\/#primaryimage"},"thumbnailUrl":"https:\/\/www.amanien.info\/news\/wp-content\/uploads\/2020\/07\/Presentation-Document-Programmatio-00051.jpg","inLanguage":"fr-FR"},{"@type":"WebPage","@id":"https:\/\/www.amanien.info\/news\/programmation-budgetaire-et-economique-moussa-sanogo-devoile-les-priorites-du-gouvernement-de-2021-a-2023\/","url":"https:\/\/www.amanien.info\/news\/programmation-budgetaire-et-economique-moussa-sanogo-devoile-les-priorites-du-gouvernement-de-2021-a-2023\/","name":"Programmation budg\u00e9taire et \u00e9conomique: Moussa Sanogo d\u00e9voile les priorit\u00e9s du Gouvernement de 2021 \u00e0 2023 - Amanien| L&#039;actualit\u00e9 Ivoirienne et Internationale","isPartOf":{"@id":"https:\/\/www.amanien.info\/news\/#website"},"primaryImageOfPage":{"@id":"https:\/\/www.amanien.info\/news\/programmation-budgetaire-et-economique-moussa-sanogo-devoile-les-priorites-du-gouvernement-de-2021-a-2023\/#primaryimage"},"image":{"@id":"https:\/\/www.amanien.info\/news\/programmation-budgetaire-et-economique-moussa-sanogo-devoile-les-priorites-du-gouvernement-de-2021-a-2023\/#primaryimage"},"thumbnailUrl":"https:\/\/www.amanien.info\/news\/wp-content\/uploads\/2020\/07\/Presentation-Document-Programmatio-00051.jpg","datePublished":"2020-07-01T12:46:27+00:00","author":{"@id":"https:\/\/www.amanien.info\/news\/#\/schema\/person\/b21093345753a1a98242d505bd894f42"},"breadcrumb":{"@id":"https:\/\/www.amanien.info\/news\/programmation-budgetaire-et-economique-moussa-sanogo-devoile-les-priorites-du-gouvernement-de-2021-a-2023\/#breadcrumb"},"inLanguage":"fr-FR","potentialAction":[{"@type":"ReadAction","target":["https:\/\/www.amanien.info\/news\/programmation-budgetaire-et-economique-moussa-sanogo-devoile-les-priorites-du-gouvernement-de-2021-a-2023\/"]}]},{"@type":"ImageObject","inLanguage":"fr-FR","@id":"https:\/\/www.amanien.info\/news\/programmation-budgetaire-et-economique-moussa-sanogo-devoile-les-priorites-du-gouvernement-de-2021-a-2023\/#primaryimage","url":"https:\/\/www.amanien.info\/news\/wp-content\/uploads\/2020\/07\/Presentation-Document-Programmatio-00051.jpg","contentUrl":"https:\/\/www.amanien.info\/news\/wp-content\/uploads\/2020\/07\/Presentation-Document-Programmatio-00051.jpg","width":720,"height":480},{"@type":"BreadcrumbList","@id":"https:\/\/www.amanien.info\/news\/programmation-budgetaire-et-economique-moussa-sanogo-devoile-les-priorites-du-gouvernement-de-2021-a-2023\/#breadcrumb","itemListElement":[{"@type":"ListItem","position":1,"name":"Accueil","item":"https:\/\/www.amanien.info\/news\/"},{"@type":"ListItem","position":2,"name":"Programmation budg\u00e9taire et \u00e9conomique: Moussa Sanogo d\u00e9voile les priorit\u00e9s du Gouvernement de 2021 \u00e0 2023"}]},{"@type":"WebSite","@id":"https:\/\/www.amanien.info\/news\/#website","url":"https:\/\/www.amanien.info\/news\/","name":"Amanien| L&#039;actualit\u00e9 Ivoirienne et Internationale","description":"L&#039;actualit\u00e9 Ivoirienne et Internationale","potentialAction":[{"@type":"SearchAction","target":{"@type":"EntryPoint","urlTemplate":"https:\/\/www.amanien.info\/news\/?s={search_term_string}"},"query-input":{"@type":"PropertyValueSpecification","valueRequired":true,"valueName":"search_term_string"}}],"inLanguage":"fr-FR"},{"@type":"Person","@id":"https:\/\/www.amanien.info\/news\/#\/schema\/person\/b21093345753a1a98242d505bd894f42","name":"Germain Ndri","url":"https:\/\/www.amanien.info\/news\/author\/amanien-infos\/"}]}},"_links":{"self":[{"href":"https:\/\/www.amanien.info\/news\/wp-json\/wp\/v2\/posts\/1427","targetHints":{"allow":["GET"]}}],"collection":[{"href":"https:\/\/www.amanien.info\/news\/wp-json\/wp\/v2\/posts"}],"about":[{"href":"https:\/\/www.amanien.info\/news\/wp-json\/wp\/v2\/types\/post"}],"author":[{"embeddable":true,"href":"https:\/\/www.amanien.info\/news\/wp-json\/wp\/v2\/users\/2"}],"replies":[{"embeddable":true,"href":"https:\/\/www.amanien.info\/news\/wp-json\/wp\/v2\/comments?post=1427"}],"version-history":[{"count":0,"href":"https:\/\/www.amanien.info\/news\/wp-json\/wp\/v2\/posts\/1427\/revisions"}],"wp:featuredmedia":[{"embeddable":true,"href":"https:\/\/www.amanien.info\/news\/wp-json\/wp\/v2\/media\/1428"}],"wp:attachment":[{"href":"https:\/\/www.amanien.info\/news\/wp-json\/wp\/v2\/media?parent=1427"}],"wp:term":[{"taxonomy":"category","embeddable":true,"href":"https:\/\/www.amanien.info\/news\/wp-json\/wp\/v2\/categories?post=1427"},{"taxonomy":"post_tag","embeddable":true,"href":"https:\/\/www.amanien.info\/news\/wp-json\/wp\/v2\/tags?post=1427"}],"curies":[{"name":"wp","href":"https:\/\/api.w.org\/{rel}","templated":true}]}}