{"id":1416,"date":"2020-07-01T14:08:31","date_gmt":"2020-07-01T12:08:31","guid":{"rendered":"http:\/\/https:\/\/zozo.buyee.jp\/\/news\/?p=1416"},"modified":"2020-07-01T14:08:51","modified_gmt":"2020-07-01T12:08:51","slug":"front-populaire-ivoirien-laurent-gbagbo-souhaite-des-elections-apaisees","status":"publish","type":"post","link":"https:\/\/www.amanien.info\/news\/front-populaire-ivoirien-laurent-gbagbo-souhaite-des-elections-apaisees\/","title":{"rendered":"Front Populaire Ivoirien: Laurent Gbagbo souhaite des \u00e9lections apais\u00e9es"},"content":{"rendered":"<p>Laurent Gbagbo, souhaite l\u2019organisation des \u00e9lections apais\u00e9es en C\u00f4te d\u2019Ivoire, a indiqu\u00e9, le mardi 30 juin, la vice-pr\u00e9sidente du Front populaire ivoirien (FPI), Bamba Massany, Selon elle, la violence \u00e9lectorale met en p\u00e9ril la d\u00e9mocratie \u00e0 laquelle le peuple de C\u00f4te d\u2019Ivoire aspire profond\u00e9ment et l\u00e9gitimement. Ainsi, le FPI , sur d\u00e9cision de l&rsquo; ancien chef de l&rsquo; Etat, lance \u00ab\u00a0l\u2019initiative pour des \u00e9lections sans violence en C\u00f4te d\u2019Ivoire\u00a0\u00bb.<\/p>\n<p>Le front populaire Ivoirien estime qu&rsquo; il faut travailler \u00e0 int\u00e9grer un esprit de d\u00e9mocratie dans la soci\u00e9t\u00e9, en \u0153uvrant \u00e0 la pacification du c\u0153ur des Ivoirien.Mais aussi, qu&rsquo; il importe de briser toutes formes de stigmatisations et de querelles fratricides. Pour donner le ton, le FPI veut mener une campagne de sensibilisation sur la paix. Des responsables de ce parti vont rencontrer les partis politiques, les associations de femmes et des jeunes, les chefs religieux et leaders d\u2019opinionl.<br \/>\nC.W<\/p>\n","protected":false},"excerpt":{"rendered":"<p>Laurent Gbagbo, souhaite l\u2019organisation des \u00e9lections apais\u00e9es en C\u00f4te d\u2019Ivoire, a indiqu\u00e9, le mardi 30 juin, la vice-pr\u00e9sidente du Front populaire ivoirien (FPI), Bamba Massany, Selon elle, la violence \u00e9lectorale met en p\u00e9ril la d\u00e9mocratie \u00e0 laquelle le peuple de C\u00f4te d\u2019Ivoire aspire profond\u00e9ment et l\u00e9gitimement. Ainsi, le FPI , sur d\u00e9cision de l&rsquo; ancien [&hellip;]<\/p>\n","protected":false},"author":2,"featured_media":1417,"comment_status":"open","ping_status":"open","sticky":true,"template":"","format":"standard","meta":{"_acf_changed":false,"footnotes":""},"categories":[],"tags":[],"class_list":["post-1416","post","type-post","status-publish","format-standard","has-post-thumbnail","hentry"],"acf":[],"yoast_head":"<!-- This site is optimized with the Yoast SEO plugin v27.5 - https:\/\/yoast.com\/product\/yoast-seo-wordpress\/ -->\n<title>Front Populaire Ivoirien: Laurent Gbagbo souhaite des \u00e9lections apais\u00e9es - Amanien| L&#039;actualit\u00e9 Ivoirienne et Internationale<\/title>\n<meta name=\"robots\" content=\"index, follow, max-snippet:-1, max-image-preview:large, max-video-preview:-1\" \/>\n<link rel=\"canonical\" href=\"https:\/\/www.amanien.info\/news\/front-populaire-ivoirien-laurent-gbagbo-souhaite-des-elections-apaisees\/\" \/>\n<meta property=\"og:locale\" content=\"fr_FR\" \/>\n<meta property=\"og:type\" content=\"article\" \/>\n<meta property=\"og:title\" content=\"Front Populaire Ivoirien: Laurent Gbagbo souhaite des \u00e9lections apais\u00e9es - Amanien| L&#039;actualit\u00e9 Ivoirienne et Internationale\" \/>\n<meta property=\"og:description\" content=\"Laurent Gbagbo, souhaite l\u2019organisation des \u00e9lections apais\u00e9es en C\u00f4te d\u2019Ivoire, a indiqu\u00e9, le mardi 30 juin, la vice-pr\u00e9sidente du Front populaire ivoirien (FPI), Bamba Massany, Selon elle, la violence \u00e9lectorale met en p\u00e9ril la d\u00e9mocratie \u00e0 laquelle le peuple de C\u00f4te d\u2019Ivoire aspire profond\u00e9ment et l\u00e9gitimement. Ainsi, le FPI , sur d\u00e9cision de l&rsquo; ancien [&hellip;]\" \/>\n<meta property=\"og:url\" content=\"https:\/\/www.amanien.info\/news\/front-populaire-ivoirien-laurent-gbagbo-souhaite-des-elections-apaisees\/\" \/>\n<meta property=\"og:site_name\" content=\"Amanien| L&#039;actualit\u00e9 Ivoirienne et Internationale\" \/>\n<meta property=\"article:published_time\" content=\"2020-07-01T12:08:31+00:00\" \/>\n<meta property=\"article:modified_time\" content=\"2020-07-01T12:08:51+00:00\" \/>\n<meta property=\"og:image\" content=\"https:\/\/www.amanien.info\/news\/wp-content\/uploads\/2020\/07\/15935973298671819618231.png\" \/>\n\t<meta property=\"og:image:width\" content=\"720\" \/>\n\t<meta property=\"og:image:height\" content=\"511\" \/>\n\t<meta property=\"og:image:type\" content=\"image\/png\" \/>\n<meta name=\"author\" content=\"Germain Ndri\" \/>\n<meta name=\"twitter:card\" content=\"summary_large_image\" \/>\n<meta name=\"twitter:label1\" content=\"\u00c9crit par\" \/>\n\t<meta name=\"twitter:data1\" content=\"Germain Ndri\" \/>\n\t<meta name=\"twitter:label2\" content=\"Dur\u00e9e de lecture estim\u00e9e\" \/>\n\t<meta name=\"twitter:data2\" content=\"1 minute\" \/>\n<script type=\"application\/ld+json\" class=\"yoast-schema-graph\">{\"@context\":\"https:\\\/\\\/schema.org\",\"@graph\":[{\"@type\":\"Article\",\"@id\":\"https:\\\/\\\/www.amanien.info\\\/news\\\/front-populaire-ivoirien-laurent-gbagbo-souhaite-des-elections-apaisees\\\/#article\",\"isPartOf\":{\"@id\":\"https:\\\/\\\/www.amanien.info\\\/news\\\/front-populaire-ivoirien-laurent-gbagbo-souhaite-des-elections-apaisees\\\/\"},\"author\":{\"name\":\"Germain Ndri\",\"@id\":\"https:\\\/\\\/www.amanien.info\\\/news\\\/#\\\/schema\\\/person\\\/b21093345753a1a98242d505bd894f42\"},\"headline\":\"Front Populaire Ivoirien: Laurent Gbagbo souhaite des \u00e9lections apais\u00e9es\",\"datePublished\":\"2020-07-01T12:08:31+00:00\",\"dateModified\":\"2020-07-01T12:08:51+00:00\",\"mainEntityOfPage\":{\"@id\":\"https:\\\/\\\/www.amanien.info\\\/news\\\/front-populaire-ivoirien-laurent-gbagbo-souhaite-des-elections-apaisees\\\/\"},\"wordCount\":176,\"commentCount\":0,\"image\":{\"@id\":\"https:\\\/\\\/www.amanien.info\\\/news\\\/front-populaire-ivoirien-laurent-gbagbo-souhaite-des-elections-apaisees\\\/#primaryimage\"},\"thumbnailUrl\":\"https:\\\/\\\/www.amanien.info\\\/news\\\/wp-content\\\/uploads\\\/2020\\\/07\\\/15935973298671819618231.png\",\"inLanguage\":\"fr-FR\"},{\"@type\":\"WebPage\",\"@id\":\"https:\\\/\\\/www.amanien.info\\\/news\\\/front-populaire-ivoirien-laurent-gbagbo-souhaite-des-elections-apaisees\\\/\",\"url\":\"https:\\\/\\\/www.amanien.info\\\/news\\\/front-populaire-ivoirien-laurent-gbagbo-souhaite-des-elections-apaisees\\\/\",\"name\":\"Front Populaire Ivoirien: Laurent Gbagbo souhaite des \u00e9lections apais\u00e9es - Amanien| L&#039;actualit\u00e9 Ivoirienne et Internationale\",\"isPartOf\":{\"@id\":\"https:\\\/\\\/www.amanien.info\\\/news\\\/#website\"},\"primaryImageOfPage\":{\"@id\":\"https:\\\/\\\/www.amanien.info\\\/news\\\/front-populaire-ivoirien-laurent-gbagbo-souhaite-des-elections-apaisees\\\/#primaryimage\"},\"image\":{\"@id\":\"https:\\\/\\\/www.amanien.info\\\/news\\\/front-populaire-ivoirien-laurent-gbagbo-souhaite-des-elections-apaisees\\\/#primaryimage\"},\"thumbnailUrl\":\"https:\\\/\\\/www.amanien.info\\\/news\\\/wp-content\\\/uploads\\\/2020\\\/07\\\/15935973298671819618231.png\",\"datePublished\":\"2020-07-01T12:08:31+00:00\",\"dateModified\":\"2020-07-01T12:08:51+00:00\",\"author\":{\"@id\":\"https:\\\/\\\/www.amanien.info\\\/news\\\/#\\\/schema\\\/person\\\/b21093345753a1a98242d505bd894f42\"},\"breadcrumb\":{\"@id\":\"https:\\\/\\\/www.amanien.info\\\/news\\\/front-populaire-ivoirien-laurent-gbagbo-souhaite-des-elections-apaisees\\\/#breadcrumb\"},\"inLanguage\":\"fr-FR\",\"potentialAction\":[{\"@type\":\"ReadAction\",\"target\":[\"https:\\\/\\\/www.amanien.info\\\/news\\\/front-populaire-ivoirien-laurent-gbagbo-souhaite-des-elections-apaisees\\\/\"]}]},{\"@type\":\"ImageObject\",\"inLanguage\":\"fr-FR\",\"@id\":\"https:\\\/\\\/www.amanien.info\\\/news\\\/front-populaire-ivoirien-laurent-gbagbo-souhaite-des-elections-apaisees\\\/#primaryimage\",\"url\":\"https:\\\/\\\/www.amanien.info\\\/news\\\/wp-content\\\/uploads\\\/2020\\\/07\\\/15935973298671819618231.png\",\"contentUrl\":\"https:\\\/\\\/www.amanien.info\\\/news\\\/wp-content\\\/uploads\\\/2020\\\/07\\\/15935973298671819618231.png\",\"width\":720,\"height\":511},{\"@type\":\"BreadcrumbList\",\"@id\":\"https:\\\/\\\/www.amanien.info\\\/news\\\/front-populaire-ivoirien-laurent-gbagbo-souhaite-des-elections-apaisees\\\/#breadcrumb\",\"itemListElement\":[{\"@type\":\"ListItem\",\"position\":1,\"name\":\"Accueil\",\"item\":\"https:\\\/\\\/www.amanien.info\\\/news\\\/\"},{\"@type\":\"ListItem\",\"position\":2,\"name\":\"Front Populaire Ivoirien: Laurent Gbagbo souhaite des \u00e9lections apais\u00e9es\"}]},{\"@type\":\"WebSite\",\"@id\":\"https:\\\/\\\/www.amanien.info\\\/news\\\/#website\",\"url\":\"https:\\\/\\\/www.amanien.info\\\/news\\\/\",\"name\":\"Amanien| L&#039;actualit\u00e9 Ivoirienne et Internationale\",\"description\":\"L&#039;actualit\u00e9 Ivoirienne et Internationale\",\"potentialAction\":[{\"@type\":\"SearchAction\",\"target\":{\"@type\":\"EntryPoint\",\"urlTemplate\":\"https:\\\/\\\/www.amanien.info\\\/news\\\/?s={search_term_string}\"},\"query-input\":{\"@type\":\"PropertyValueSpecification\",\"valueRequired\":true,\"valueName\":\"search_term_string\"}}],\"inLanguage\":\"fr-FR\"},{\"@type\":\"Person\",\"@id\":\"https:\\\/\\\/www.amanien.info\\\/news\\\/#\\\/schema\\\/person\\\/b21093345753a1a98242d505bd894f42\",\"name\":\"Germain Ndri\",\"url\":\"https:\\\/\\\/www.amanien.info\\\/news\\\/author\\\/amanien-infos\\\/\"}]}<\/script>\n<!-- \/ Yoast SEO plugin. -->","yoast_head_json":{"title":"Front Populaire Ivoirien: Laurent Gbagbo souhaite des \u00e9lections apais\u00e9es - Amanien| L&#039;actualit\u00e9 Ivoirienne et Internationale","robots":{"index":"index","follow":"follow","max-snippet":"max-snippet:-1","max-image-preview":"max-image-preview:large","max-video-preview":"max-video-preview:-1"},"canonical":"https:\/\/www.amanien.info\/news\/front-populaire-ivoirien-laurent-gbagbo-souhaite-des-elections-apaisees\/","og_locale":"fr_FR","og_type":"article","og_title":"Front Populaire Ivoirien: Laurent Gbagbo souhaite des \u00e9lections apais\u00e9es - Amanien| L&#039;actualit\u00e9 Ivoirienne et Internationale","og_description":"Laurent Gbagbo, souhaite l\u2019organisation des \u00e9lections apais\u00e9es en C\u00f4te d\u2019Ivoire, a indiqu\u00e9, le mardi 30 juin, la vice-pr\u00e9sidente du Front populaire ivoirien (FPI), Bamba Massany, Selon elle, la violence \u00e9lectorale met en p\u00e9ril la d\u00e9mocratie \u00e0 laquelle le peuple de C\u00f4te d\u2019Ivoire aspire profond\u00e9ment et l\u00e9gitimement. Ainsi, le FPI , sur d\u00e9cision de l&rsquo; ancien [&hellip;]","og_url":"https:\/\/www.amanien.info\/news\/front-populaire-ivoirien-laurent-gbagbo-souhaite-des-elections-apaisees\/","og_site_name":"Amanien| L&#039;actualit\u00e9 Ivoirienne et Internationale","article_published_time":"2020-07-01T12:08:31+00:00","article_modified_time":"2020-07-01T12:08:51+00:00","og_image":[{"width":720,"height":511,"url":"https:\/\/www.amanien.info\/news\/wp-content\/uploads\/2020\/07\/15935973298671819618231.png","type":"image\/png"}],"author":"Germain Ndri","twitter_card":"summary_large_image","twitter_misc":{"\u00c9crit par":"Germain Ndri","Dur\u00e9e de lecture estim\u00e9e":"1 minute"},"schema":{"@context":"https:\/\/schema.org","@graph":[{"@type":"Article","@id":"https:\/\/www.amanien.info\/news\/front-populaire-ivoirien-laurent-gbagbo-souhaite-des-elections-apaisees\/#article","isPartOf":{"@id":"https:\/\/www.amanien.info\/news\/front-populaire-ivoirien-laurent-gbagbo-souhaite-des-elections-apaisees\/"},"author":{"name":"Germain Ndri","@id":"https:\/\/www.amanien.info\/news\/#\/schema\/person\/b21093345753a1a98242d505bd894f42"},"headline":"Front Populaire Ivoirien: Laurent Gbagbo souhaite des \u00e9lections apais\u00e9es","datePublished":"2020-07-01T12:08:31+00:00","dateModified":"2020-07-01T12:08:51+00:00","mainEntityOfPage":{"@id":"https:\/\/www.amanien.info\/news\/front-populaire-ivoirien-laurent-gbagbo-souhaite-des-elections-apaisees\/"},"wordCount":176,"commentCount":0,"image":{"@id":"https:\/\/www.amanien.info\/news\/front-populaire-ivoirien-laurent-gbagbo-souhaite-des-elections-apaisees\/#primaryimage"},"thumbnailUrl":"https:\/\/www.amanien.info\/news\/wp-content\/uploads\/2020\/07\/15935973298671819618231.png","inLanguage":"fr-FR"},{"@type":"WebPage","@id":"https:\/\/www.amanien.info\/news\/front-populaire-ivoirien-laurent-gbagbo-souhaite-des-elections-apaisees\/","url":"https:\/\/www.amanien.info\/news\/front-populaire-ivoirien-laurent-gbagbo-souhaite-des-elections-apaisees\/","name":"Front Populaire Ivoirien: Laurent Gbagbo souhaite des \u00e9lections apais\u00e9es - Amanien| L&#039;actualit\u00e9 Ivoirienne et Internationale","isPartOf":{"@id":"https:\/\/www.amanien.info\/news\/#website"},"primaryImageOfPage":{"@id":"https:\/\/www.amanien.info\/news\/front-populaire-ivoirien-laurent-gbagbo-souhaite-des-elections-apaisees\/#primaryimage"},"image":{"@id":"https:\/\/www.amanien.info\/news\/front-populaire-ivoirien-laurent-gbagbo-souhaite-des-elections-apaisees\/#primaryimage"},"thumbnailUrl":"https:\/\/www.amanien.info\/news\/wp-content\/uploads\/2020\/07\/15935973298671819618231.png","datePublished":"2020-07-01T12:08:31+00:00","dateModified":"2020-07-01T12:08:51+00:00","author":{"@id":"https:\/\/www.amanien.info\/news\/#\/schema\/person\/b21093345753a1a98242d505bd894f42"},"breadcrumb":{"@id":"https:\/\/www.amanien.info\/news\/front-populaire-ivoirien-laurent-gbagbo-souhaite-des-elections-apaisees\/#breadcrumb"},"inLanguage":"fr-FR","potentialAction":[{"@type":"ReadAction","target":["https:\/\/www.amanien.info\/news\/front-populaire-ivoirien-laurent-gbagbo-souhaite-des-elections-apaisees\/"]}]},{"@type":"ImageObject","inLanguage":"fr-FR","@id":"https:\/\/www.amanien.info\/news\/front-populaire-ivoirien-laurent-gbagbo-souhaite-des-elections-apaisees\/#primaryimage","url":"https:\/\/www.amanien.info\/news\/wp-content\/uploads\/2020\/07\/15935973298671819618231.png","contentUrl":"https:\/\/www.amanien.info\/news\/wp-content\/uploads\/2020\/07\/15935973298671819618231.png","width":720,"height":511},{"@type":"BreadcrumbList","@id":"https:\/\/www.amanien.info\/news\/front-populaire-ivoirien-laurent-gbagbo-souhaite-des-elections-apaisees\/#breadcrumb","itemListElement":[{"@type":"ListItem","position":1,"name":"Accueil","item":"https:\/\/www.amanien.info\/news\/"},{"@type":"ListItem","position":2,"name":"Front Populaire Ivoirien: Laurent Gbagbo souhaite des \u00e9lections apais\u00e9es"}]},{"@type":"WebSite","@id":"https:\/\/www.amanien.info\/news\/#website","url":"https:\/\/www.amanien.info\/news\/","name":"Amanien| L&#039;actualit\u00e9 Ivoirienne et Internationale","description":"L&#039;actualit\u00e9 Ivoirienne et Internationale","potentialAction":[{"@type":"SearchAction","target":{"@type":"EntryPoint","urlTemplate":"https:\/\/www.amanien.info\/news\/?s={search_term_string}"},"query-input":{"@type":"PropertyValueSpecification","valueRequired":true,"valueName":"search_term_string"}}],"inLanguage":"fr-FR"},{"@type":"Person","@id":"https:\/\/www.amanien.info\/news\/#\/schema\/person\/b21093345753a1a98242d505bd894f42","name":"Germain Ndri","url":"https:\/\/www.amanien.info\/news\/author\/amanien-infos\/"}]}},"_links":{"self":[{"href":"https:\/\/www.amanien.info\/news\/wp-json\/wp\/v2\/posts\/1416","targetHints":{"allow":["GET"]}}],"collection":[{"href":"https:\/\/www.amanien.info\/news\/wp-json\/wp\/v2\/posts"}],"about":[{"href":"https:\/\/www.amanien.info\/news\/wp-json\/wp\/v2\/types\/post"}],"author":[{"embeddable":true,"href":"https:\/\/www.amanien.info\/news\/wp-json\/wp\/v2\/users\/2"}],"replies":[{"embeddable":true,"href":"https:\/\/www.amanien.info\/news\/wp-json\/wp\/v2\/comments?post=1416"}],"version-history":[{"count":0,"href":"https:\/\/www.amanien.info\/news\/wp-json\/wp\/v2\/posts\/1416\/revisions"}],"wp:featuredmedia":[{"embeddable":true,"href":"https:\/\/www.amanien.info\/news\/wp-json\/wp\/v2\/media\/1417"}],"wp:attachment":[{"href":"https:\/\/www.amanien.info\/news\/wp-json\/wp\/v2\/media?parent=1416"}],"wp:term":[{"taxonomy":"category","embeddable":true,"href":"https:\/\/www.amanien.info\/news\/wp-json\/wp\/v2\/categories?post=1416"},{"taxonomy":"post_tag","embeddable":true,"href":"https:\/\/www.amanien.info\/news\/wp-json\/wp\/v2\/tags?post=1416"}],"curies":[{"name":"wp","href":"https:\/\/api.w.org\/{rel}","templated":true}]}}