{"id":1413,"date":"2020-07-01T14:05:11","date_gmt":"2020-07-01T12:05:11","guid":{"rendered":"http:\/\/https:\/\/zozo.buyee.jp\/\/news\/?p=1413"},"modified":"2020-07-01T14:05:34","modified_gmt":"2020-07-01T12:05:34","slug":"conseil-des-ministres-extraordinaire-les-constructions-qui-obstruent-les-voies-d-eau-seront-detruites","status":"publish","type":"post","link":"https:\/\/www.amanien.info\/news\/conseil-des-ministres-extraordinaire-les-constructions-qui-obstruent-les-voies-d-eau-seront-detruites\/","title":{"rendered":"Conseil des ministres extraordinaire: Les constructions qui obstruent les voies d&rsquo; eau seront d\u00e9truites"},"content":{"rendered":"<p>&nbsp;<\/p>\n<p>A l\u2019issue du Conseil des ministres extraordinaire, le mardi 30 juin 2020 \u00e0 Abidjan, le porte-parole du gouvernement, Sidi Ti\u00e9moko Tour\u00e9, a d\u00e9clar\u00e9 qu\u2019au regard des inondations dues aux pluies exceptionnelles qui tombent sur notre pays, le Pr\u00e9sident Alassane Ouattara, a instruit les diff\u00e9rents ministres concern\u00e9s de d\u00e9truire imm\u00e9diatement toutes les constructions qui obstruent les voies d\u2019eau.<\/p>\n<p>\u00ab Sur la question du d\u00e9lai de destruction, il y aura un minimum de proc\u00e9dures qui seront respect\u00e9es. Mais pour les cas les plus flagrants, il sera proc\u00e9d\u00e9 \u00e0 une destruction imm\u00e9diate en informant les personnes concern\u00e9es par les infrastructures mises en cause. Les choses vont aller tr\u00e8s vite relativement \u00e0 cette instruction du Pr\u00e9sident de la R\u00e9publique \u00bb, a dit Sidi Ti\u00e9moko Tour\u00e9.<\/p>\n<p>Il a rappel\u00e9 que d\u2019\u00e9normes investissements ont \u00e9t\u00e9 effectu\u00e9s par le gouvernement, ces derni\u00e8res ann\u00e9es, pour r\u00e9aliser des infrastructures ou ouvrages d\u2019assainissement et d\u2019\u00e9vacuation d\u2019eau de ruissellement.<\/p>\n<p>Mais d\u2019ores et d\u00e9j\u00e0, le porte-parole du gouvernement a indiqu\u00e9 que les personnes qui ont des infrastructures sur les voies d\u2019eau doivent les d\u00e9truire. \u00ab Le cas \u00e9ch\u00e9ant, ces infrastructures seront d\u00e9truites par la force publique \u00bb, a averti Sidi Ti\u00e9moko Tour\u00e9, tout en appelant, une fois de plus, chacun \u00e0 un minimum de discipline et de culture citoyenne.<\/p>\n<p>Il a conclu que le Pr\u00e9sident de la R\u00e9publique, ainsi que le Conseil des ministres ont tenu \u00e0 pr\u00e9senter leurs condol\u00e9ances aux familles de personnes d\u00e9c\u00e9d\u00e9es, de m\u00eame que leur compassion \u00e0 toutes celles qui ont perdu des biens \u00e0 l\u2019occasion de ces diff\u00e9rentes pluies.<\/p>\n","protected":false},"excerpt":{"rendered":"<p>&nbsp; A l\u2019issue du Conseil des ministres extraordinaire, le mardi 30 juin 2020 \u00e0 Abidjan, le porte-parole du gouvernement, Sidi Ti\u00e9moko Tour\u00e9, a d\u00e9clar\u00e9 qu\u2019au regard des inondations dues aux pluies exceptionnelles qui tombent sur notre pays, le Pr\u00e9sident Alassane Ouattara, a instruit les diff\u00e9rents ministres concern\u00e9s de d\u00e9truire imm\u00e9diatement toutes les constructions qui obstruent [&hellip;]<\/p>\n","protected":false},"author":2,"featured_media":1414,"comment_status":"open","ping_status":"open","sticky":true,"template":"","format":"standard","meta":{"_acf_changed":false,"footnotes":""},"categories":[],"tags":[],"class_list":["post-1413","post","type-post","status-publish","format-standard","has-post-thumbnail","hentry"],"acf":[],"yoast_head":"<!-- This site is optimized with the Yoast SEO plugin v27.5 - https:\/\/yoast.com\/product\/yoast-seo-wordpress\/ -->\n<title>Conseil des ministres extraordinaire: Les constructions qui obstruent les voies d&#039; eau seront d\u00e9truites - Amanien| L&#039;actualit\u00e9 Ivoirienne et Internationale<\/title>\n<meta name=\"robots\" content=\"index, follow, max-snippet:-1, max-image-preview:large, max-video-preview:-1\" \/>\n<link rel=\"canonical\" href=\"https:\/\/www.amanien.info\/news\/conseil-des-ministres-extraordinaire-les-constructions-qui-obstruent-les-voies-d-eau-seront-detruites\/\" \/>\n<meta property=\"og:locale\" content=\"fr_FR\" \/>\n<meta property=\"og:type\" content=\"article\" \/>\n<meta property=\"og:title\" content=\"Conseil des ministres extraordinaire: Les constructions qui obstruent les voies d&#039; eau seront d\u00e9truites - Amanien| L&#039;actualit\u00e9 Ivoirienne et Internationale\" \/>\n<meta property=\"og:description\" content=\"&nbsp; A l\u2019issue du Conseil des ministres extraordinaire, le mardi 30 juin 2020 \u00e0 Abidjan, le porte-parole du gouvernement, Sidi Ti\u00e9moko Tour\u00e9, a d\u00e9clar\u00e9 qu\u2019au regard des inondations dues aux pluies exceptionnelles qui tombent sur notre pays, le Pr\u00e9sident Alassane Ouattara, a instruit les diff\u00e9rents ministres concern\u00e9s de d\u00e9truire imm\u00e9diatement toutes les constructions qui obstruent [&hellip;]\" \/>\n<meta property=\"og:url\" content=\"https:\/\/www.amanien.info\/news\/conseil-des-ministres-extraordinaire-les-constructions-qui-obstruent-les-voies-d-eau-seront-detruites\/\" \/>\n<meta property=\"og:site_name\" content=\"Amanien| L&#039;actualit\u00e9 Ivoirienne et Internationale\" \/>\n<meta property=\"article:published_time\" content=\"2020-07-01T12:05:11+00:00\" \/>\n<meta property=\"article:modified_time\" content=\"2020-07-01T12:05:34+00:00\" \/>\n<meta property=\"og:image\" content=\"https:\/\/www.amanien.info\/news\/wp-content\/uploads\/2020\/07\/1593595553174-1559642089.png\" \/>\n\t<meta property=\"og:image:width\" content=\"400\" \/>\n\t<meta property=\"og:image:height\" content=\"266\" \/>\n\t<meta property=\"og:image:type\" content=\"image\/png\" \/>\n<meta name=\"author\" content=\"Germain Ndri\" \/>\n<meta name=\"twitter:card\" content=\"summary_large_image\" \/>\n<meta name=\"twitter:label1\" content=\"\u00c9crit par\" \/>\n\t<meta name=\"twitter:data1\" content=\"Germain Ndri\" \/>\n\t<meta name=\"twitter:label2\" content=\"Dur\u00e9e de lecture estim\u00e9e\" \/>\n\t<meta name=\"twitter:data2\" content=\"1 minute\" \/>\n<script type=\"application\/ld+json\" class=\"yoast-schema-graph\">{\"@context\":\"https:\\\/\\\/schema.org\",\"@graph\":[{\"@type\":\"Article\",\"@id\":\"https:\\\/\\\/www.amanien.info\\\/news\\\/conseil-des-ministres-extraordinaire-les-constructions-qui-obstruent-les-voies-d-eau-seront-detruites\\\/#article\",\"isPartOf\":{\"@id\":\"https:\\\/\\\/www.amanien.info\\\/news\\\/conseil-des-ministres-extraordinaire-les-constructions-qui-obstruent-les-voies-d-eau-seront-detruites\\\/\"},\"author\":{\"name\":\"Germain Ndri\",\"@id\":\"https:\\\/\\\/www.amanien.info\\\/news\\\/#\\\/schema\\\/person\\\/b21093345753a1a98242d505bd894f42\"},\"headline\":\"Conseil des ministres extraordinaire: Les constructions qui obstruent les voies d&rsquo; eau seront d\u00e9truites\",\"datePublished\":\"2020-07-01T12:05:11+00:00\",\"dateModified\":\"2020-07-01T12:05:34+00:00\",\"mainEntityOfPage\":{\"@id\":\"https:\\\/\\\/www.amanien.info\\\/news\\\/conseil-des-ministres-extraordinaire-les-constructions-qui-obstruent-les-voies-d-eau-seront-detruites\\\/\"},\"wordCount\":300,\"commentCount\":0,\"image\":{\"@id\":\"https:\\\/\\\/www.amanien.info\\\/news\\\/conseil-des-ministres-extraordinaire-les-constructions-qui-obstruent-les-voies-d-eau-seront-detruites\\\/#primaryimage\"},\"thumbnailUrl\":\"https:\\\/\\\/www.amanien.info\\\/news\\\/wp-content\\\/uploads\\\/2020\\\/07\\\/1593595553174-1559642089.png\",\"inLanguage\":\"fr-FR\"},{\"@type\":\"WebPage\",\"@id\":\"https:\\\/\\\/www.amanien.info\\\/news\\\/conseil-des-ministres-extraordinaire-les-constructions-qui-obstruent-les-voies-d-eau-seront-detruites\\\/\",\"url\":\"https:\\\/\\\/www.amanien.info\\\/news\\\/conseil-des-ministres-extraordinaire-les-constructions-qui-obstruent-les-voies-d-eau-seront-detruites\\\/\",\"name\":\"Conseil des ministres extraordinaire: Les constructions qui obstruent les voies d' eau seront d\u00e9truites - Amanien| L&#039;actualit\u00e9 Ivoirienne et Internationale\",\"isPartOf\":{\"@id\":\"https:\\\/\\\/www.amanien.info\\\/news\\\/#website\"},\"primaryImageOfPage\":{\"@id\":\"https:\\\/\\\/www.amanien.info\\\/news\\\/conseil-des-ministres-extraordinaire-les-constructions-qui-obstruent-les-voies-d-eau-seront-detruites\\\/#primaryimage\"},\"image\":{\"@id\":\"https:\\\/\\\/www.amanien.info\\\/news\\\/conseil-des-ministres-extraordinaire-les-constructions-qui-obstruent-les-voies-d-eau-seront-detruites\\\/#primaryimage\"},\"thumbnailUrl\":\"https:\\\/\\\/www.amanien.info\\\/news\\\/wp-content\\\/uploads\\\/2020\\\/07\\\/1593595553174-1559642089.png\",\"datePublished\":\"2020-07-01T12:05:11+00:00\",\"dateModified\":\"2020-07-01T12:05:34+00:00\",\"author\":{\"@id\":\"https:\\\/\\\/www.amanien.info\\\/news\\\/#\\\/schema\\\/person\\\/b21093345753a1a98242d505bd894f42\"},\"breadcrumb\":{\"@id\":\"https:\\\/\\\/www.amanien.info\\\/news\\\/conseil-des-ministres-extraordinaire-les-constructions-qui-obstruent-les-voies-d-eau-seront-detruites\\\/#breadcrumb\"},\"inLanguage\":\"fr-FR\",\"potentialAction\":[{\"@type\":\"ReadAction\",\"target\":[\"https:\\\/\\\/www.amanien.info\\\/news\\\/conseil-des-ministres-extraordinaire-les-constructions-qui-obstruent-les-voies-d-eau-seront-detruites\\\/\"]}]},{\"@type\":\"ImageObject\",\"inLanguage\":\"fr-FR\",\"@id\":\"https:\\\/\\\/www.amanien.info\\\/news\\\/conseil-des-ministres-extraordinaire-les-constructions-qui-obstruent-les-voies-d-eau-seront-detruites\\\/#primaryimage\",\"url\":\"https:\\\/\\\/www.amanien.info\\\/news\\\/wp-content\\\/uploads\\\/2020\\\/07\\\/1593595553174-1559642089.png\",\"contentUrl\":\"https:\\\/\\\/www.amanien.info\\\/news\\\/wp-content\\\/uploads\\\/2020\\\/07\\\/1593595553174-1559642089.png\",\"width\":400,\"height\":266},{\"@type\":\"BreadcrumbList\",\"@id\":\"https:\\\/\\\/www.amanien.info\\\/news\\\/conseil-des-ministres-extraordinaire-les-constructions-qui-obstruent-les-voies-d-eau-seront-detruites\\\/#breadcrumb\",\"itemListElement\":[{\"@type\":\"ListItem\",\"position\":1,\"name\":\"Accueil\",\"item\":\"https:\\\/\\\/www.amanien.info\\\/news\\\/\"},{\"@type\":\"ListItem\",\"position\":2,\"name\":\"Conseil des ministres extraordinaire: Les constructions qui obstruent les voies d&rsquo; eau seront d\u00e9truites\"}]},{\"@type\":\"WebSite\",\"@id\":\"https:\\\/\\\/www.amanien.info\\\/news\\\/#website\",\"url\":\"https:\\\/\\\/www.amanien.info\\\/news\\\/\",\"name\":\"Amanien| L&#039;actualit\u00e9 Ivoirienne et Internationale\",\"description\":\"L&#039;actualit\u00e9 Ivoirienne et Internationale\",\"potentialAction\":[{\"@type\":\"SearchAction\",\"target\":{\"@type\":\"EntryPoint\",\"urlTemplate\":\"https:\\\/\\\/www.amanien.info\\\/news\\\/?s={search_term_string}\"},\"query-input\":{\"@type\":\"PropertyValueSpecification\",\"valueRequired\":true,\"valueName\":\"search_term_string\"}}],\"inLanguage\":\"fr-FR\"},{\"@type\":\"Person\",\"@id\":\"https:\\\/\\\/www.amanien.info\\\/news\\\/#\\\/schema\\\/person\\\/b21093345753a1a98242d505bd894f42\",\"name\":\"Germain Ndri\",\"url\":\"https:\\\/\\\/www.amanien.info\\\/news\\\/author\\\/amanien-infos\\\/\"}]}<\/script>\n<!-- \/ Yoast SEO plugin. -->","yoast_head_json":{"title":"Conseil des ministres extraordinaire: Les constructions qui obstruent les voies d' eau seront d\u00e9truites - Amanien| L&#039;actualit\u00e9 Ivoirienne et Internationale","robots":{"index":"index","follow":"follow","max-snippet":"max-snippet:-1","max-image-preview":"max-image-preview:large","max-video-preview":"max-video-preview:-1"},"canonical":"https:\/\/www.amanien.info\/news\/conseil-des-ministres-extraordinaire-les-constructions-qui-obstruent-les-voies-d-eau-seront-detruites\/","og_locale":"fr_FR","og_type":"article","og_title":"Conseil des ministres extraordinaire: Les constructions qui obstruent les voies d' eau seront d\u00e9truites - Amanien| L&#039;actualit\u00e9 Ivoirienne et Internationale","og_description":"&nbsp; A l\u2019issue du Conseil des ministres extraordinaire, le mardi 30 juin 2020 \u00e0 Abidjan, le porte-parole du gouvernement, Sidi Ti\u00e9moko Tour\u00e9, a d\u00e9clar\u00e9 qu\u2019au regard des inondations dues aux pluies exceptionnelles qui tombent sur notre pays, le Pr\u00e9sident Alassane Ouattara, a instruit les diff\u00e9rents ministres concern\u00e9s de d\u00e9truire imm\u00e9diatement toutes les constructions qui obstruent [&hellip;]","og_url":"https:\/\/www.amanien.info\/news\/conseil-des-ministres-extraordinaire-les-constructions-qui-obstruent-les-voies-d-eau-seront-detruites\/","og_site_name":"Amanien| L&#039;actualit\u00e9 Ivoirienne et Internationale","article_published_time":"2020-07-01T12:05:11+00:00","article_modified_time":"2020-07-01T12:05:34+00:00","og_image":[{"width":400,"height":266,"url":"https:\/\/www.amanien.info\/news\/wp-content\/uploads\/2020\/07\/1593595553174-1559642089.png","type":"image\/png"}],"author":"Germain Ndri","twitter_card":"summary_large_image","twitter_misc":{"\u00c9crit par":"Germain Ndri","Dur\u00e9e de lecture estim\u00e9e":"1 minute"},"schema":{"@context":"https:\/\/schema.org","@graph":[{"@type":"Article","@id":"https:\/\/www.amanien.info\/news\/conseil-des-ministres-extraordinaire-les-constructions-qui-obstruent-les-voies-d-eau-seront-detruites\/#article","isPartOf":{"@id":"https:\/\/www.amanien.info\/news\/conseil-des-ministres-extraordinaire-les-constructions-qui-obstruent-les-voies-d-eau-seront-detruites\/"},"author":{"name":"Germain Ndri","@id":"https:\/\/www.amanien.info\/news\/#\/schema\/person\/b21093345753a1a98242d505bd894f42"},"headline":"Conseil des ministres extraordinaire: Les constructions qui obstruent les voies d&rsquo; eau seront d\u00e9truites","datePublished":"2020-07-01T12:05:11+00:00","dateModified":"2020-07-01T12:05:34+00:00","mainEntityOfPage":{"@id":"https:\/\/www.amanien.info\/news\/conseil-des-ministres-extraordinaire-les-constructions-qui-obstruent-les-voies-d-eau-seront-detruites\/"},"wordCount":300,"commentCount":0,"image":{"@id":"https:\/\/www.amanien.info\/news\/conseil-des-ministres-extraordinaire-les-constructions-qui-obstruent-les-voies-d-eau-seront-detruites\/#primaryimage"},"thumbnailUrl":"https:\/\/www.amanien.info\/news\/wp-content\/uploads\/2020\/07\/1593595553174-1559642089.png","inLanguage":"fr-FR"},{"@type":"WebPage","@id":"https:\/\/www.amanien.info\/news\/conseil-des-ministres-extraordinaire-les-constructions-qui-obstruent-les-voies-d-eau-seront-detruites\/","url":"https:\/\/www.amanien.info\/news\/conseil-des-ministres-extraordinaire-les-constructions-qui-obstruent-les-voies-d-eau-seront-detruites\/","name":"Conseil des ministres extraordinaire: Les constructions qui obstruent les voies d' eau seront d\u00e9truites - Amanien| L&#039;actualit\u00e9 Ivoirienne et Internationale","isPartOf":{"@id":"https:\/\/www.amanien.info\/news\/#website"},"primaryImageOfPage":{"@id":"https:\/\/www.amanien.info\/news\/conseil-des-ministres-extraordinaire-les-constructions-qui-obstruent-les-voies-d-eau-seront-detruites\/#primaryimage"},"image":{"@id":"https:\/\/www.amanien.info\/news\/conseil-des-ministres-extraordinaire-les-constructions-qui-obstruent-les-voies-d-eau-seront-detruites\/#primaryimage"},"thumbnailUrl":"https:\/\/www.amanien.info\/news\/wp-content\/uploads\/2020\/07\/1593595553174-1559642089.png","datePublished":"2020-07-01T12:05:11+00:00","dateModified":"2020-07-01T12:05:34+00:00","author":{"@id":"https:\/\/www.amanien.info\/news\/#\/schema\/person\/b21093345753a1a98242d505bd894f42"},"breadcrumb":{"@id":"https:\/\/www.amanien.info\/news\/conseil-des-ministres-extraordinaire-les-constructions-qui-obstruent-les-voies-d-eau-seront-detruites\/#breadcrumb"},"inLanguage":"fr-FR","potentialAction":[{"@type":"ReadAction","target":["https:\/\/www.amanien.info\/news\/conseil-des-ministres-extraordinaire-les-constructions-qui-obstruent-les-voies-d-eau-seront-detruites\/"]}]},{"@type":"ImageObject","inLanguage":"fr-FR","@id":"https:\/\/www.amanien.info\/news\/conseil-des-ministres-extraordinaire-les-constructions-qui-obstruent-les-voies-d-eau-seront-detruites\/#primaryimage","url":"https:\/\/www.amanien.info\/news\/wp-content\/uploads\/2020\/07\/1593595553174-1559642089.png","contentUrl":"https:\/\/www.amanien.info\/news\/wp-content\/uploads\/2020\/07\/1593595553174-1559642089.png","width":400,"height":266},{"@type":"BreadcrumbList","@id":"https:\/\/www.amanien.info\/news\/conseil-des-ministres-extraordinaire-les-constructions-qui-obstruent-les-voies-d-eau-seront-detruites\/#breadcrumb","itemListElement":[{"@type":"ListItem","position":1,"name":"Accueil","item":"https:\/\/www.amanien.info\/news\/"},{"@type":"ListItem","position":2,"name":"Conseil des ministres extraordinaire: Les constructions qui obstruent les voies d&rsquo; eau seront d\u00e9truites"}]},{"@type":"WebSite","@id":"https:\/\/www.amanien.info\/news\/#website","url":"https:\/\/www.amanien.info\/news\/","name":"Amanien| L&#039;actualit\u00e9 Ivoirienne et Internationale","description":"L&#039;actualit\u00e9 Ivoirienne et Internationale","potentialAction":[{"@type":"SearchAction","target":{"@type":"EntryPoint","urlTemplate":"https:\/\/www.amanien.info\/news\/?s={search_term_string}"},"query-input":{"@type":"PropertyValueSpecification","valueRequired":true,"valueName":"search_term_string"}}],"inLanguage":"fr-FR"},{"@type":"Person","@id":"https:\/\/www.amanien.info\/news\/#\/schema\/person\/b21093345753a1a98242d505bd894f42","name":"Germain Ndri","url":"https:\/\/www.amanien.info\/news\/author\/amanien-infos\/"}]}},"_links":{"self":[{"href":"https:\/\/www.amanien.info\/news\/wp-json\/wp\/v2\/posts\/1413","targetHints":{"allow":["GET"]}}],"collection":[{"href":"https:\/\/www.amanien.info\/news\/wp-json\/wp\/v2\/posts"}],"about":[{"href":"https:\/\/www.amanien.info\/news\/wp-json\/wp\/v2\/types\/post"}],"author":[{"embeddable":true,"href":"https:\/\/www.amanien.info\/news\/wp-json\/wp\/v2\/users\/2"}],"replies":[{"embeddable":true,"href":"https:\/\/www.amanien.info\/news\/wp-json\/wp\/v2\/comments?post=1413"}],"version-history":[{"count":0,"href":"https:\/\/www.amanien.info\/news\/wp-json\/wp\/v2\/posts\/1413\/revisions"}],"wp:featuredmedia":[{"embeddable":true,"href":"https:\/\/www.amanien.info\/news\/wp-json\/wp\/v2\/media\/1414"}],"wp:attachment":[{"href":"https:\/\/www.amanien.info\/news\/wp-json\/wp\/v2\/media?parent=1413"}],"wp:term":[{"taxonomy":"category","embeddable":true,"href":"https:\/\/www.amanien.info\/news\/wp-json\/wp\/v2\/categories?post=1413"},{"taxonomy":"post_tag","embeddable":true,"href":"https:\/\/www.amanien.info\/news\/wp-json\/wp\/v2\/tags?post=1413"}],"curies":[{"name":"wp","href":"https:\/\/api.w.org\/{rel}","templated":true}]}}