{"id":1389,"date":"2020-06-28T14:51:27","date_gmt":"2020-06-28T12:51:27","guid":{"rendered":"http:\/\/https:\/\/zozo.buyee.jp\/\/news\/?p=1389"},"modified":"2020-06-28T14:51:42","modified_gmt":"2020-06-28T12:51:42","slug":"sensibilisation-sur-la-pandemie-du-coronavirus-limam-de-la-mosquee-moudjahidine-monte-au-creneau","status":"publish","type":"post","link":"https:\/\/www.amanien.info\/news\/sensibilisation-sur-la-pandemie-du-coronavirus-limam-de-la-mosquee-moudjahidine-monte-au-creneau\/","title":{"rendered":"Sensibilisation sur la pand\u00e9mie du Coronavirus: L\u2019imam de la mosqu\u00e9e Moudjahidine monte au cr\u00e9neau"},"content":{"rendered":"<p>Le Coronavirus n\u2019est pas une fiction, encore moins une illusion, ou quelque chose d\u2019inventer pour distraire le monde. C\u2019est une r\u00e9alit\u00e9 qui tue tr\u00e8s mal. La maladie existe. Point n\u2019est besoin de douter. Faites un tour dans les diff\u00e9rents CHU pour s\u2019en convaincre. Le petit temps que nous y avons fait, nous avons eu l\u2019occasion de nous en rendre compte\u00a0\u00bb. Ces propos sont \u00a0de Diomand\u00e9 Almamy, imam de la mosqu\u00e9e Moudjahidine d\u2019Abobo Ak\u00e9ikoi. Il les tient r\u00e9guli\u00e8rement devant ses fid\u00e8les \u00e0 l\u2019occasion de toutes les s\u00e9ances de pri\u00e8res. \u00ab(\u2026) Nous sortons d\u2019une maladie et nous avons la certitude que la Coronavirus existe bel et bien. C\u2019est dommage que certains tardent \u00e0 croire \u00e0 ce fl\u00e9au. Avant notre hospitalisation, nous avons fait nos testes et il a \u00e9t\u00e9 prouv\u00e9 qu\u2019on n\u2019avait pas le Coronavirus. Mais lors de l\u2019hospitalisation, on s\u2019est vraiment rendu compte de l\u2019effectivit\u00e9 de cette pand\u00e9mie\u00a0\u00bb, dit-il. Et de pr\u00e9venir\u00a0:\u00a0\u00ab\u00a0(\u2026) Fort de tout ce que j\u2019ai, vu, j\u2019exige le strict respect des mesures barri\u00e8res, notamment\u00a0: le port obligatoire des masques, le respect de la distanciation entre nous dans la mosqu\u00e9e, le lavage obligatoire des mains et l\u2019interdiction strict de se serrer les mains\u00a0\u00bb, note Diomand\u00e9 Almamy. Qui se propose de faire des s\u00e9ances de sensibilisations. \u00ab(\u2026) Je veux vraiment prendre part aux sensibilisations des populations contre \u00a0cette pand\u00e9mie qui continue de faire des ravages au plan mondial. Nous devons prendre soin de nous-m\u00eames, et prendre soin des autres. Vraiment nous souhaitons faire partie des agents sensibilisateurs contre cette pand\u00e9mie\u00a0\u00bb, explique imam Diomand\u00e9. Qui formule des b\u00e9n\u00e9dictions pour la fin de cette maladie et prompt r\u00e9tablissement \u00e0 tous ceux qui en souffrent.<\/p>\n","protected":false},"excerpt":{"rendered":"<p>Le Coronavirus n\u2019est pas une fiction, encore moins une illusion, ou quelque chose d\u2019inventer pour distraire le monde. C\u2019est une r\u00e9alit\u00e9 qui tue tr\u00e8s mal. La maladie existe. Point n\u2019est besoin de douter. Faites un tour dans les diff\u00e9rents CHU pour s\u2019en convaincre. Le petit temps que nous y avons fait, nous avons eu l\u2019occasion [&hellip;]<\/p>\n","protected":false},"author":2,"featured_media":1390,"comment_status":"open","ping_status":"open","sticky":true,"template":"","format":"standard","meta":{"_acf_changed":false,"footnotes":""},"categories":[],"tags":[],"class_list":["post-1389","post","type-post","status-publish","format-standard","has-post-thumbnail","hentry"],"acf":[],"yoast_head":"<!-- This site is optimized with the Yoast SEO plugin v27.5 - https:\/\/yoast.com\/product\/yoast-seo-wordpress\/ -->\n<title>Sensibilisation sur la pand\u00e9mie du Coronavirus: L\u2019imam de la mosqu\u00e9e Moudjahidine monte au cr\u00e9neau - Amanien| L&#039;actualit\u00e9 Ivoirienne et Internationale<\/title>\n<meta name=\"robots\" content=\"index, follow, max-snippet:-1, max-image-preview:large, max-video-preview:-1\" \/>\n<link rel=\"canonical\" href=\"https:\/\/www.amanien.info\/news\/sensibilisation-sur-la-pandemie-du-coronavirus-limam-de-la-mosquee-moudjahidine-monte-au-creneau\/\" \/>\n<meta property=\"og:locale\" content=\"fr_FR\" \/>\n<meta property=\"og:type\" content=\"article\" \/>\n<meta property=\"og:title\" content=\"Sensibilisation sur la pand\u00e9mie du Coronavirus: L\u2019imam de la mosqu\u00e9e Moudjahidine monte au cr\u00e9neau - Amanien| L&#039;actualit\u00e9 Ivoirienne et Internationale\" \/>\n<meta property=\"og:description\" content=\"Le Coronavirus n\u2019est pas une fiction, encore moins une illusion, ou quelque chose d\u2019inventer pour distraire le monde. C\u2019est une r\u00e9alit\u00e9 qui tue tr\u00e8s mal. La maladie existe. Point n\u2019est besoin de douter. Faites un tour dans les diff\u00e9rents CHU pour s\u2019en convaincre. Le petit temps que nous y avons fait, nous avons eu l\u2019occasion [&hellip;]\" \/>\n<meta property=\"og:url\" content=\"https:\/\/www.amanien.info\/news\/sensibilisation-sur-la-pandemie-du-coronavirus-limam-de-la-mosquee-moudjahidine-monte-au-creneau\/\" \/>\n<meta property=\"og:site_name\" content=\"Amanien| L&#039;actualit\u00e9 Ivoirienne et Internationale\" \/>\n<meta property=\"article:published_time\" content=\"2020-06-28T12:51:27+00:00\" \/>\n<meta property=\"article:modified_time\" content=\"2020-06-28T12:51:42+00:00\" \/>\n<meta property=\"og:image\" content=\"https:\/\/www.amanien.info\/news\/wp-content\/uploads\/2020\/06\/thumbnail-1-1.jpg\" \/>\n\t<meta property=\"og:image:width\" content=\"1080\" \/>\n\t<meta property=\"og:image:height\" content=\"810\" \/>\n\t<meta property=\"og:image:type\" content=\"image\/jpeg\" \/>\n<meta name=\"author\" content=\"Germain Ndri\" \/>\n<meta name=\"twitter:card\" content=\"summary_large_image\" \/>\n<meta name=\"twitter:label1\" content=\"\u00c9crit par\" \/>\n\t<meta name=\"twitter:data1\" content=\"Germain Ndri\" \/>\n\t<meta name=\"twitter:label2\" content=\"Dur\u00e9e de lecture estim\u00e9e\" \/>\n\t<meta name=\"twitter:data2\" content=\"2 minutes\" \/>\n<script type=\"application\/ld+json\" class=\"yoast-schema-graph\">{\"@context\":\"https:\\\/\\\/schema.org\",\"@graph\":[{\"@type\":\"Article\",\"@id\":\"https:\\\/\\\/www.amanien.info\\\/news\\\/sensibilisation-sur-la-pandemie-du-coronavirus-limam-de-la-mosquee-moudjahidine-monte-au-creneau\\\/#article\",\"isPartOf\":{\"@id\":\"https:\\\/\\\/www.amanien.info\\\/news\\\/sensibilisation-sur-la-pandemie-du-coronavirus-limam-de-la-mosquee-moudjahidine-monte-au-creneau\\\/\"},\"author\":{\"name\":\"Germain Ndri\",\"@id\":\"https:\\\/\\\/www.amanien.info\\\/news\\\/#\\\/schema\\\/person\\\/b21093345753a1a98242d505bd894f42\"},\"headline\":\"Sensibilisation sur la pand\u00e9mie du Coronavirus: L\u2019imam de la mosqu\u00e9e Moudjahidine monte au cr\u00e9neau\",\"datePublished\":\"2020-06-28T12:51:27+00:00\",\"dateModified\":\"2020-06-28T12:51:42+00:00\",\"mainEntityOfPage\":{\"@id\":\"https:\\\/\\\/www.amanien.info\\\/news\\\/sensibilisation-sur-la-pandemie-du-coronavirus-limam-de-la-mosquee-moudjahidine-monte-au-creneau\\\/\"},\"wordCount\":324,\"commentCount\":0,\"image\":{\"@id\":\"https:\\\/\\\/www.amanien.info\\\/news\\\/sensibilisation-sur-la-pandemie-du-coronavirus-limam-de-la-mosquee-moudjahidine-monte-au-creneau\\\/#primaryimage\"},\"thumbnailUrl\":\"https:\\\/\\\/www.amanien.info\\\/news\\\/wp-content\\\/uploads\\\/2020\\\/06\\\/thumbnail-1-1.jpg\",\"inLanguage\":\"fr-FR\"},{\"@type\":\"WebPage\",\"@id\":\"https:\\\/\\\/www.amanien.info\\\/news\\\/sensibilisation-sur-la-pandemie-du-coronavirus-limam-de-la-mosquee-moudjahidine-monte-au-creneau\\\/\",\"url\":\"https:\\\/\\\/www.amanien.info\\\/news\\\/sensibilisation-sur-la-pandemie-du-coronavirus-limam-de-la-mosquee-moudjahidine-monte-au-creneau\\\/\",\"name\":\"Sensibilisation sur la pand\u00e9mie du Coronavirus: L\u2019imam de la mosqu\u00e9e Moudjahidine monte au cr\u00e9neau - Amanien| L&#039;actualit\u00e9 Ivoirienne et Internationale\",\"isPartOf\":{\"@id\":\"https:\\\/\\\/www.amanien.info\\\/news\\\/#website\"},\"primaryImageOfPage\":{\"@id\":\"https:\\\/\\\/www.amanien.info\\\/news\\\/sensibilisation-sur-la-pandemie-du-coronavirus-limam-de-la-mosquee-moudjahidine-monte-au-creneau\\\/#primaryimage\"},\"image\":{\"@id\":\"https:\\\/\\\/www.amanien.info\\\/news\\\/sensibilisation-sur-la-pandemie-du-coronavirus-limam-de-la-mosquee-moudjahidine-monte-au-creneau\\\/#primaryimage\"},\"thumbnailUrl\":\"https:\\\/\\\/www.amanien.info\\\/news\\\/wp-content\\\/uploads\\\/2020\\\/06\\\/thumbnail-1-1.jpg\",\"datePublished\":\"2020-06-28T12:51:27+00:00\",\"dateModified\":\"2020-06-28T12:51:42+00:00\",\"author\":{\"@id\":\"https:\\\/\\\/www.amanien.info\\\/news\\\/#\\\/schema\\\/person\\\/b21093345753a1a98242d505bd894f42\"},\"breadcrumb\":{\"@id\":\"https:\\\/\\\/www.amanien.info\\\/news\\\/sensibilisation-sur-la-pandemie-du-coronavirus-limam-de-la-mosquee-moudjahidine-monte-au-creneau\\\/#breadcrumb\"},\"inLanguage\":\"fr-FR\",\"potentialAction\":[{\"@type\":\"ReadAction\",\"target\":[\"https:\\\/\\\/www.amanien.info\\\/news\\\/sensibilisation-sur-la-pandemie-du-coronavirus-limam-de-la-mosquee-moudjahidine-monte-au-creneau\\\/\"]}]},{\"@type\":\"ImageObject\",\"inLanguage\":\"fr-FR\",\"@id\":\"https:\\\/\\\/www.amanien.info\\\/news\\\/sensibilisation-sur-la-pandemie-du-coronavirus-limam-de-la-mosquee-moudjahidine-monte-au-creneau\\\/#primaryimage\",\"url\":\"https:\\\/\\\/www.amanien.info\\\/news\\\/wp-content\\\/uploads\\\/2020\\\/06\\\/thumbnail-1-1.jpg\",\"contentUrl\":\"https:\\\/\\\/www.amanien.info\\\/news\\\/wp-content\\\/uploads\\\/2020\\\/06\\\/thumbnail-1-1.jpg\",\"width\":1080,\"height\":810},{\"@type\":\"BreadcrumbList\",\"@id\":\"https:\\\/\\\/www.amanien.info\\\/news\\\/sensibilisation-sur-la-pandemie-du-coronavirus-limam-de-la-mosquee-moudjahidine-monte-au-creneau\\\/#breadcrumb\",\"itemListElement\":[{\"@type\":\"ListItem\",\"position\":1,\"name\":\"Accueil\",\"item\":\"https:\\\/\\\/www.amanien.info\\\/news\\\/\"},{\"@type\":\"ListItem\",\"position\":2,\"name\":\"Sensibilisation sur la pand\u00e9mie du Coronavirus: L\u2019imam de la mosqu\u00e9e Moudjahidine monte au cr\u00e9neau\"}]},{\"@type\":\"WebSite\",\"@id\":\"https:\\\/\\\/www.amanien.info\\\/news\\\/#website\",\"url\":\"https:\\\/\\\/www.amanien.info\\\/news\\\/\",\"name\":\"Amanien| L&#039;actualit\u00e9 Ivoirienne et Internationale\",\"description\":\"L&#039;actualit\u00e9 Ivoirienne et Internationale\",\"potentialAction\":[{\"@type\":\"SearchAction\",\"target\":{\"@type\":\"EntryPoint\",\"urlTemplate\":\"https:\\\/\\\/www.amanien.info\\\/news\\\/?s={search_term_string}\"},\"query-input\":{\"@type\":\"PropertyValueSpecification\",\"valueRequired\":true,\"valueName\":\"search_term_string\"}}],\"inLanguage\":\"fr-FR\"},{\"@type\":\"Person\",\"@id\":\"https:\\\/\\\/www.amanien.info\\\/news\\\/#\\\/schema\\\/person\\\/b21093345753a1a98242d505bd894f42\",\"name\":\"Germain Ndri\",\"url\":\"https:\\\/\\\/www.amanien.info\\\/news\\\/author\\\/amanien-infos\\\/\"}]}<\/script>\n<!-- \/ Yoast SEO plugin. -->","yoast_head_json":{"title":"Sensibilisation sur la pand\u00e9mie du Coronavirus: L\u2019imam de la mosqu\u00e9e Moudjahidine monte au cr\u00e9neau - Amanien| L&#039;actualit\u00e9 Ivoirienne et Internationale","robots":{"index":"index","follow":"follow","max-snippet":"max-snippet:-1","max-image-preview":"max-image-preview:large","max-video-preview":"max-video-preview:-1"},"canonical":"https:\/\/www.amanien.info\/news\/sensibilisation-sur-la-pandemie-du-coronavirus-limam-de-la-mosquee-moudjahidine-monte-au-creneau\/","og_locale":"fr_FR","og_type":"article","og_title":"Sensibilisation sur la pand\u00e9mie du Coronavirus: L\u2019imam de la mosqu\u00e9e Moudjahidine monte au cr\u00e9neau - Amanien| L&#039;actualit\u00e9 Ivoirienne et Internationale","og_description":"Le Coronavirus n\u2019est pas une fiction, encore moins une illusion, ou quelque chose d\u2019inventer pour distraire le monde. C\u2019est une r\u00e9alit\u00e9 qui tue tr\u00e8s mal. La maladie existe. Point n\u2019est besoin de douter. Faites un tour dans les diff\u00e9rents CHU pour s\u2019en convaincre. Le petit temps que nous y avons fait, nous avons eu l\u2019occasion [&hellip;]","og_url":"https:\/\/www.amanien.info\/news\/sensibilisation-sur-la-pandemie-du-coronavirus-limam-de-la-mosquee-moudjahidine-monte-au-creneau\/","og_site_name":"Amanien| L&#039;actualit\u00e9 Ivoirienne et Internationale","article_published_time":"2020-06-28T12:51:27+00:00","article_modified_time":"2020-06-28T12:51:42+00:00","og_image":[{"width":1080,"height":810,"url":"https:\/\/www.amanien.info\/news\/wp-content\/uploads\/2020\/06\/thumbnail-1-1.jpg","type":"image\/jpeg"}],"author":"Germain Ndri","twitter_card":"summary_large_image","twitter_misc":{"\u00c9crit par":"Germain Ndri","Dur\u00e9e de lecture estim\u00e9e":"2 minutes"},"schema":{"@context":"https:\/\/schema.org","@graph":[{"@type":"Article","@id":"https:\/\/www.amanien.info\/news\/sensibilisation-sur-la-pandemie-du-coronavirus-limam-de-la-mosquee-moudjahidine-monte-au-creneau\/#article","isPartOf":{"@id":"https:\/\/www.amanien.info\/news\/sensibilisation-sur-la-pandemie-du-coronavirus-limam-de-la-mosquee-moudjahidine-monte-au-creneau\/"},"author":{"name":"Germain Ndri","@id":"https:\/\/www.amanien.info\/news\/#\/schema\/person\/b21093345753a1a98242d505bd894f42"},"headline":"Sensibilisation sur la pand\u00e9mie du Coronavirus: L\u2019imam de la mosqu\u00e9e Moudjahidine monte au cr\u00e9neau","datePublished":"2020-06-28T12:51:27+00:00","dateModified":"2020-06-28T12:51:42+00:00","mainEntityOfPage":{"@id":"https:\/\/www.amanien.info\/news\/sensibilisation-sur-la-pandemie-du-coronavirus-limam-de-la-mosquee-moudjahidine-monte-au-creneau\/"},"wordCount":324,"commentCount":0,"image":{"@id":"https:\/\/www.amanien.info\/news\/sensibilisation-sur-la-pandemie-du-coronavirus-limam-de-la-mosquee-moudjahidine-monte-au-creneau\/#primaryimage"},"thumbnailUrl":"https:\/\/www.amanien.info\/news\/wp-content\/uploads\/2020\/06\/thumbnail-1-1.jpg","inLanguage":"fr-FR"},{"@type":"WebPage","@id":"https:\/\/www.amanien.info\/news\/sensibilisation-sur-la-pandemie-du-coronavirus-limam-de-la-mosquee-moudjahidine-monte-au-creneau\/","url":"https:\/\/www.amanien.info\/news\/sensibilisation-sur-la-pandemie-du-coronavirus-limam-de-la-mosquee-moudjahidine-monte-au-creneau\/","name":"Sensibilisation sur la pand\u00e9mie du Coronavirus: L\u2019imam de la mosqu\u00e9e Moudjahidine monte au cr\u00e9neau - Amanien| L&#039;actualit\u00e9 Ivoirienne et Internationale","isPartOf":{"@id":"https:\/\/www.amanien.info\/news\/#website"},"primaryImageOfPage":{"@id":"https:\/\/www.amanien.info\/news\/sensibilisation-sur-la-pandemie-du-coronavirus-limam-de-la-mosquee-moudjahidine-monte-au-creneau\/#primaryimage"},"image":{"@id":"https:\/\/www.amanien.info\/news\/sensibilisation-sur-la-pandemie-du-coronavirus-limam-de-la-mosquee-moudjahidine-monte-au-creneau\/#primaryimage"},"thumbnailUrl":"https:\/\/www.amanien.info\/news\/wp-content\/uploads\/2020\/06\/thumbnail-1-1.jpg","datePublished":"2020-06-28T12:51:27+00:00","dateModified":"2020-06-28T12:51:42+00:00","author":{"@id":"https:\/\/www.amanien.info\/news\/#\/schema\/person\/b21093345753a1a98242d505bd894f42"},"breadcrumb":{"@id":"https:\/\/www.amanien.info\/news\/sensibilisation-sur-la-pandemie-du-coronavirus-limam-de-la-mosquee-moudjahidine-monte-au-creneau\/#breadcrumb"},"inLanguage":"fr-FR","potentialAction":[{"@type":"ReadAction","target":["https:\/\/www.amanien.info\/news\/sensibilisation-sur-la-pandemie-du-coronavirus-limam-de-la-mosquee-moudjahidine-monte-au-creneau\/"]}]},{"@type":"ImageObject","inLanguage":"fr-FR","@id":"https:\/\/www.amanien.info\/news\/sensibilisation-sur-la-pandemie-du-coronavirus-limam-de-la-mosquee-moudjahidine-monte-au-creneau\/#primaryimage","url":"https:\/\/www.amanien.info\/news\/wp-content\/uploads\/2020\/06\/thumbnail-1-1.jpg","contentUrl":"https:\/\/www.amanien.info\/news\/wp-content\/uploads\/2020\/06\/thumbnail-1-1.jpg","width":1080,"height":810},{"@type":"BreadcrumbList","@id":"https:\/\/www.amanien.info\/news\/sensibilisation-sur-la-pandemie-du-coronavirus-limam-de-la-mosquee-moudjahidine-monte-au-creneau\/#breadcrumb","itemListElement":[{"@type":"ListItem","position":1,"name":"Accueil","item":"https:\/\/www.amanien.info\/news\/"},{"@type":"ListItem","position":2,"name":"Sensibilisation sur la pand\u00e9mie du Coronavirus: L\u2019imam de la mosqu\u00e9e Moudjahidine monte au cr\u00e9neau"}]},{"@type":"WebSite","@id":"https:\/\/www.amanien.info\/news\/#website","url":"https:\/\/www.amanien.info\/news\/","name":"Amanien| L&#039;actualit\u00e9 Ivoirienne et Internationale","description":"L&#039;actualit\u00e9 Ivoirienne et Internationale","potentialAction":[{"@type":"SearchAction","target":{"@type":"EntryPoint","urlTemplate":"https:\/\/www.amanien.info\/news\/?s={search_term_string}"},"query-input":{"@type":"PropertyValueSpecification","valueRequired":true,"valueName":"search_term_string"}}],"inLanguage":"fr-FR"},{"@type":"Person","@id":"https:\/\/www.amanien.info\/news\/#\/schema\/person\/b21093345753a1a98242d505bd894f42","name":"Germain Ndri","url":"https:\/\/www.amanien.info\/news\/author\/amanien-infos\/"}]}},"_links":{"self":[{"href":"https:\/\/www.amanien.info\/news\/wp-json\/wp\/v2\/posts\/1389","targetHints":{"allow":["GET"]}}],"collection":[{"href":"https:\/\/www.amanien.info\/news\/wp-json\/wp\/v2\/posts"}],"about":[{"href":"https:\/\/www.amanien.info\/news\/wp-json\/wp\/v2\/types\/post"}],"author":[{"embeddable":true,"href":"https:\/\/www.amanien.info\/news\/wp-json\/wp\/v2\/users\/2"}],"replies":[{"embeddable":true,"href":"https:\/\/www.amanien.info\/news\/wp-json\/wp\/v2\/comments?post=1389"}],"version-history":[{"count":0,"href":"https:\/\/www.amanien.info\/news\/wp-json\/wp\/v2\/posts\/1389\/revisions"}],"wp:featuredmedia":[{"embeddable":true,"href":"https:\/\/www.amanien.info\/news\/wp-json\/wp\/v2\/media\/1390"}],"wp:attachment":[{"href":"https:\/\/www.amanien.info\/news\/wp-json\/wp\/v2\/media?parent=1389"}],"wp:term":[{"taxonomy":"category","embeddable":true,"href":"https:\/\/www.amanien.info\/news\/wp-json\/wp\/v2\/categories?post=1389"},{"taxonomy":"post_tag","embeddable":true,"href":"https:\/\/www.amanien.info\/news\/wp-json\/wp\/v2\/tags?post=1389"}],"curies":[{"name":"wp","href":"https:\/\/api.w.org\/{rel}","templated":true}]}}