{"id":1386,"date":"2020-06-28T14:48:29","date_gmt":"2020-06-28T12:48:29","guid":{"rendered":"http:\/\/https:\/\/zozo.buyee.jp\/\/news\/?p=1386"},"modified":"2020-06-28T14:48:45","modified_gmt":"2020-06-28T12:48:45","slug":"lutte-contre-le-coronavirus-laddad-ci-sengage-sur-plusieurs-fronts","status":"publish","type":"post","link":"https:\/\/www.amanien.info\/news\/lutte-contre-le-coronavirus-laddad-ci-sengage-sur-plusieurs-fronts\/","title":{"rendered":"Lutte contre le Coronavirus: L\u2019ADDAD \u2013CI s\u2019engage sur plusieurs fronts"},"content":{"rendered":"<p>En raison du nombre de cas qui augmente tous les jours, la lutte contre la pand\u00e9mie du Coronavirus s\u2019intensifie. C\u2019est dans cette optique \u00a0que l\u2019Association de d\u00e9fense des droits des aides m\u00e9nag\u00e8res et domestiques de C\u00f4te d\u2019Ivoire (ADDAD-CI), dont les destin\u00e9es sont pr\u00e9sid\u00e9es par Y\u00e9tignan Coulibaly Awa, est sur le terrain depuis plus de deux semaines. Et ce, dans toutes les communes de Treichville, Yopougon, Adjam\u00e9, Abobo et Port-Bou\u00e9t. Sa sensibilisation vise mille (1000) m\u00e9nages. D\u00e9j\u00e0, ce sont plus de cinq cent (500) m\u00e9nages qui ont \u00e9t\u00e9 sensibilis\u00e9s contre cette pand\u00e9mie qui ne cesse de d\u00e9frayer la chronique nationale et internationale. Dans leurs phases de sensibilisations, les membres de l\u2019Addad-CI, exigent le strict respect des mesures barri\u00e8res, notamment\u00a0: se laver r\u00e9guli\u00e8rement les mains, tousser ou \u00e9ternuer dans son coude ou dans un mouchoir, utiliser un mouchoir \u00e0 usage unique et le jeter, saluer sans se serrer les mains, \u00e9viter les embrassades. Sans oublier le respect de la distanciation d\u2019un (01) m\u00e8tre. Outre ces conseils d\u2019usages, les responsables de cette organisation proc\u00e8dent \u00e0 des distributions de gel hydro alcooliques, et des cache \u2013nez. L\u2019Association de d\u00e9fense des droits des aides m\u00e9nag\u00e8res et domestiques, il faut le rappeler, a vu le jour en 2015. Elle a pour missions, entre autres de lutter pour la d\u00e9fense des droits des aides m\u00e9nag\u00e8res, sensibiliser leurs patronnes sur leurs droits en faisant savoir \u00e0 ces derni\u00e8res que le travail des aides m\u00e9nag\u00e8res est un travail d\u00e9cent. Et par cons\u00e9quent, il faut \u00e9viter de les maltraiter et de les brimer. \u2018\u2019 Stop aux violences de tous genres apparait en lettre de feu comme leur slogan\u2019\u2019. A ce jour, cette structure se dit pr\u00e9occup\u00e9e par le Coronavirus et en fait son cheval de bataille. \u00ab(\u2026) Nous voulons vraiment bouter cette pand\u00e9mie hors de nos fronti\u00e8res\u00a0\u00bb, note Coulibaly Awa Y\u00e9tignan.<\/p>\n","protected":false},"excerpt":{"rendered":"<p>En raison du nombre de cas qui augmente tous les jours, la lutte contre la pand\u00e9mie du Coronavirus s\u2019intensifie. C\u2019est dans cette optique \u00a0que l\u2019Association de d\u00e9fense des droits des aides m\u00e9nag\u00e8res et domestiques de C\u00f4te d\u2019Ivoire (ADDAD-CI), dont les destin\u00e9es sont pr\u00e9sid\u00e9es par Y\u00e9tignan Coulibaly Awa, est sur le terrain depuis plus de deux [&hellip;]<\/p>\n","protected":false},"author":2,"featured_media":1387,"comment_status":"open","ping_status":"open","sticky":true,"template":"","format":"standard","meta":{"_acf_changed":false,"footnotes":""},"categories":[],"tags":[],"class_list":["post-1386","post","type-post","status-publish","format-standard","has-post-thumbnail","hentry"],"acf":[],"yoast_head":"<!-- This site is optimized with the Yoast SEO plugin v27.5 - https:\/\/yoast.com\/product\/yoast-seo-wordpress\/ -->\n<title>Lutte contre le Coronavirus: L\u2019ADDAD \u2013CI s\u2019engage sur plusieurs fronts - Amanien| L&#039;actualit\u00e9 Ivoirienne et Internationale<\/title>\n<meta name=\"robots\" content=\"index, follow, max-snippet:-1, max-image-preview:large, max-video-preview:-1\" \/>\n<link rel=\"canonical\" href=\"https:\/\/www.amanien.info\/news\/lutte-contre-le-coronavirus-laddad-ci-sengage-sur-plusieurs-fronts\/\" \/>\n<meta property=\"og:locale\" content=\"fr_FR\" \/>\n<meta property=\"og:type\" content=\"article\" \/>\n<meta property=\"og:title\" content=\"Lutte contre le Coronavirus: L\u2019ADDAD \u2013CI s\u2019engage sur plusieurs fronts - Amanien| L&#039;actualit\u00e9 Ivoirienne et Internationale\" \/>\n<meta property=\"og:description\" content=\"En raison du nombre de cas qui augmente tous les jours, la lutte contre la pand\u00e9mie du Coronavirus s\u2019intensifie. C\u2019est dans cette optique \u00a0que l\u2019Association de d\u00e9fense des droits des aides m\u00e9nag\u00e8res et domestiques de C\u00f4te d\u2019Ivoire (ADDAD-CI), dont les destin\u00e9es sont pr\u00e9sid\u00e9es par Y\u00e9tignan Coulibaly Awa, est sur le terrain depuis plus de deux [&hellip;]\" \/>\n<meta property=\"og:url\" content=\"https:\/\/www.amanien.info\/news\/lutte-contre-le-coronavirus-laddad-ci-sengage-sur-plusieurs-fronts\/\" \/>\n<meta property=\"og:site_name\" content=\"Amanien| L&#039;actualit\u00e9 Ivoirienne et Internationale\" \/>\n<meta property=\"article:published_time\" content=\"2020-06-28T12:48:29+00:00\" \/>\n<meta property=\"article:modified_time\" content=\"2020-06-28T12:48:45+00:00\" \/>\n<meta property=\"og:image\" content=\"https:\/\/www.amanien.info\/news\/wp-content\/uploads\/2020\/06\/thumbnail-2.jpg\" \/>\n\t<meta property=\"og:image:width\" content=\"1080\" \/>\n\t<meta property=\"og:image:height\" content=\"810\" \/>\n\t<meta property=\"og:image:type\" content=\"image\/jpeg\" \/>\n<meta name=\"author\" content=\"Germain Ndri\" \/>\n<meta name=\"twitter:card\" content=\"summary_large_image\" \/>\n<meta name=\"twitter:label1\" content=\"\u00c9crit par\" \/>\n\t<meta name=\"twitter:data1\" content=\"Germain Ndri\" \/>\n\t<meta name=\"twitter:label2\" content=\"Dur\u00e9e de lecture estim\u00e9e\" \/>\n\t<meta name=\"twitter:data2\" content=\"2 minutes\" \/>\n<script type=\"application\/ld+json\" class=\"yoast-schema-graph\">{\"@context\":\"https:\\\/\\\/schema.org\",\"@graph\":[{\"@type\":\"Article\",\"@id\":\"https:\\\/\\\/www.amanien.info\\\/news\\\/lutte-contre-le-coronavirus-laddad-ci-sengage-sur-plusieurs-fronts\\\/#article\",\"isPartOf\":{\"@id\":\"https:\\\/\\\/www.amanien.info\\\/news\\\/lutte-contre-le-coronavirus-laddad-ci-sengage-sur-plusieurs-fronts\\\/\"},\"author\":{\"name\":\"Germain Ndri\",\"@id\":\"https:\\\/\\\/www.amanien.info\\\/news\\\/#\\\/schema\\\/person\\\/b21093345753a1a98242d505bd894f42\"},\"headline\":\"Lutte contre le Coronavirus: L\u2019ADDAD \u2013CI s\u2019engage sur plusieurs fronts\",\"datePublished\":\"2020-06-28T12:48:29+00:00\",\"dateModified\":\"2020-06-28T12:48:45+00:00\",\"mainEntityOfPage\":{\"@id\":\"https:\\\/\\\/www.amanien.info\\\/news\\\/lutte-contre-le-coronavirus-laddad-ci-sengage-sur-plusieurs-fronts\\\/\"},\"wordCount\":349,\"commentCount\":0,\"image\":{\"@id\":\"https:\\\/\\\/www.amanien.info\\\/news\\\/lutte-contre-le-coronavirus-laddad-ci-sengage-sur-plusieurs-fronts\\\/#primaryimage\"},\"thumbnailUrl\":\"https:\\\/\\\/www.amanien.info\\\/news\\\/wp-content\\\/uploads\\\/2020\\\/06\\\/thumbnail-2.jpg\",\"inLanguage\":\"fr-FR\"},{\"@type\":\"WebPage\",\"@id\":\"https:\\\/\\\/www.amanien.info\\\/news\\\/lutte-contre-le-coronavirus-laddad-ci-sengage-sur-plusieurs-fronts\\\/\",\"url\":\"https:\\\/\\\/www.amanien.info\\\/news\\\/lutte-contre-le-coronavirus-laddad-ci-sengage-sur-plusieurs-fronts\\\/\",\"name\":\"Lutte contre le Coronavirus: L\u2019ADDAD \u2013CI s\u2019engage sur plusieurs fronts - Amanien| L&#039;actualit\u00e9 Ivoirienne et Internationale\",\"isPartOf\":{\"@id\":\"https:\\\/\\\/www.amanien.info\\\/news\\\/#website\"},\"primaryImageOfPage\":{\"@id\":\"https:\\\/\\\/www.amanien.info\\\/news\\\/lutte-contre-le-coronavirus-laddad-ci-sengage-sur-plusieurs-fronts\\\/#primaryimage\"},\"image\":{\"@id\":\"https:\\\/\\\/www.amanien.info\\\/news\\\/lutte-contre-le-coronavirus-laddad-ci-sengage-sur-plusieurs-fronts\\\/#primaryimage\"},\"thumbnailUrl\":\"https:\\\/\\\/www.amanien.info\\\/news\\\/wp-content\\\/uploads\\\/2020\\\/06\\\/thumbnail-2.jpg\",\"datePublished\":\"2020-06-28T12:48:29+00:00\",\"dateModified\":\"2020-06-28T12:48:45+00:00\",\"author\":{\"@id\":\"https:\\\/\\\/www.amanien.info\\\/news\\\/#\\\/schema\\\/person\\\/b21093345753a1a98242d505bd894f42\"},\"breadcrumb\":{\"@id\":\"https:\\\/\\\/www.amanien.info\\\/news\\\/lutte-contre-le-coronavirus-laddad-ci-sengage-sur-plusieurs-fronts\\\/#breadcrumb\"},\"inLanguage\":\"fr-FR\",\"potentialAction\":[{\"@type\":\"ReadAction\",\"target\":[\"https:\\\/\\\/www.amanien.info\\\/news\\\/lutte-contre-le-coronavirus-laddad-ci-sengage-sur-plusieurs-fronts\\\/\"]}]},{\"@type\":\"ImageObject\",\"inLanguage\":\"fr-FR\",\"@id\":\"https:\\\/\\\/www.amanien.info\\\/news\\\/lutte-contre-le-coronavirus-laddad-ci-sengage-sur-plusieurs-fronts\\\/#primaryimage\",\"url\":\"https:\\\/\\\/www.amanien.info\\\/news\\\/wp-content\\\/uploads\\\/2020\\\/06\\\/thumbnail-2.jpg\",\"contentUrl\":\"https:\\\/\\\/www.amanien.info\\\/news\\\/wp-content\\\/uploads\\\/2020\\\/06\\\/thumbnail-2.jpg\",\"width\":1080,\"height\":810},{\"@type\":\"BreadcrumbList\",\"@id\":\"https:\\\/\\\/www.amanien.info\\\/news\\\/lutte-contre-le-coronavirus-laddad-ci-sengage-sur-plusieurs-fronts\\\/#breadcrumb\",\"itemListElement\":[{\"@type\":\"ListItem\",\"position\":1,\"name\":\"Accueil\",\"item\":\"https:\\\/\\\/www.amanien.info\\\/news\\\/\"},{\"@type\":\"ListItem\",\"position\":2,\"name\":\"Lutte contre le Coronavirus: L\u2019ADDAD \u2013CI s\u2019engage sur plusieurs fronts\"}]},{\"@type\":\"WebSite\",\"@id\":\"https:\\\/\\\/www.amanien.info\\\/news\\\/#website\",\"url\":\"https:\\\/\\\/www.amanien.info\\\/news\\\/\",\"name\":\"Amanien| L&#039;actualit\u00e9 Ivoirienne et Internationale\",\"description\":\"L&#039;actualit\u00e9 Ivoirienne et Internationale\",\"potentialAction\":[{\"@type\":\"SearchAction\",\"target\":{\"@type\":\"EntryPoint\",\"urlTemplate\":\"https:\\\/\\\/www.amanien.info\\\/news\\\/?s={search_term_string}\"},\"query-input\":{\"@type\":\"PropertyValueSpecification\",\"valueRequired\":true,\"valueName\":\"search_term_string\"}}],\"inLanguage\":\"fr-FR\"},{\"@type\":\"Person\",\"@id\":\"https:\\\/\\\/www.amanien.info\\\/news\\\/#\\\/schema\\\/person\\\/b21093345753a1a98242d505bd894f42\",\"name\":\"Germain Ndri\",\"url\":\"https:\\\/\\\/www.amanien.info\\\/news\\\/author\\\/amanien-infos\\\/\"}]}<\/script>\n<!-- \/ Yoast SEO plugin. -->","yoast_head_json":{"title":"Lutte contre le Coronavirus: L\u2019ADDAD \u2013CI s\u2019engage sur plusieurs fronts - Amanien| L&#039;actualit\u00e9 Ivoirienne et Internationale","robots":{"index":"index","follow":"follow","max-snippet":"max-snippet:-1","max-image-preview":"max-image-preview:large","max-video-preview":"max-video-preview:-1"},"canonical":"https:\/\/www.amanien.info\/news\/lutte-contre-le-coronavirus-laddad-ci-sengage-sur-plusieurs-fronts\/","og_locale":"fr_FR","og_type":"article","og_title":"Lutte contre le Coronavirus: L\u2019ADDAD \u2013CI s\u2019engage sur plusieurs fronts - Amanien| L&#039;actualit\u00e9 Ivoirienne et Internationale","og_description":"En raison du nombre de cas qui augmente tous les jours, la lutte contre la pand\u00e9mie du Coronavirus s\u2019intensifie. C\u2019est dans cette optique \u00a0que l\u2019Association de d\u00e9fense des droits des aides m\u00e9nag\u00e8res et domestiques de C\u00f4te d\u2019Ivoire (ADDAD-CI), dont les destin\u00e9es sont pr\u00e9sid\u00e9es par Y\u00e9tignan Coulibaly Awa, est sur le terrain depuis plus de deux [&hellip;]","og_url":"https:\/\/www.amanien.info\/news\/lutte-contre-le-coronavirus-laddad-ci-sengage-sur-plusieurs-fronts\/","og_site_name":"Amanien| L&#039;actualit\u00e9 Ivoirienne et Internationale","article_published_time":"2020-06-28T12:48:29+00:00","article_modified_time":"2020-06-28T12:48:45+00:00","og_image":[{"width":1080,"height":810,"url":"https:\/\/www.amanien.info\/news\/wp-content\/uploads\/2020\/06\/thumbnail-2.jpg","type":"image\/jpeg"}],"author":"Germain Ndri","twitter_card":"summary_large_image","twitter_misc":{"\u00c9crit par":"Germain Ndri","Dur\u00e9e de lecture estim\u00e9e":"2 minutes"},"schema":{"@context":"https:\/\/schema.org","@graph":[{"@type":"Article","@id":"https:\/\/www.amanien.info\/news\/lutte-contre-le-coronavirus-laddad-ci-sengage-sur-plusieurs-fronts\/#article","isPartOf":{"@id":"https:\/\/www.amanien.info\/news\/lutte-contre-le-coronavirus-laddad-ci-sengage-sur-plusieurs-fronts\/"},"author":{"name":"Germain Ndri","@id":"https:\/\/www.amanien.info\/news\/#\/schema\/person\/b21093345753a1a98242d505bd894f42"},"headline":"Lutte contre le Coronavirus: L\u2019ADDAD \u2013CI s\u2019engage sur plusieurs fronts","datePublished":"2020-06-28T12:48:29+00:00","dateModified":"2020-06-28T12:48:45+00:00","mainEntityOfPage":{"@id":"https:\/\/www.amanien.info\/news\/lutte-contre-le-coronavirus-laddad-ci-sengage-sur-plusieurs-fronts\/"},"wordCount":349,"commentCount":0,"image":{"@id":"https:\/\/www.amanien.info\/news\/lutte-contre-le-coronavirus-laddad-ci-sengage-sur-plusieurs-fronts\/#primaryimage"},"thumbnailUrl":"https:\/\/www.amanien.info\/news\/wp-content\/uploads\/2020\/06\/thumbnail-2.jpg","inLanguage":"fr-FR"},{"@type":"WebPage","@id":"https:\/\/www.amanien.info\/news\/lutte-contre-le-coronavirus-laddad-ci-sengage-sur-plusieurs-fronts\/","url":"https:\/\/www.amanien.info\/news\/lutte-contre-le-coronavirus-laddad-ci-sengage-sur-plusieurs-fronts\/","name":"Lutte contre le Coronavirus: L\u2019ADDAD \u2013CI s\u2019engage sur plusieurs fronts - Amanien| L&#039;actualit\u00e9 Ivoirienne et Internationale","isPartOf":{"@id":"https:\/\/www.amanien.info\/news\/#website"},"primaryImageOfPage":{"@id":"https:\/\/www.amanien.info\/news\/lutte-contre-le-coronavirus-laddad-ci-sengage-sur-plusieurs-fronts\/#primaryimage"},"image":{"@id":"https:\/\/www.amanien.info\/news\/lutte-contre-le-coronavirus-laddad-ci-sengage-sur-plusieurs-fronts\/#primaryimage"},"thumbnailUrl":"https:\/\/www.amanien.info\/news\/wp-content\/uploads\/2020\/06\/thumbnail-2.jpg","datePublished":"2020-06-28T12:48:29+00:00","dateModified":"2020-06-28T12:48:45+00:00","author":{"@id":"https:\/\/www.amanien.info\/news\/#\/schema\/person\/b21093345753a1a98242d505bd894f42"},"breadcrumb":{"@id":"https:\/\/www.amanien.info\/news\/lutte-contre-le-coronavirus-laddad-ci-sengage-sur-plusieurs-fronts\/#breadcrumb"},"inLanguage":"fr-FR","potentialAction":[{"@type":"ReadAction","target":["https:\/\/www.amanien.info\/news\/lutte-contre-le-coronavirus-laddad-ci-sengage-sur-plusieurs-fronts\/"]}]},{"@type":"ImageObject","inLanguage":"fr-FR","@id":"https:\/\/www.amanien.info\/news\/lutte-contre-le-coronavirus-laddad-ci-sengage-sur-plusieurs-fronts\/#primaryimage","url":"https:\/\/www.amanien.info\/news\/wp-content\/uploads\/2020\/06\/thumbnail-2.jpg","contentUrl":"https:\/\/www.amanien.info\/news\/wp-content\/uploads\/2020\/06\/thumbnail-2.jpg","width":1080,"height":810},{"@type":"BreadcrumbList","@id":"https:\/\/www.amanien.info\/news\/lutte-contre-le-coronavirus-laddad-ci-sengage-sur-plusieurs-fronts\/#breadcrumb","itemListElement":[{"@type":"ListItem","position":1,"name":"Accueil","item":"https:\/\/www.amanien.info\/news\/"},{"@type":"ListItem","position":2,"name":"Lutte contre le Coronavirus: L\u2019ADDAD \u2013CI s\u2019engage sur plusieurs fronts"}]},{"@type":"WebSite","@id":"https:\/\/www.amanien.info\/news\/#website","url":"https:\/\/www.amanien.info\/news\/","name":"Amanien| L&#039;actualit\u00e9 Ivoirienne et Internationale","description":"L&#039;actualit\u00e9 Ivoirienne et Internationale","potentialAction":[{"@type":"SearchAction","target":{"@type":"EntryPoint","urlTemplate":"https:\/\/www.amanien.info\/news\/?s={search_term_string}"},"query-input":{"@type":"PropertyValueSpecification","valueRequired":true,"valueName":"search_term_string"}}],"inLanguage":"fr-FR"},{"@type":"Person","@id":"https:\/\/www.amanien.info\/news\/#\/schema\/person\/b21093345753a1a98242d505bd894f42","name":"Germain Ndri","url":"https:\/\/www.amanien.info\/news\/author\/amanien-infos\/"}]}},"_links":{"self":[{"href":"https:\/\/www.amanien.info\/news\/wp-json\/wp\/v2\/posts\/1386","targetHints":{"allow":["GET"]}}],"collection":[{"href":"https:\/\/www.amanien.info\/news\/wp-json\/wp\/v2\/posts"}],"about":[{"href":"https:\/\/www.amanien.info\/news\/wp-json\/wp\/v2\/types\/post"}],"author":[{"embeddable":true,"href":"https:\/\/www.amanien.info\/news\/wp-json\/wp\/v2\/users\/2"}],"replies":[{"embeddable":true,"href":"https:\/\/www.amanien.info\/news\/wp-json\/wp\/v2\/comments?post=1386"}],"version-history":[{"count":0,"href":"https:\/\/www.amanien.info\/news\/wp-json\/wp\/v2\/posts\/1386\/revisions"}],"wp:featuredmedia":[{"embeddable":true,"href":"https:\/\/www.amanien.info\/news\/wp-json\/wp\/v2\/media\/1387"}],"wp:attachment":[{"href":"https:\/\/www.amanien.info\/news\/wp-json\/wp\/v2\/media?parent=1386"}],"wp:term":[{"taxonomy":"category","embeddable":true,"href":"https:\/\/www.amanien.info\/news\/wp-json\/wp\/v2\/categories?post=1386"},{"taxonomy":"post_tag","embeddable":true,"href":"https:\/\/www.amanien.info\/news\/wp-json\/wp\/v2\/tags?post=1386"}],"curies":[{"name":"wp","href":"https:\/\/api.w.org\/{rel}","templated":true}]}}