{"id":1365,"date":"2020-06-21T19:22:42","date_gmt":"2020-06-21T17:22:42","guid":{"rendered":"http:\/\/https:\/\/zozo.buyee.jp\/\/news\/?p=1365"},"modified":"2020-06-21T19:23:11","modified_gmt":"2020-06-21T17:23:11","slug":"covid-19-12-ressortissants-maliens-en-provenance-de-la-frontiere-nigouni-tengrela-pour-la-cote-divoire-interpelles","status":"publish","type":"post","link":"https:\/\/www.amanien.info\/news\/covid-19-12-ressortissants-maliens-en-provenance-de-la-frontiere-nigouni-tengrela-pour-la-cote-divoire-interpelles\/","title":{"rendered":"COVID-19 : 12 ressortissants maliens en provenance de la fronti\u00e8re Nigouni-Tengrela pour la C\u00f4te d&rsquo;Ivoire interpell\u00e9s"},"content":{"rendered":"<p>Douze Maliens ayant contourn\u00e9 le poste fronti\u00e8re de Nigouni, fronti\u00e8re Mali c\u00f4t\u00e9 Tengrela, pour rentrer en C\u00f4te d\u2019Ivoire, ont \u00e9t\u00e9 interpell\u00e9s par le commissariat de police de S\u00e9gu\u00e9la le 18 juin 2020, a annonc\u00e9 le porte-parole de la police nationale, le commissaire principal Charlemagne Bleu, au point presse quotidien sur la Covid-19, le 19 juin 2020 \u00e0 Abidjan.<\/p>\n<p>\u00ab Dans le cadre de la surveillance de nos fronti\u00e8res par les forces de d\u00e9fense et de s\u00e9curit\u00e9, le commissariat de police de S\u00e9gu\u00e9la a interpell\u00e9 le jeudi 18 juin, au cours d\u2019un contr\u00f4le de routine, 12 individus de nationalit\u00e9 malienne \u00e0 bord d&rsquo;un mini car de type Massa, d\u00e9clarant tous avoir acc\u00e9d\u00e9 au territoire ivoirien par des pistes en contournant le poste fronti\u00e8re de Nigouni, fronti\u00e8re Mali c\u00f4t\u00e9 Tengrela, \u00e0 moto \u00bb, a d\u00e9clar\u00e9 Charlemagne Bleu. Il a annonc\u00e9 l\u2019ouverture d\u2019une enqu\u00eate pour situer les responsabilit\u00e9s.<\/p>\n<p>Aussi, au regard de l\u2019inobservance des mesures barri\u00e8res en vigueur dans nos lieux publics (march\u00e9s, surfaces commerciales, boulangeries, kiosques et autres maquis), le porte-parole de la police nationale a invit\u00e9 les maires et autres \u00e9lus, les responsables de la soci\u00e9t\u00e9 civile, les groupements \u00e0 vocation coop\u00e9rative du secteur du vivrier, les f\u00e9d\u00e9rations syndicales des commer\u00e7ants et autres boulangeries \u00e0 plus d\u2019implication pour le respect de toutes les mesures s\u00e9curitaires et sanitaires en vigueur sur tous les sites commerciaux et autres lieux publics. \u00ab Nous insistons particuli\u00e8rement sur le port obligatoire du masque et la distanciation physique d\u2019au moins 1 m\u00e8tre. Toute chose qui nous \u00e9viterait d\u2019aller \u00ab acheter \u00bb le virus au march\u00e9 \u00bb, a-t-il indiqu\u00e9.<\/p>\n","protected":false},"excerpt":{"rendered":"<p>Douze Maliens ayant contourn\u00e9 le poste fronti\u00e8re de Nigouni, fronti\u00e8re Mali c\u00f4t\u00e9 Tengrela, pour rentrer en C\u00f4te d\u2019Ivoire, ont \u00e9t\u00e9 interpell\u00e9s par le commissariat de police de S\u00e9gu\u00e9la le 18 juin 2020, a annonc\u00e9 le porte-parole de la police nationale, le commissaire principal Charlemagne Bleu, au point presse quotidien sur la Covid-19, le 19 juin [&hellip;]<\/p>\n","protected":false},"author":2,"featured_media":1366,"comment_status":"open","ping_status":"open","sticky":true,"template":"","format":"standard","meta":{"_acf_changed":false,"footnotes":""},"categories":[],"tags":[],"class_list":["post-1365","post","type-post","status-publish","format-standard","has-post-thumbnail","hentry"],"acf":[],"yoast_head":"<!-- This site is optimized with the Yoast SEO plugin v27.5 - https:\/\/yoast.com\/product\/yoast-seo-wordpress\/ -->\n<title>COVID-19 : 12 ressortissants maliens en provenance de la fronti\u00e8re Nigouni-Tengrela pour la C\u00f4te d&#039;Ivoire interpell\u00e9s - Amanien| L&#039;actualit\u00e9 Ivoirienne et Internationale<\/title>\n<meta name=\"robots\" content=\"index, follow, max-snippet:-1, max-image-preview:large, max-video-preview:-1\" \/>\n<link rel=\"canonical\" href=\"https:\/\/www.amanien.info\/news\/covid-19-12-ressortissants-maliens-en-provenance-de-la-frontiere-nigouni-tengrela-pour-la-cote-divoire-interpelles\/\" \/>\n<meta property=\"og:locale\" content=\"fr_FR\" \/>\n<meta property=\"og:type\" content=\"article\" \/>\n<meta property=\"og:title\" content=\"COVID-19 : 12 ressortissants maliens en provenance de la fronti\u00e8re Nigouni-Tengrela pour la C\u00f4te d&#039;Ivoire interpell\u00e9s - Amanien| L&#039;actualit\u00e9 Ivoirienne et Internationale\" \/>\n<meta property=\"og:description\" content=\"Douze Maliens ayant contourn\u00e9 le poste fronti\u00e8re de Nigouni, fronti\u00e8re Mali c\u00f4t\u00e9 Tengrela, pour rentrer en C\u00f4te d\u2019Ivoire, ont \u00e9t\u00e9 interpell\u00e9s par le commissariat de police de S\u00e9gu\u00e9la le 18 juin 2020, a annonc\u00e9 le porte-parole de la police nationale, le commissaire principal Charlemagne Bleu, au point presse quotidien sur la Covid-19, le 19 juin [&hellip;]\" \/>\n<meta property=\"og:url\" content=\"https:\/\/www.amanien.info\/news\/covid-19-12-ressortissants-maliens-en-provenance-de-la-frontiere-nigouni-tengrela-pour-la-cote-divoire-interpelles\/\" \/>\n<meta property=\"og:site_name\" content=\"Amanien| L&#039;actualit\u00e9 Ivoirienne et Internationale\" \/>\n<meta property=\"article:published_time\" content=\"2020-06-21T17:22:42+00:00\" \/>\n<meta property=\"article:modified_time\" content=\"2020-06-21T17:23:11+00:00\" \/>\n<meta property=\"og:image\" content=\"https:\/\/www.amanien.info\/news\/wp-content\/uploads\/2020\/06\/IMG-20200620-WA0006.jpg\" \/>\n\t<meta property=\"og:image:width\" content=\"960\" \/>\n\t<meta property=\"og:image:height\" content=\"768\" \/>\n\t<meta property=\"og:image:type\" content=\"image\/jpeg\" \/>\n<meta name=\"author\" content=\"Germain Ndri\" \/>\n<meta name=\"twitter:card\" content=\"summary_large_image\" \/>\n<meta name=\"twitter:label1\" content=\"\u00c9crit par\" \/>\n\t<meta name=\"twitter:data1\" content=\"Germain Ndri\" \/>\n\t<meta name=\"twitter:label2\" content=\"Dur\u00e9e de lecture estim\u00e9e\" \/>\n\t<meta name=\"twitter:data2\" content=\"1 minute\" \/>\n<script type=\"application\/ld+json\" class=\"yoast-schema-graph\">{\"@context\":\"https:\\\/\\\/schema.org\",\"@graph\":[{\"@type\":\"Article\",\"@id\":\"https:\\\/\\\/www.amanien.info\\\/news\\\/covid-19-12-ressortissants-maliens-en-provenance-de-la-frontiere-nigouni-tengrela-pour-la-cote-divoire-interpelles\\\/#article\",\"isPartOf\":{\"@id\":\"https:\\\/\\\/www.amanien.info\\\/news\\\/covid-19-12-ressortissants-maliens-en-provenance-de-la-frontiere-nigouni-tengrela-pour-la-cote-divoire-interpelles\\\/\"},\"author\":{\"name\":\"Germain Ndri\",\"@id\":\"https:\\\/\\\/www.amanien.info\\\/news\\\/#\\\/schema\\\/person\\\/b21093345753a1a98242d505bd894f42\"},\"headline\":\"COVID-19 : 12 ressortissants maliens en provenance de la fronti\u00e8re Nigouni-Tengrela pour la C\u00f4te d&rsquo;Ivoire interpell\u00e9s\",\"datePublished\":\"2020-06-21T17:22:42+00:00\",\"dateModified\":\"2020-06-21T17:23:11+00:00\",\"mainEntityOfPage\":{\"@id\":\"https:\\\/\\\/www.amanien.info\\\/news\\\/covid-19-12-ressortissants-maliens-en-provenance-de-la-frontiere-nigouni-tengrela-pour-la-cote-divoire-interpelles\\\/\"},\"wordCount\":301,\"commentCount\":0,\"image\":{\"@id\":\"https:\\\/\\\/www.amanien.info\\\/news\\\/covid-19-12-ressortissants-maliens-en-provenance-de-la-frontiere-nigouni-tengrela-pour-la-cote-divoire-interpelles\\\/#primaryimage\"},\"thumbnailUrl\":\"https:\\\/\\\/www.amanien.info\\\/news\\\/wp-content\\\/uploads\\\/2020\\\/06\\\/IMG-20200620-WA0006.jpg\",\"inLanguage\":\"fr-FR\"},{\"@type\":\"WebPage\",\"@id\":\"https:\\\/\\\/www.amanien.info\\\/news\\\/covid-19-12-ressortissants-maliens-en-provenance-de-la-frontiere-nigouni-tengrela-pour-la-cote-divoire-interpelles\\\/\",\"url\":\"https:\\\/\\\/www.amanien.info\\\/news\\\/covid-19-12-ressortissants-maliens-en-provenance-de-la-frontiere-nigouni-tengrela-pour-la-cote-divoire-interpelles\\\/\",\"name\":\"COVID-19 : 12 ressortissants maliens en provenance de la fronti\u00e8re Nigouni-Tengrela pour la C\u00f4te d'Ivoire interpell\u00e9s - Amanien| L&#039;actualit\u00e9 Ivoirienne et Internationale\",\"isPartOf\":{\"@id\":\"https:\\\/\\\/www.amanien.info\\\/news\\\/#website\"},\"primaryImageOfPage\":{\"@id\":\"https:\\\/\\\/www.amanien.info\\\/news\\\/covid-19-12-ressortissants-maliens-en-provenance-de-la-frontiere-nigouni-tengrela-pour-la-cote-divoire-interpelles\\\/#primaryimage\"},\"image\":{\"@id\":\"https:\\\/\\\/www.amanien.info\\\/news\\\/covid-19-12-ressortissants-maliens-en-provenance-de-la-frontiere-nigouni-tengrela-pour-la-cote-divoire-interpelles\\\/#primaryimage\"},\"thumbnailUrl\":\"https:\\\/\\\/www.amanien.info\\\/news\\\/wp-content\\\/uploads\\\/2020\\\/06\\\/IMG-20200620-WA0006.jpg\",\"datePublished\":\"2020-06-21T17:22:42+00:00\",\"dateModified\":\"2020-06-21T17:23:11+00:00\",\"author\":{\"@id\":\"https:\\\/\\\/www.amanien.info\\\/news\\\/#\\\/schema\\\/person\\\/b21093345753a1a98242d505bd894f42\"},\"breadcrumb\":{\"@id\":\"https:\\\/\\\/www.amanien.info\\\/news\\\/covid-19-12-ressortissants-maliens-en-provenance-de-la-frontiere-nigouni-tengrela-pour-la-cote-divoire-interpelles\\\/#breadcrumb\"},\"inLanguage\":\"fr-FR\",\"potentialAction\":[{\"@type\":\"ReadAction\",\"target\":[\"https:\\\/\\\/www.amanien.info\\\/news\\\/covid-19-12-ressortissants-maliens-en-provenance-de-la-frontiere-nigouni-tengrela-pour-la-cote-divoire-interpelles\\\/\"]}]},{\"@type\":\"ImageObject\",\"inLanguage\":\"fr-FR\",\"@id\":\"https:\\\/\\\/www.amanien.info\\\/news\\\/covid-19-12-ressortissants-maliens-en-provenance-de-la-frontiere-nigouni-tengrela-pour-la-cote-divoire-interpelles\\\/#primaryimage\",\"url\":\"https:\\\/\\\/www.amanien.info\\\/news\\\/wp-content\\\/uploads\\\/2020\\\/06\\\/IMG-20200620-WA0006.jpg\",\"contentUrl\":\"https:\\\/\\\/www.amanien.info\\\/news\\\/wp-content\\\/uploads\\\/2020\\\/06\\\/IMG-20200620-WA0006.jpg\",\"width\":960,\"height\":768},{\"@type\":\"BreadcrumbList\",\"@id\":\"https:\\\/\\\/www.amanien.info\\\/news\\\/covid-19-12-ressortissants-maliens-en-provenance-de-la-frontiere-nigouni-tengrela-pour-la-cote-divoire-interpelles\\\/#breadcrumb\",\"itemListElement\":[{\"@type\":\"ListItem\",\"position\":1,\"name\":\"Accueil\",\"item\":\"https:\\\/\\\/www.amanien.info\\\/news\\\/\"},{\"@type\":\"ListItem\",\"position\":2,\"name\":\"COVID-19 : 12 ressortissants maliens en provenance de la fronti\u00e8re Nigouni-Tengrela pour la C\u00f4te d&rsquo;Ivoire interpell\u00e9s\"}]},{\"@type\":\"WebSite\",\"@id\":\"https:\\\/\\\/www.amanien.info\\\/news\\\/#website\",\"url\":\"https:\\\/\\\/www.amanien.info\\\/news\\\/\",\"name\":\"Amanien| L&#039;actualit\u00e9 Ivoirienne et Internationale\",\"description\":\"L&#039;actualit\u00e9 Ivoirienne et Internationale\",\"potentialAction\":[{\"@type\":\"SearchAction\",\"target\":{\"@type\":\"EntryPoint\",\"urlTemplate\":\"https:\\\/\\\/www.amanien.info\\\/news\\\/?s={search_term_string}\"},\"query-input\":{\"@type\":\"PropertyValueSpecification\",\"valueRequired\":true,\"valueName\":\"search_term_string\"}}],\"inLanguage\":\"fr-FR\"},{\"@type\":\"Person\",\"@id\":\"https:\\\/\\\/www.amanien.info\\\/news\\\/#\\\/schema\\\/person\\\/b21093345753a1a98242d505bd894f42\",\"name\":\"Germain Ndri\",\"url\":\"https:\\\/\\\/www.amanien.info\\\/news\\\/author\\\/amanien-infos\\\/\"}]}<\/script>\n<!-- \/ Yoast SEO plugin. -->","yoast_head_json":{"title":"COVID-19 : 12 ressortissants maliens en provenance de la fronti\u00e8re Nigouni-Tengrela pour la C\u00f4te d'Ivoire interpell\u00e9s - Amanien| L&#039;actualit\u00e9 Ivoirienne et Internationale","robots":{"index":"index","follow":"follow","max-snippet":"max-snippet:-1","max-image-preview":"max-image-preview:large","max-video-preview":"max-video-preview:-1"},"canonical":"https:\/\/www.amanien.info\/news\/covid-19-12-ressortissants-maliens-en-provenance-de-la-frontiere-nigouni-tengrela-pour-la-cote-divoire-interpelles\/","og_locale":"fr_FR","og_type":"article","og_title":"COVID-19 : 12 ressortissants maliens en provenance de la fronti\u00e8re Nigouni-Tengrela pour la C\u00f4te d'Ivoire interpell\u00e9s - Amanien| L&#039;actualit\u00e9 Ivoirienne et Internationale","og_description":"Douze Maliens ayant contourn\u00e9 le poste fronti\u00e8re de Nigouni, fronti\u00e8re Mali c\u00f4t\u00e9 Tengrela, pour rentrer en C\u00f4te d\u2019Ivoire, ont \u00e9t\u00e9 interpell\u00e9s par le commissariat de police de S\u00e9gu\u00e9la le 18 juin 2020, a annonc\u00e9 le porte-parole de la police nationale, le commissaire principal Charlemagne Bleu, au point presse quotidien sur la Covid-19, le 19 juin [&hellip;]","og_url":"https:\/\/www.amanien.info\/news\/covid-19-12-ressortissants-maliens-en-provenance-de-la-frontiere-nigouni-tengrela-pour-la-cote-divoire-interpelles\/","og_site_name":"Amanien| L&#039;actualit\u00e9 Ivoirienne et Internationale","article_published_time":"2020-06-21T17:22:42+00:00","article_modified_time":"2020-06-21T17:23:11+00:00","og_image":[{"width":960,"height":768,"url":"https:\/\/www.amanien.info\/news\/wp-content\/uploads\/2020\/06\/IMG-20200620-WA0006.jpg","type":"image\/jpeg"}],"author":"Germain Ndri","twitter_card":"summary_large_image","twitter_misc":{"\u00c9crit par":"Germain Ndri","Dur\u00e9e de lecture estim\u00e9e":"1 minute"},"schema":{"@context":"https:\/\/schema.org","@graph":[{"@type":"Article","@id":"https:\/\/www.amanien.info\/news\/covid-19-12-ressortissants-maliens-en-provenance-de-la-frontiere-nigouni-tengrela-pour-la-cote-divoire-interpelles\/#article","isPartOf":{"@id":"https:\/\/www.amanien.info\/news\/covid-19-12-ressortissants-maliens-en-provenance-de-la-frontiere-nigouni-tengrela-pour-la-cote-divoire-interpelles\/"},"author":{"name":"Germain Ndri","@id":"https:\/\/www.amanien.info\/news\/#\/schema\/person\/b21093345753a1a98242d505bd894f42"},"headline":"COVID-19 : 12 ressortissants maliens en provenance de la fronti\u00e8re Nigouni-Tengrela pour la C\u00f4te d&rsquo;Ivoire interpell\u00e9s","datePublished":"2020-06-21T17:22:42+00:00","dateModified":"2020-06-21T17:23:11+00:00","mainEntityOfPage":{"@id":"https:\/\/www.amanien.info\/news\/covid-19-12-ressortissants-maliens-en-provenance-de-la-frontiere-nigouni-tengrela-pour-la-cote-divoire-interpelles\/"},"wordCount":301,"commentCount":0,"image":{"@id":"https:\/\/www.amanien.info\/news\/covid-19-12-ressortissants-maliens-en-provenance-de-la-frontiere-nigouni-tengrela-pour-la-cote-divoire-interpelles\/#primaryimage"},"thumbnailUrl":"https:\/\/www.amanien.info\/news\/wp-content\/uploads\/2020\/06\/IMG-20200620-WA0006.jpg","inLanguage":"fr-FR"},{"@type":"WebPage","@id":"https:\/\/www.amanien.info\/news\/covid-19-12-ressortissants-maliens-en-provenance-de-la-frontiere-nigouni-tengrela-pour-la-cote-divoire-interpelles\/","url":"https:\/\/www.amanien.info\/news\/covid-19-12-ressortissants-maliens-en-provenance-de-la-frontiere-nigouni-tengrela-pour-la-cote-divoire-interpelles\/","name":"COVID-19 : 12 ressortissants maliens en provenance de la fronti\u00e8re Nigouni-Tengrela pour la C\u00f4te d'Ivoire interpell\u00e9s - Amanien| L&#039;actualit\u00e9 Ivoirienne et Internationale","isPartOf":{"@id":"https:\/\/www.amanien.info\/news\/#website"},"primaryImageOfPage":{"@id":"https:\/\/www.amanien.info\/news\/covid-19-12-ressortissants-maliens-en-provenance-de-la-frontiere-nigouni-tengrela-pour-la-cote-divoire-interpelles\/#primaryimage"},"image":{"@id":"https:\/\/www.amanien.info\/news\/covid-19-12-ressortissants-maliens-en-provenance-de-la-frontiere-nigouni-tengrela-pour-la-cote-divoire-interpelles\/#primaryimage"},"thumbnailUrl":"https:\/\/www.amanien.info\/news\/wp-content\/uploads\/2020\/06\/IMG-20200620-WA0006.jpg","datePublished":"2020-06-21T17:22:42+00:00","dateModified":"2020-06-21T17:23:11+00:00","author":{"@id":"https:\/\/www.amanien.info\/news\/#\/schema\/person\/b21093345753a1a98242d505bd894f42"},"breadcrumb":{"@id":"https:\/\/www.amanien.info\/news\/covid-19-12-ressortissants-maliens-en-provenance-de-la-frontiere-nigouni-tengrela-pour-la-cote-divoire-interpelles\/#breadcrumb"},"inLanguage":"fr-FR","potentialAction":[{"@type":"ReadAction","target":["https:\/\/www.amanien.info\/news\/covid-19-12-ressortissants-maliens-en-provenance-de-la-frontiere-nigouni-tengrela-pour-la-cote-divoire-interpelles\/"]}]},{"@type":"ImageObject","inLanguage":"fr-FR","@id":"https:\/\/www.amanien.info\/news\/covid-19-12-ressortissants-maliens-en-provenance-de-la-frontiere-nigouni-tengrela-pour-la-cote-divoire-interpelles\/#primaryimage","url":"https:\/\/www.amanien.info\/news\/wp-content\/uploads\/2020\/06\/IMG-20200620-WA0006.jpg","contentUrl":"https:\/\/www.amanien.info\/news\/wp-content\/uploads\/2020\/06\/IMG-20200620-WA0006.jpg","width":960,"height":768},{"@type":"BreadcrumbList","@id":"https:\/\/www.amanien.info\/news\/covid-19-12-ressortissants-maliens-en-provenance-de-la-frontiere-nigouni-tengrela-pour-la-cote-divoire-interpelles\/#breadcrumb","itemListElement":[{"@type":"ListItem","position":1,"name":"Accueil","item":"https:\/\/www.amanien.info\/news\/"},{"@type":"ListItem","position":2,"name":"COVID-19 : 12 ressortissants maliens en provenance de la fronti\u00e8re Nigouni-Tengrela pour la C\u00f4te d&rsquo;Ivoire interpell\u00e9s"}]},{"@type":"WebSite","@id":"https:\/\/www.amanien.info\/news\/#website","url":"https:\/\/www.amanien.info\/news\/","name":"Amanien| L&#039;actualit\u00e9 Ivoirienne et Internationale","description":"L&#039;actualit\u00e9 Ivoirienne et Internationale","potentialAction":[{"@type":"SearchAction","target":{"@type":"EntryPoint","urlTemplate":"https:\/\/www.amanien.info\/news\/?s={search_term_string}"},"query-input":{"@type":"PropertyValueSpecification","valueRequired":true,"valueName":"search_term_string"}}],"inLanguage":"fr-FR"},{"@type":"Person","@id":"https:\/\/www.amanien.info\/news\/#\/schema\/person\/b21093345753a1a98242d505bd894f42","name":"Germain Ndri","url":"https:\/\/www.amanien.info\/news\/author\/amanien-infos\/"}]}},"_links":{"self":[{"href":"https:\/\/www.amanien.info\/news\/wp-json\/wp\/v2\/posts\/1365","targetHints":{"allow":["GET"]}}],"collection":[{"href":"https:\/\/www.amanien.info\/news\/wp-json\/wp\/v2\/posts"}],"about":[{"href":"https:\/\/www.amanien.info\/news\/wp-json\/wp\/v2\/types\/post"}],"author":[{"embeddable":true,"href":"https:\/\/www.amanien.info\/news\/wp-json\/wp\/v2\/users\/2"}],"replies":[{"embeddable":true,"href":"https:\/\/www.amanien.info\/news\/wp-json\/wp\/v2\/comments?post=1365"}],"version-history":[{"count":0,"href":"https:\/\/www.amanien.info\/news\/wp-json\/wp\/v2\/posts\/1365\/revisions"}],"wp:featuredmedia":[{"embeddable":true,"href":"https:\/\/www.amanien.info\/news\/wp-json\/wp\/v2\/media\/1366"}],"wp:attachment":[{"href":"https:\/\/www.amanien.info\/news\/wp-json\/wp\/v2\/media?parent=1365"}],"wp:term":[{"taxonomy":"category","embeddable":true,"href":"https:\/\/www.amanien.info\/news\/wp-json\/wp\/v2\/categories?post=1365"},{"taxonomy":"post_tag","embeddable":true,"href":"https:\/\/www.amanien.info\/news\/wp-json\/wp\/v2\/tags?post=1365"}],"curies":[{"name":"wp","href":"https:\/\/api.w.org\/{rel}","templated":true}]}}