{"id":1356,"date":"2020-06-21T08:31:12","date_gmt":"2020-06-21T06:31:12","guid":{"rendered":"http:\/\/https:\/\/zozo.buyee.jp\/\/news\/?p=1356"},"modified":"2020-06-21T08:31:37","modified_gmt":"2020-06-21T06:31:37","slug":"revision-de-la-liste-electorale-le-pdci-souhaite-une-prorogation","status":"publish","type":"post","link":"https:\/\/www.amanien.info\/news\/revision-de-la-liste-electorale-le-pdci-souhaite-une-prorogation\/","title":{"rendered":"R\u00e9vision de la liste \u00e9lectorale: Le PDCI souhaite une prorogation\u00a0"},"content":{"rendered":"<div class=\"I_52qC D_FY W_6D6F\" data-test-id=\"message-view-body\">\n<div class=\"msg-body P_wpofO mq_AS\" data-test-id=\"message-view-body-content\">\n<div class=\"jb_0 X_6MGW N_6Fd5\">\n<div>\n<div id=\"yiv8101144758\">\n<div>\n<div>Lors d&rsquo; une conf\u00e9rence de presse le 19 juin \u00e0 Abidjan,\u00a0 le secr\u00e9taire ex\u00e9cutif du parti D\u00e9mocratique de C\u00f4te d&rsquo;Ivoire ( PDCI) Maurice Kakou Guikahue, a demand\u00e9 la prorogation de la date limite de l&rsquo; op\u00e9ration de r\u00e9vision de la liste \u00e9lectorale. \u00ab\u00a0Nous demandons la prorogation de la date de cl\u00f4ture de l\u2019op\u00e9ration de r\u00e9vision de la liste \u00e9lectorale d\u2019au moins deux (2) semaines, afin de permettre aux nombreux Ivoiriens en \u00e2ge de voter et dont les dossiers sont actuellement bloqu\u00e9s,\u00a0 d\u2019accomplir leur devoir citoyen le jour du vote\u00a0\u00bb a t- il dit.<\/p>\n<p>Selon le secr\u00e9taire ex\u00e9cutif,\u00a0 la dur\u00e9e de l\u2019op\u00e9ration d\u2019enr\u00f4lement doit se poursuivre sur une p\u00e9riode d\u2019un\u00a0 mois,en\u00a0 tenant compte de la crise sanitaire du Coronavirus et du confinement d\u2019Abidjan. La\u00a0 \u00a0r\u00e9vision de la liste \u00e9lectorale 2020 est pr\u00e9vue du 10 au 24 juin 2020. Maurice Kakou Guikahue\u00a0\u00a0a d\u00e9nonc\u00e9 la\u00a0 lourdeur du processus d\u2019\u00e9tablissement des pi\u00e8ces administratives notamment des certificats de nationalit\u00e9. Selon lui,\u00a0\u00a0la p\u00e9riode actuelle des pluies limite les d\u00e9placements de nombreuses populations qui veulent se rendre dans les centres d&rsquo; enr\u00f4lement pour se faire \u00e9tablir les pi\u00e8ces. Il\u00a0 demande le report de la date butoir du processus de r\u00e9vision de la liste \u00e9lectorale.<\/p><\/div>\n<div>C. W<\/div>\n<\/div>\n<\/div>\n<\/div>\n<\/div>\n<\/div>\n<div class=\"jb_0 X_6MGW N_6Fd5\"><\/div>\n<\/div>\n<div class=\"H_7jIs D_F ab_C Q_69H5 E_36RhU\" data-test-id=\"toolbar-hover-area\">\n<div class=\"D_F W_6D6F r_BN gl_C\" data-test-id=\"card-toolbar\"><\/div>\n<\/div>\n","protected":false},"excerpt":{"rendered":"<p>Lors d&rsquo; une conf\u00e9rence de presse le 19 juin \u00e0 Abidjan,\u00a0 le secr\u00e9taire ex\u00e9cutif du parti D\u00e9mocratique de C\u00f4te d&rsquo;Ivoire ( PDCI) Maurice Kakou Guikahue, a demand\u00e9 la prorogation de la date limite de l&rsquo; op\u00e9ration de r\u00e9vision de la liste \u00e9lectorale. \u00ab\u00a0Nous demandons la prorogation de la date de cl\u00f4ture de l\u2019op\u00e9ration de r\u00e9vision [&hellip;]<\/p>\n","protected":false},"author":2,"featured_media":1357,"comment_status":"open","ping_status":"open","sticky":true,"template":"","format":"standard","meta":{"_acf_changed":false,"footnotes":""},"categories":[],"tags":[],"class_list":["post-1356","post","type-post","status-publish","format-standard","has-post-thumbnail","hentry"],"acf":[],"yoast_head":"<!-- This site is optimized with the Yoast SEO plugin v27.5 - https:\/\/yoast.com\/product\/yoast-seo-wordpress\/ -->\n<title>R\u00e9vision de la liste \u00e9lectorale: Le PDCI souhaite une prorogation\u00a0 - Amanien| L&#039;actualit\u00e9 Ivoirienne et Internationale<\/title>\n<meta name=\"robots\" content=\"index, follow, max-snippet:-1, max-image-preview:large, max-video-preview:-1\" \/>\n<link rel=\"canonical\" href=\"https:\/\/www.amanien.info\/news\/revision-de-la-liste-electorale-le-pdci-souhaite-une-prorogation\/\" \/>\n<meta property=\"og:locale\" content=\"fr_FR\" \/>\n<meta property=\"og:type\" content=\"article\" \/>\n<meta property=\"og:title\" content=\"R\u00e9vision de la liste \u00e9lectorale: Le PDCI souhaite une prorogation\u00a0 - Amanien| L&#039;actualit\u00e9 Ivoirienne et Internationale\" \/>\n<meta property=\"og:description\" content=\"Lors d&rsquo; une conf\u00e9rence de presse le 19 juin \u00e0 Abidjan,\u00a0 le secr\u00e9taire ex\u00e9cutif du parti D\u00e9mocratique de C\u00f4te d&rsquo;Ivoire ( PDCI) Maurice Kakou Guikahue, a demand\u00e9 la prorogation de la date limite de l&rsquo; op\u00e9ration de r\u00e9vision de la liste \u00e9lectorale. \u00ab\u00a0Nous demandons la prorogation de la date de cl\u00f4ture de l\u2019op\u00e9ration de r\u00e9vision [&hellip;]\" \/>\n<meta property=\"og:url\" content=\"https:\/\/www.amanien.info\/news\/revision-de-la-liste-electorale-le-pdci-souhaite-une-prorogation\/\" \/>\n<meta property=\"og:site_name\" content=\"Amanien| L&#039;actualit\u00e9 Ivoirienne et Internationale\" \/>\n<meta property=\"article:published_time\" content=\"2020-06-21T06:31:12+00:00\" \/>\n<meta property=\"article:modified_time\" content=\"2020-06-21T06:31:37+00:00\" \/>\n<meta property=\"og:image\" content=\"https:\/\/www.amanien.info\/news\/wp-content\/uploads\/2020\/06\/15926528772451952558846.png\" \/>\n\t<meta property=\"og:image:width\" content=\"720\" \/>\n\t<meta property=\"og:image:height\" content=\"480\" \/>\n\t<meta property=\"og:image:type\" content=\"image\/png\" \/>\n<meta name=\"author\" content=\"Germain Ndri\" \/>\n<meta name=\"twitter:card\" content=\"summary_large_image\" \/>\n<meta name=\"twitter:label1\" content=\"\u00c9crit par\" \/>\n\t<meta name=\"twitter:data1\" content=\"Germain Ndri\" \/>\n\t<meta name=\"twitter:label2\" content=\"Dur\u00e9e de lecture estim\u00e9e\" \/>\n\t<meta name=\"twitter:data2\" content=\"1 minute\" \/>\n<script type=\"application\/ld+json\" class=\"yoast-schema-graph\">{\"@context\":\"https:\\\/\\\/schema.org\",\"@graph\":[{\"@type\":\"Article\",\"@id\":\"https:\\\/\\\/www.amanien.info\\\/news\\\/revision-de-la-liste-electorale-le-pdci-souhaite-une-prorogation\\\/#article\",\"isPartOf\":{\"@id\":\"https:\\\/\\\/www.amanien.info\\\/news\\\/revision-de-la-liste-electorale-le-pdci-souhaite-une-prorogation\\\/\"},\"author\":{\"name\":\"Germain Ndri\",\"@id\":\"https:\\\/\\\/www.amanien.info\\\/news\\\/#\\\/schema\\\/person\\\/b21093345753a1a98242d505bd894f42\"},\"headline\":\"R\u00e9vision de la liste \u00e9lectorale: Le PDCI souhaite une prorogation\u00a0\",\"datePublished\":\"2020-06-21T06:31:12+00:00\",\"dateModified\":\"2020-06-21T06:31:37+00:00\",\"mainEntityOfPage\":{\"@id\":\"https:\\\/\\\/www.amanien.info\\\/news\\\/revision-de-la-liste-electorale-le-pdci-souhaite-une-prorogation\\\/\"},\"wordCount\":240,\"commentCount\":0,\"image\":{\"@id\":\"https:\\\/\\\/www.amanien.info\\\/news\\\/revision-de-la-liste-electorale-le-pdci-souhaite-une-prorogation\\\/#primaryimage\"},\"thumbnailUrl\":\"https:\\\/\\\/www.amanien.info\\\/news\\\/wp-content\\\/uploads\\\/2020\\\/06\\\/15926528772451952558846.png\",\"inLanguage\":\"fr-FR\"},{\"@type\":\"WebPage\",\"@id\":\"https:\\\/\\\/www.amanien.info\\\/news\\\/revision-de-la-liste-electorale-le-pdci-souhaite-une-prorogation\\\/\",\"url\":\"https:\\\/\\\/www.amanien.info\\\/news\\\/revision-de-la-liste-electorale-le-pdci-souhaite-une-prorogation\\\/\",\"name\":\"R\u00e9vision de la liste \u00e9lectorale: Le PDCI souhaite une prorogation\u00a0 - Amanien| L&#039;actualit\u00e9 Ivoirienne et Internationale\",\"isPartOf\":{\"@id\":\"https:\\\/\\\/www.amanien.info\\\/news\\\/#website\"},\"primaryImageOfPage\":{\"@id\":\"https:\\\/\\\/www.amanien.info\\\/news\\\/revision-de-la-liste-electorale-le-pdci-souhaite-une-prorogation\\\/#primaryimage\"},\"image\":{\"@id\":\"https:\\\/\\\/www.amanien.info\\\/news\\\/revision-de-la-liste-electorale-le-pdci-souhaite-une-prorogation\\\/#primaryimage\"},\"thumbnailUrl\":\"https:\\\/\\\/www.amanien.info\\\/news\\\/wp-content\\\/uploads\\\/2020\\\/06\\\/15926528772451952558846.png\",\"datePublished\":\"2020-06-21T06:31:12+00:00\",\"dateModified\":\"2020-06-21T06:31:37+00:00\",\"author\":{\"@id\":\"https:\\\/\\\/www.amanien.info\\\/news\\\/#\\\/schema\\\/person\\\/b21093345753a1a98242d505bd894f42\"},\"breadcrumb\":{\"@id\":\"https:\\\/\\\/www.amanien.info\\\/news\\\/revision-de-la-liste-electorale-le-pdci-souhaite-une-prorogation\\\/#breadcrumb\"},\"inLanguage\":\"fr-FR\",\"potentialAction\":[{\"@type\":\"ReadAction\",\"target\":[\"https:\\\/\\\/www.amanien.info\\\/news\\\/revision-de-la-liste-electorale-le-pdci-souhaite-une-prorogation\\\/\"]}]},{\"@type\":\"ImageObject\",\"inLanguage\":\"fr-FR\",\"@id\":\"https:\\\/\\\/www.amanien.info\\\/news\\\/revision-de-la-liste-electorale-le-pdci-souhaite-une-prorogation\\\/#primaryimage\",\"url\":\"https:\\\/\\\/www.amanien.info\\\/news\\\/wp-content\\\/uploads\\\/2020\\\/06\\\/15926528772451952558846.png\",\"contentUrl\":\"https:\\\/\\\/www.amanien.info\\\/news\\\/wp-content\\\/uploads\\\/2020\\\/06\\\/15926528772451952558846.png\",\"width\":720,\"height\":480},{\"@type\":\"BreadcrumbList\",\"@id\":\"https:\\\/\\\/www.amanien.info\\\/news\\\/revision-de-la-liste-electorale-le-pdci-souhaite-une-prorogation\\\/#breadcrumb\",\"itemListElement\":[{\"@type\":\"ListItem\",\"position\":1,\"name\":\"Accueil\",\"item\":\"https:\\\/\\\/www.amanien.info\\\/news\\\/\"},{\"@type\":\"ListItem\",\"position\":2,\"name\":\"R\u00e9vision de la liste \u00e9lectorale: Le PDCI souhaite une prorogation\u00a0\"}]},{\"@type\":\"WebSite\",\"@id\":\"https:\\\/\\\/www.amanien.info\\\/news\\\/#website\",\"url\":\"https:\\\/\\\/www.amanien.info\\\/news\\\/\",\"name\":\"Amanien| L&#039;actualit\u00e9 Ivoirienne et Internationale\",\"description\":\"L&#039;actualit\u00e9 Ivoirienne et Internationale\",\"potentialAction\":[{\"@type\":\"SearchAction\",\"target\":{\"@type\":\"EntryPoint\",\"urlTemplate\":\"https:\\\/\\\/www.amanien.info\\\/news\\\/?s={search_term_string}\"},\"query-input\":{\"@type\":\"PropertyValueSpecification\",\"valueRequired\":true,\"valueName\":\"search_term_string\"}}],\"inLanguage\":\"fr-FR\"},{\"@type\":\"Person\",\"@id\":\"https:\\\/\\\/www.amanien.info\\\/news\\\/#\\\/schema\\\/person\\\/b21093345753a1a98242d505bd894f42\",\"name\":\"Germain Ndri\",\"url\":\"https:\\\/\\\/www.amanien.info\\\/news\\\/author\\\/amanien-infos\\\/\"}]}<\/script>\n<!-- \/ Yoast SEO plugin. -->","yoast_head_json":{"title":"R\u00e9vision de la liste \u00e9lectorale: Le PDCI souhaite une prorogation\u00a0 - Amanien| L&#039;actualit\u00e9 Ivoirienne et Internationale","robots":{"index":"index","follow":"follow","max-snippet":"max-snippet:-1","max-image-preview":"max-image-preview:large","max-video-preview":"max-video-preview:-1"},"canonical":"https:\/\/www.amanien.info\/news\/revision-de-la-liste-electorale-le-pdci-souhaite-une-prorogation\/","og_locale":"fr_FR","og_type":"article","og_title":"R\u00e9vision de la liste \u00e9lectorale: Le PDCI souhaite une prorogation\u00a0 - Amanien| L&#039;actualit\u00e9 Ivoirienne et Internationale","og_description":"Lors d&rsquo; une conf\u00e9rence de presse le 19 juin \u00e0 Abidjan,\u00a0 le secr\u00e9taire ex\u00e9cutif du parti D\u00e9mocratique de C\u00f4te d&rsquo;Ivoire ( PDCI) Maurice Kakou Guikahue, a demand\u00e9 la prorogation de la date limite de l&rsquo; op\u00e9ration de r\u00e9vision de la liste \u00e9lectorale. \u00ab\u00a0Nous demandons la prorogation de la date de cl\u00f4ture de l\u2019op\u00e9ration de r\u00e9vision [&hellip;]","og_url":"https:\/\/www.amanien.info\/news\/revision-de-la-liste-electorale-le-pdci-souhaite-une-prorogation\/","og_site_name":"Amanien| L&#039;actualit\u00e9 Ivoirienne et Internationale","article_published_time":"2020-06-21T06:31:12+00:00","article_modified_time":"2020-06-21T06:31:37+00:00","og_image":[{"width":720,"height":480,"url":"https:\/\/www.amanien.info\/news\/wp-content\/uploads\/2020\/06\/15926528772451952558846.png","type":"image\/png"}],"author":"Germain Ndri","twitter_card":"summary_large_image","twitter_misc":{"\u00c9crit par":"Germain Ndri","Dur\u00e9e de lecture estim\u00e9e":"1 minute"},"schema":{"@context":"https:\/\/schema.org","@graph":[{"@type":"Article","@id":"https:\/\/www.amanien.info\/news\/revision-de-la-liste-electorale-le-pdci-souhaite-une-prorogation\/#article","isPartOf":{"@id":"https:\/\/www.amanien.info\/news\/revision-de-la-liste-electorale-le-pdci-souhaite-une-prorogation\/"},"author":{"name":"Germain Ndri","@id":"https:\/\/www.amanien.info\/news\/#\/schema\/person\/b21093345753a1a98242d505bd894f42"},"headline":"R\u00e9vision de la liste \u00e9lectorale: Le PDCI souhaite une prorogation\u00a0","datePublished":"2020-06-21T06:31:12+00:00","dateModified":"2020-06-21T06:31:37+00:00","mainEntityOfPage":{"@id":"https:\/\/www.amanien.info\/news\/revision-de-la-liste-electorale-le-pdci-souhaite-une-prorogation\/"},"wordCount":240,"commentCount":0,"image":{"@id":"https:\/\/www.amanien.info\/news\/revision-de-la-liste-electorale-le-pdci-souhaite-une-prorogation\/#primaryimage"},"thumbnailUrl":"https:\/\/www.amanien.info\/news\/wp-content\/uploads\/2020\/06\/15926528772451952558846.png","inLanguage":"fr-FR"},{"@type":"WebPage","@id":"https:\/\/www.amanien.info\/news\/revision-de-la-liste-electorale-le-pdci-souhaite-une-prorogation\/","url":"https:\/\/www.amanien.info\/news\/revision-de-la-liste-electorale-le-pdci-souhaite-une-prorogation\/","name":"R\u00e9vision de la liste \u00e9lectorale: Le PDCI souhaite une prorogation\u00a0 - Amanien| L&#039;actualit\u00e9 Ivoirienne et Internationale","isPartOf":{"@id":"https:\/\/www.amanien.info\/news\/#website"},"primaryImageOfPage":{"@id":"https:\/\/www.amanien.info\/news\/revision-de-la-liste-electorale-le-pdci-souhaite-une-prorogation\/#primaryimage"},"image":{"@id":"https:\/\/www.amanien.info\/news\/revision-de-la-liste-electorale-le-pdci-souhaite-une-prorogation\/#primaryimage"},"thumbnailUrl":"https:\/\/www.amanien.info\/news\/wp-content\/uploads\/2020\/06\/15926528772451952558846.png","datePublished":"2020-06-21T06:31:12+00:00","dateModified":"2020-06-21T06:31:37+00:00","author":{"@id":"https:\/\/www.amanien.info\/news\/#\/schema\/person\/b21093345753a1a98242d505bd894f42"},"breadcrumb":{"@id":"https:\/\/www.amanien.info\/news\/revision-de-la-liste-electorale-le-pdci-souhaite-une-prorogation\/#breadcrumb"},"inLanguage":"fr-FR","potentialAction":[{"@type":"ReadAction","target":["https:\/\/www.amanien.info\/news\/revision-de-la-liste-electorale-le-pdci-souhaite-une-prorogation\/"]}]},{"@type":"ImageObject","inLanguage":"fr-FR","@id":"https:\/\/www.amanien.info\/news\/revision-de-la-liste-electorale-le-pdci-souhaite-une-prorogation\/#primaryimage","url":"https:\/\/www.amanien.info\/news\/wp-content\/uploads\/2020\/06\/15926528772451952558846.png","contentUrl":"https:\/\/www.amanien.info\/news\/wp-content\/uploads\/2020\/06\/15926528772451952558846.png","width":720,"height":480},{"@type":"BreadcrumbList","@id":"https:\/\/www.amanien.info\/news\/revision-de-la-liste-electorale-le-pdci-souhaite-une-prorogation\/#breadcrumb","itemListElement":[{"@type":"ListItem","position":1,"name":"Accueil","item":"https:\/\/www.amanien.info\/news\/"},{"@type":"ListItem","position":2,"name":"R\u00e9vision de la liste \u00e9lectorale: Le PDCI souhaite une prorogation\u00a0"}]},{"@type":"WebSite","@id":"https:\/\/www.amanien.info\/news\/#website","url":"https:\/\/www.amanien.info\/news\/","name":"Amanien| L&#039;actualit\u00e9 Ivoirienne et Internationale","description":"L&#039;actualit\u00e9 Ivoirienne et Internationale","potentialAction":[{"@type":"SearchAction","target":{"@type":"EntryPoint","urlTemplate":"https:\/\/www.amanien.info\/news\/?s={search_term_string}"},"query-input":{"@type":"PropertyValueSpecification","valueRequired":true,"valueName":"search_term_string"}}],"inLanguage":"fr-FR"},{"@type":"Person","@id":"https:\/\/www.amanien.info\/news\/#\/schema\/person\/b21093345753a1a98242d505bd894f42","name":"Germain Ndri","url":"https:\/\/www.amanien.info\/news\/author\/amanien-infos\/"}]}},"_links":{"self":[{"href":"https:\/\/www.amanien.info\/news\/wp-json\/wp\/v2\/posts\/1356","targetHints":{"allow":["GET"]}}],"collection":[{"href":"https:\/\/www.amanien.info\/news\/wp-json\/wp\/v2\/posts"}],"about":[{"href":"https:\/\/www.amanien.info\/news\/wp-json\/wp\/v2\/types\/post"}],"author":[{"embeddable":true,"href":"https:\/\/www.amanien.info\/news\/wp-json\/wp\/v2\/users\/2"}],"replies":[{"embeddable":true,"href":"https:\/\/www.amanien.info\/news\/wp-json\/wp\/v2\/comments?post=1356"}],"version-history":[{"count":0,"href":"https:\/\/www.amanien.info\/news\/wp-json\/wp\/v2\/posts\/1356\/revisions"}],"wp:featuredmedia":[{"embeddable":true,"href":"https:\/\/www.amanien.info\/news\/wp-json\/wp\/v2\/media\/1357"}],"wp:attachment":[{"href":"https:\/\/www.amanien.info\/news\/wp-json\/wp\/v2\/media?parent=1356"}],"wp:term":[{"taxonomy":"category","embeddable":true,"href":"https:\/\/www.amanien.info\/news\/wp-json\/wp\/v2\/categories?post=1356"},{"taxonomy":"post_tag","embeddable":true,"href":"https:\/\/www.amanien.info\/news\/wp-json\/wp\/v2\/tags?post=1356"}],"curies":[{"name":"wp","href":"https:\/\/api.w.org\/{rel}","templated":true}]}}