{"id":1350,"date":"2020-06-19T10:19:02","date_gmt":"2020-06-19T08:19:02","guid":{"rendered":"http:\/\/https:\/\/zozo.buyee.jp\/\/news\/?p=1350"},"modified":"2020-06-19T10:21:43","modified_gmt":"2020-06-19T08:21:43","slug":"13-personnes-trouvent-la-mort-dans-un-eboulement-a-anyama","status":"publish","type":"post","link":"https:\/\/www.amanien.info\/news\/13-personnes-trouvent-la-mort-dans-un-eboulement-a-anyama\/","title":{"rendered":"13 personnes trouvent la mort dans un \u00e9boulement \u00e0 Anyama"},"content":{"rendered":"<p>Dans la nuit du 17 au 18 Juin 2020, les fortes pluies qui se sont abattues sur la Commune d\u2019Anyama, ont entra\u00een\u00e9 un glissement de terrain avec coul\u00e9e de boue. Le bilan provisoire fait \u00e9tat de 13 personnes d\u00e9c\u00e9d\u00e9es, 03 bless\u00e9s dont 02 \u00e9vacu\u00e9s \u00e0 l\u2019h\u00f4pital G\u00e9n\u00e9ral d\u2019Anyama et des personnes port\u00e9es-disparues. Les recherches se poursuivent.<\/p>\n<p>La voie ferr\u00e9e est coup\u00e9e au niveau du quartier Rails. \u00a0D\u2019importantes mesures ont \u00e9t\u00e9 prises au profit des personnes sinistr\u00e9es.<\/p>\n<p>Le Gouvernement pr\u00e9sente ses condol\u00e9ances les plus attrist\u00e9es aux familles des victimes et souhaite un prompt r\u00e9tablissement aux personnes bless\u00e9es. Dans ce communiqu\u00e9, le gouvernement rappelle \u00e0 toutes les populations l\u2019urgence de quitter les zones identifi\u00e9es \u00e0 risque et inondables. La m\u00e9t\u00e9o indique de fortes pr\u00e9cipitations pendant cette saison des pluies. Aussi, les populations sont-elles invit\u00e9es \u00e0 observer la plus grande prudence et la vigilance.<\/p>\n<p>Fait \u00e0 Abidjan, le 18 juin 2020<br \/>\nBP V 241 Abidjan (225) 20 25 8787 &#8211; Fax (225) 20 32 32 27<\/p>\n<p>Vagondo DIOMANOE<br \/>\nG\u00e9n\u00e9ral de Corps d\u2019Arm\u00e9e<\/p>\n","protected":false},"excerpt":{"rendered":"<p>Dans la nuit du 17 au 18 Juin 2020, les fortes pluies qui se sont abattues sur la Commune d\u2019Anyama, ont entra\u00een\u00e9 un glissement de terrain avec coul\u00e9e de boue. Le bilan provisoire fait \u00e9tat de 13 personnes d\u00e9c\u00e9d\u00e9es, 03 bless\u00e9s dont 02 \u00e9vacu\u00e9s \u00e0 l\u2019h\u00f4pital G\u00e9n\u00e9ral d\u2019Anyama et des personnes port\u00e9es-disparues. Les recherches se [&hellip;]<\/p>\n","protected":false},"author":2,"featured_media":1351,"comment_status":"open","ping_status":"open","sticky":true,"template":"","format":"standard","meta":{"_acf_changed":false,"footnotes":""},"categories":[],"tags":[],"class_list":["post-1350","post","type-post","status-publish","format-standard","has-post-thumbnail","hentry"],"acf":[],"yoast_head":"<!-- This site is optimized with the Yoast SEO plugin v27.5 - https:\/\/yoast.com\/product\/yoast-seo-wordpress\/ -->\n<title>13 personnes trouvent la mort dans un \u00e9boulement \u00e0 Anyama - Amanien| L&#039;actualit\u00e9 Ivoirienne et Internationale<\/title>\n<meta name=\"robots\" content=\"index, follow, max-snippet:-1, max-image-preview:large, max-video-preview:-1\" \/>\n<link rel=\"canonical\" href=\"https:\/\/www.amanien.info\/news\/13-personnes-trouvent-la-mort-dans-un-eboulement-a-anyama\/\" \/>\n<meta property=\"og:locale\" content=\"fr_FR\" \/>\n<meta property=\"og:type\" content=\"article\" \/>\n<meta property=\"og:title\" content=\"13 personnes trouvent la mort dans un \u00e9boulement \u00e0 Anyama - Amanien| L&#039;actualit\u00e9 Ivoirienne et Internationale\" \/>\n<meta property=\"og:description\" content=\"Dans la nuit du 17 au 18 Juin 2020, les fortes pluies qui se sont abattues sur la Commune d\u2019Anyama, ont entra\u00een\u00e9 un glissement de terrain avec coul\u00e9e de boue. Le bilan provisoire fait \u00e9tat de 13 personnes d\u00e9c\u00e9d\u00e9es, 03 bless\u00e9s dont 02 \u00e9vacu\u00e9s \u00e0 l\u2019h\u00f4pital G\u00e9n\u00e9ral d\u2019Anyama et des personnes port\u00e9es-disparues. Les recherches se [&hellip;]\" \/>\n<meta property=\"og:url\" content=\"https:\/\/www.amanien.info\/news\/13-personnes-trouvent-la-mort-dans-un-eboulement-a-anyama\/\" \/>\n<meta property=\"og:site_name\" content=\"Amanien| L&#039;actualit\u00e9 Ivoirienne et Internationale\" \/>\n<meta property=\"article:published_time\" content=\"2020-06-19T08:19:02+00:00\" \/>\n<meta property=\"article:modified_time\" content=\"2020-06-19T08:21:43+00:00\" \/>\n<meta property=\"og:image\" content=\"https:\/\/www.amanien.info\/news\/wp-content\/uploads\/2020\/06\/anyaman-0002.jpg\" \/>\n\t<meta property=\"og:image:width\" content=\"400\" \/>\n\t<meta property=\"og:image:height\" content=\"266\" \/>\n\t<meta property=\"og:image:type\" content=\"image\/jpeg\" \/>\n<meta name=\"author\" content=\"Germain Ndri\" \/>\n<meta name=\"twitter:card\" content=\"summary_large_image\" \/>\n<meta name=\"twitter:label1\" content=\"\u00c9crit par\" \/>\n\t<meta name=\"twitter:data1\" content=\"Germain Ndri\" \/>\n\t<meta name=\"twitter:label2\" content=\"Dur\u00e9e de lecture estim\u00e9e\" \/>\n\t<meta name=\"twitter:data2\" content=\"1 minute\" \/>\n<script type=\"application\/ld+json\" class=\"yoast-schema-graph\">{\"@context\":\"https:\\\/\\\/schema.org\",\"@graph\":[{\"@type\":\"Article\",\"@id\":\"https:\\\/\\\/www.amanien.info\\\/news\\\/13-personnes-trouvent-la-mort-dans-un-eboulement-a-anyama\\\/#article\",\"isPartOf\":{\"@id\":\"https:\\\/\\\/www.amanien.info\\\/news\\\/13-personnes-trouvent-la-mort-dans-un-eboulement-a-anyama\\\/\"},\"author\":{\"name\":\"Germain Ndri\",\"@id\":\"https:\\\/\\\/www.amanien.info\\\/news\\\/#\\\/schema\\\/person\\\/b21093345753a1a98242d505bd894f42\"},\"headline\":\"13 personnes trouvent la mort dans un \u00e9boulement \u00e0 Anyama\",\"datePublished\":\"2020-06-19T08:19:02+00:00\",\"dateModified\":\"2020-06-19T08:21:43+00:00\",\"mainEntityOfPage\":{\"@id\":\"https:\\\/\\\/www.amanien.info\\\/news\\\/13-personnes-trouvent-la-mort-dans-un-eboulement-a-anyama\\\/\"},\"wordCount\":187,\"commentCount\":0,\"image\":{\"@id\":\"https:\\\/\\\/www.amanien.info\\\/news\\\/13-personnes-trouvent-la-mort-dans-un-eboulement-a-anyama\\\/#primaryimage\"},\"thumbnailUrl\":\"https:\\\/\\\/www.amanien.info\\\/news\\\/wp-content\\\/uploads\\\/2020\\\/06\\\/anyaman-0002.jpg\",\"inLanguage\":\"fr-FR\"},{\"@type\":\"WebPage\",\"@id\":\"https:\\\/\\\/www.amanien.info\\\/news\\\/13-personnes-trouvent-la-mort-dans-un-eboulement-a-anyama\\\/\",\"url\":\"https:\\\/\\\/www.amanien.info\\\/news\\\/13-personnes-trouvent-la-mort-dans-un-eboulement-a-anyama\\\/\",\"name\":\"13 personnes trouvent la mort dans un \u00e9boulement \u00e0 Anyama - Amanien| L&#039;actualit\u00e9 Ivoirienne et Internationale\",\"isPartOf\":{\"@id\":\"https:\\\/\\\/www.amanien.info\\\/news\\\/#website\"},\"primaryImageOfPage\":{\"@id\":\"https:\\\/\\\/www.amanien.info\\\/news\\\/13-personnes-trouvent-la-mort-dans-un-eboulement-a-anyama\\\/#primaryimage\"},\"image\":{\"@id\":\"https:\\\/\\\/www.amanien.info\\\/news\\\/13-personnes-trouvent-la-mort-dans-un-eboulement-a-anyama\\\/#primaryimage\"},\"thumbnailUrl\":\"https:\\\/\\\/www.amanien.info\\\/news\\\/wp-content\\\/uploads\\\/2020\\\/06\\\/anyaman-0002.jpg\",\"datePublished\":\"2020-06-19T08:19:02+00:00\",\"dateModified\":\"2020-06-19T08:21:43+00:00\",\"author\":{\"@id\":\"https:\\\/\\\/www.amanien.info\\\/news\\\/#\\\/schema\\\/person\\\/b21093345753a1a98242d505bd894f42\"},\"breadcrumb\":{\"@id\":\"https:\\\/\\\/www.amanien.info\\\/news\\\/13-personnes-trouvent-la-mort-dans-un-eboulement-a-anyama\\\/#breadcrumb\"},\"inLanguage\":\"fr-FR\",\"potentialAction\":[{\"@type\":\"ReadAction\",\"target\":[\"https:\\\/\\\/www.amanien.info\\\/news\\\/13-personnes-trouvent-la-mort-dans-un-eboulement-a-anyama\\\/\"]}]},{\"@type\":\"ImageObject\",\"inLanguage\":\"fr-FR\",\"@id\":\"https:\\\/\\\/www.amanien.info\\\/news\\\/13-personnes-trouvent-la-mort-dans-un-eboulement-a-anyama\\\/#primaryimage\",\"url\":\"https:\\\/\\\/www.amanien.info\\\/news\\\/wp-content\\\/uploads\\\/2020\\\/06\\\/anyaman-0002.jpg\",\"contentUrl\":\"https:\\\/\\\/www.amanien.info\\\/news\\\/wp-content\\\/uploads\\\/2020\\\/06\\\/anyaman-0002.jpg\",\"width\":400,\"height\":266},{\"@type\":\"BreadcrumbList\",\"@id\":\"https:\\\/\\\/www.amanien.info\\\/news\\\/13-personnes-trouvent-la-mort-dans-un-eboulement-a-anyama\\\/#breadcrumb\",\"itemListElement\":[{\"@type\":\"ListItem\",\"position\":1,\"name\":\"Accueil\",\"item\":\"https:\\\/\\\/www.amanien.info\\\/news\\\/\"},{\"@type\":\"ListItem\",\"position\":2,\"name\":\"13 personnes trouvent la mort dans un \u00e9boulement \u00e0 Anyama\"}]},{\"@type\":\"WebSite\",\"@id\":\"https:\\\/\\\/www.amanien.info\\\/news\\\/#website\",\"url\":\"https:\\\/\\\/www.amanien.info\\\/news\\\/\",\"name\":\"Amanien| L&#039;actualit\u00e9 Ivoirienne et Internationale\",\"description\":\"L&#039;actualit\u00e9 Ivoirienne et Internationale\",\"potentialAction\":[{\"@type\":\"SearchAction\",\"target\":{\"@type\":\"EntryPoint\",\"urlTemplate\":\"https:\\\/\\\/www.amanien.info\\\/news\\\/?s={search_term_string}\"},\"query-input\":{\"@type\":\"PropertyValueSpecification\",\"valueRequired\":true,\"valueName\":\"search_term_string\"}}],\"inLanguage\":\"fr-FR\"},{\"@type\":\"Person\",\"@id\":\"https:\\\/\\\/www.amanien.info\\\/news\\\/#\\\/schema\\\/person\\\/b21093345753a1a98242d505bd894f42\",\"name\":\"Germain Ndri\",\"url\":\"https:\\\/\\\/www.amanien.info\\\/news\\\/author\\\/amanien-infos\\\/\"}]}<\/script>\n<!-- \/ Yoast SEO plugin. -->","yoast_head_json":{"title":"13 personnes trouvent la mort dans un \u00e9boulement \u00e0 Anyama - Amanien| L&#039;actualit\u00e9 Ivoirienne et Internationale","robots":{"index":"index","follow":"follow","max-snippet":"max-snippet:-1","max-image-preview":"max-image-preview:large","max-video-preview":"max-video-preview:-1"},"canonical":"https:\/\/www.amanien.info\/news\/13-personnes-trouvent-la-mort-dans-un-eboulement-a-anyama\/","og_locale":"fr_FR","og_type":"article","og_title":"13 personnes trouvent la mort dans un \u00e9boulement \u00e0 Anyama - Amanien| L&#039;actualit\u00e9 Ivoirienne et Internationale","og_description":"Dans la nuit du 17 au 18 Juin 2020, les fortes pluies qui se sont abattues sur la Commune d\u2019Anyama, ont entra\u00een\u00e9 un glissement de terrain avec coul\u00e9e de boue. Le bilan provisoire fait \u00e9tat de 13 personnes d\u00e9c\u00e9d\u00e9es, 03 bless\u00e9s dont 02 \u00e9vacu\u00e9s \u00e0 l\u2019h\u00f4pital G\u00e9n\u00e9ral d\u2019Anyama et des personnes port\u00e9es-disparues. Les recherches se [&hellip;]","og_url":"https:\/\/www.amanien.info\/news\/13-personnes-trouvent-la-mort-dans-un-eboulement-a-anyama\/","og_site_name":"Amanien| L&#039;actualit\u00e9 Ivoirienne et Internationale","article_published_time":"2020-06-19T08:19:02+00:00","article_modified_time":"2020-06-19T08:21:43+00:00","og_image":[{"width":400,"height":266,"url":"https:\/\/www.amanien.info\/news\/wp-content\/uploads\/2020\/06\/anyaman-0002.jpg","type":"image\/jpeg"}],"author":"Germain Ndri","twitter_card":"summary_large_image","twitter_misc":{"\u00c9crit par":"Germain Ndri","Dur\u00e9e de lecture estim\u00e9e":"1 minute"},"schema":{"@context":"https:\/\/schema.org","@graph":[{"@type":"Article","@id":"https:\/\/www.amanien.info\/news\/13-personnes-trouvent-la-mort-dans-un-eboulement-a-anyama\/#article","isPartOf":{"@id":"https:\/\/www.amanien.info\/news\/13-personnes-trouvent-la-mort-dans-un-eboulement-a-anyama\/"},"author":{"name":"Germain Ndri","@id":"https:\/\/www.amanien.info\/news\/#\/schema\/person\/b21093345753a1a98242d505bd894f42"},"headline":"13 personnes trouvent la mort dans un \u00e9boulement \u00e0 Anyama","datePublished":"2020-06-19T08:19:02+00:00","dateModified":"2020-06-19T08:21:43+00:00","mainEntityOfPage":{"@id":"https:\/\/www.amanien.info\/news\/13-personnes-trouvent-la-mort-dans-un-eboulement-a-anyama\/"},"wordCount":187,"commentCount":0,"image":{"@id":"https:\/\/www.amanien.info\/news\/13-personnes-trouvent-la-mort-dans-un-eboulement-a-anyama\/#primaryimage"},"thumbnailUrl":"https:\/\/www.amanien.info\/news\/wp-content\/uploads\/2020\/06\/anyaman-0002.jpg","inLanguage":"fr-FR"},{"@type":"WebPage","@id":"https:\/\/www.amanien.info\/news\/13-personnes-trouvent-la-mort-dans-un-eboulement-a-anyama\/","url":"https:\/\/www.amanien.info\/news\/13-personnes-trouvent-la-mort-dans-un-eboulement-a-anyama\/","name":"13 personnes trouvent la mort dans un \u00e9boulement \u00e0 Anyama - Amanien| L&#039;actualit\u00e9 Ivoirienne et Internationale","isPartOf":{"@id":"https:\/\/www.amanien.info\/news\/#website"},"primaryImageOfPage":{"@id":"https:\/\/www.amanien.info\/news\/13-personnes-trouvent-la-mort-dans-un-eboulement-a-anyama\/#primaryimage"},"image":{"@id":"https:\/\/www.amanien.info\/news\/13-personnes-trouvent-la-mort-dans-un-eboulement-a-anyama\/#primaryimage"},"thumbnailUrl":"https:\/\/www.amanien.info\/news\/wp-content\/uploads\/2020\/06\/anyaman-0002.jpg","datePublished":"2020-06-19T08:19:02+00:00","dateModified":"2020-06-19T08:21:43+00:00","author":{"@id":"https:\/\/www.amanien.info\/news\/#\/schema\/person\/b21093345753a1a98242d505bd894f42"},"breadcrumb":{"@id":"https:\/\/www.amanien.info\/news\/13-personnes-trouvent-la-mort-dans-un-eboulement-a-anyama\/#breadcrumb"},"inLanguage":"fr-FR","potentialAction":[{"@type":"ReadAction","target":["https:\/\/www.amanien.info\/news\/13-personnes-trouvent-la-mort-dans-un-eboulement-a-anyama\/"]}]},{"@type":"ImageObject","inLanguage":"fr-FR","@id":"https:\/\/www.amanien.info\/news\/13-personnes-trouvent-la-mort-dans-un-eboulement-a-anyama\/#primaryimage","url":"https:\/\/www.amanien.info\/news\/wp-content\/uploads\/2020\/06\/anyaman-0002.jpg","contentUrl":"https:\/\/www.amanien.info\/news\/wp-content\/uploads\/2020\/06\/anyaman-0002.jpg","width":400,"height":266},{"@type":"BreadcrumbList","@id":"https:\/\/www.amanien.info\/news\/13-personnes-trouvent-la-mort-dans-un-eboulement-a-anyama\/#breadcrumb","itemListElement":[{"@type":"ListItem","position":1,"name":"Accueil","item":"https:\/\/www.amanien.info\/news\/"},{"@type":"ListItem","position":2,"name":"13 personnes trouvent la mort dans un \u00e9boulement \u00e0 Anyama"}]},{"@type":"WebSite","@id":"https:\/\/www.amanien.info\/news\/#website","url":"https:\/\/www.amanien.info\/news\/","name":"Amanien| L&#039;actualit\u00e9 Ivoirienne et Internationale","description":"L&#039;actualit\u00e9 Ivoirienne et Internationale","potentialAction":[{"@type":"SearchAction","target":{"@type":"EntryPoint","urlTemplate":"https:\/\/www.amanien.info\/news\/?s={search_term_string}"},"query-input":{"@type":"PropertyValueSpecification","valueRequired":true,"valueName":"search_term_string"}}],"inLanguage":"fr-FR"},{"@type":"Person","@id":"https:\/\/www.amanien.info\/news\/#\/schema\/person\/b21093345753a1a98242d505bd894f42","name":"Germain Ndri","url":"https:\/\/www.amanien.info\/news\/author\/amanien-infos\/"}]}},"_links":{"self":[{"href":"https:\/\/www.amanien.info\/news\/wp-json\/wp\/v2\/posts\/1350","targetHints":{"allow":["GET"]}}],"collection":[{"href":"https:\/\/www.amanien.info\/news\/wp-json\/wp\/v2\/posts"}],"about":[{"href":"https:\/\/www.amanien.info\/news\/wp-json\/wp\/v2\/types\/post"}],"author":[{"embeddable":true,"href":"https:\/\/www.amanien.info\/news\/wp-json\/wp\/v2\/users\/2"}],"replies":[{"embeddable":true,"href":"https:\/\/www.amanien.info\/news\/wp-json\/wp\/v2\/comments?post=1350"}],"version-history":[{"count":0,"href":"https:\/\/www.amanien.info\/news\/wp-json\/wp\/v2\/posts\/1350\/revisions"}],"wp:featuredmedia":[{"embeddable":true,"href":"https:\/\/www.amanien.info\/news\/wp-json\/wp\/v2\/media\/1351"}],"wp:attachment":[{"href":"https:\/\/www.amanien.info\/news\/wp-json\/wp\/v2\/media?parent=1350"}],"wp:term":[{"taxonomy":"category","embeddable":true,"href":"https:\/\/www.amanien.info\/news\/wp-json\/wp\/v2\/categories?post=1350"},{"taxonomy":"post_tag","embeddable":true,"href":"https:\/\/www.amanien.info\/news\/wp-json\/wp\/v2\/tags?post=1350"}],"curies":[{"name":"wp","href":"https:\/\/api.w.org\/{rel}","templated":true}]}}