{"id":1347,"date":"2020-06-18T16:47:55","date_gmt":"2020-06-18T14:47:55","guid":{"rendered":"http:\/\/https:\/\/zozo.buyee.jp\/\/news\/?p=1347"},"modified":"2020-06-18T16:48:17","modified_gmt":"2020-06-18T14:48:17","slug":"covid-19-plus-de-6000-cas-enregistres","status":"publish","type":"post","link":"https:\/\/www.amanien.info\/news\/covid-19-plus-de-6000-cas-enregistres\/","title":{"rendered":"Covid-19: Plus de 6000 cas enregistr\u00e9s"},"content":{"rendered":"<div class=\"msg-body P_wpofO mq_AS\" data-test-id=\"message-view-body-content\">\n<div class=\"jb_0 X_6MGW N_6Fd5\">\n<div>\n<div id=\"yiv5639320168\">\n<blockquote class=\"yiv5639320168gmail_quote\">\n<div>\n<div><\/div>\n<div><\/div>\n<div><\/div>\n<div>384 nouveaux cas de Covid-19 ont \u00e9t\u00e9 enregistr\u00e9s le 17 juin, sur 1214 \u00e9chantillons pr\u00e9lev\u00e9s,\u00a0 soit 31,6% de cas positifs, 112 gu\u00e9ris et 02 d\u00e9c\u00e8s.<\/div>\n<\/div>\n<\/blockquote>\n<div>\u00a0La C\u00f4te d&rsquo; Ivoire compte d\u00e9sormais 6063 cas confirm\u00e9s dont 2749 personnes gu\u00e9ries, 48 d\u00e9c\u00e8s et 3266 cas actifs, pour un nombre total d\u2019\u00e9chantillons estim\u00e9 \u00e0 39 851.<br \/>\nFace \u00e0 cette situation, le gouvernement invite les populations\u00a0 au respect des mesures barri\u00e8res. A savoir le lavage r\u00e9gulier des mains avec de l\u2019eau et du savon, ou \u00e0 d\u00e9faut l&rsquo;utilisation du gel hydroalcolique pour se d\u00e9sinfecter les mains, ensuite\u00a0 \u00a0le port obligatoire du masque dans les espaces publics.<\/div>\n<div>C. W<\/div>\n<\/div>\n<\/div>\n<\/div>\n<\/div>\n","protected":false},"excerpt":{"rendered":"<p>384 nouveaux cas de Covid-19 ont \u00e9t\u00e9 enregistr\u00e9s le 17 juin, sur 1214 \u00e9chantillons pr\u00e9lev\u00e9s,\u00a0 soit 31,6% de cas positifs, 112 gu\u00e9ris et 02 d\u00e9c\u00e8s. \u00a0La C\u00f4te d&rsquo; Ivoire compte d\u00e9sormais 6063 cas confirm\u00e9s dont 2749 personnes gu\u00e9ries, 48 d\u00e9c\u00e8s et 3266 cas actifs, pour un nombre total d\u2019\u00e9chantillons estim\u00e9 \u00e0 39 851. Face \u00e0 [&hellip;]<\/p>\n","protected":false},"author":2,"featured_media":1153,"comment_status":"open","ping_status":"open","sticky":true,"template":"","format":"standard","meta":{"_acf_changed":false,"footnotes":""},"categories":[],"tags":[],"class_list":["post-1347","post","type-post","status-publish","format-standard","has-post-thumbnail","hentry"],"acf":[],"yoast_head":"<!-- This site is optimized with the Yoast SEO plugin v27.5 - https:\/\/yoast.com\/product\/yoast-seo-wordpress\/ -->\n<title>Covid-19: Plus de 6000 cas enregistr\u00e9s - Amanien| L&#039;actualit\u00e9 Ivoirienne et Internationale<\/title>\n<meta name=\"robots\" content=\"index, follow, max-snippet:-1, max-image-preview:large, max-video-preview:-1\" \/>\n<link rel=\"canonical\" href=\"https:\/\/www.amanien.info\/news\/covid-19-plus-de-6000-cas-enregistres\/\" \/>\n<meta property=\"og:locale\" content=\"fr_FR\" \/>\n<meta property=\"og:type\" content=\"article\" \/>\n<meta property=\"og:title\" content=\"Covid-19: Plus de 6000 cas enregistr\u00e9s - Amanien| L&#039;actualit\u00e9 Ivoirienne et Internationale\" \/>\n<meta property=\"og:description\" content=\"384 nouveaux cas de Covid-19 ont \u00e9t\u00e9 enregistr\u00e9s le 17 juin, sur 1214 \u00e9chantillons pr\u00e9lev\u00e9s,\u00a0 soit 31,6% de cas positifs, 112 gu\u00e9ris et 02 d\u00e9c\u00e8s. \u00a0La C\u00f4te d&rsquo; Ivoire compte d\u00e9sormais 6063 cas confirm\u00e9s dont 2749 personnes gu\u00e9ries, 48 d\u00e9c\u00e8s et 3266 cas actifs, pour un nombre total d\u2019\u00e9chantillons estim\u00e9 \u00e0 39 851. Face \u00e0 [&hellip;]\" \/>\n<meta property=\"og:url\" content=\"https:\/\/www.amanien.info\/news\/covid-19-plus-de-6000-cas-enregistres\/\" \/>\n<meta property=\"og:site_name\" content=\"Amanien| L&#039;actualit\u00e9 Ivoirienne et Internationale\" \/>\n<meta property=\"article:published_time\" content=\"2020-06-18T14:47:55+00:00\" \/>\n<meta property=\"article:modified_time\" content=\"2020-06-18T14:48:17+00:00\" \/>\n<meta property=\"og:image\" content=\"https:\/\/www.amanien.info\/news\/wp-content\/uploads\/2020\/06\/1583397266636-1656869319.jpg\" \/>\n\t<meta property=\"og:image:width\" content=\"461\" \/>\n\t<meta property=\"og:image:height\" content=\"308\" \/>\n\t<meta property=\"og:image:type\" content=\"image\/jpeg\" \/>\n<meta name=\"author\" content=\"Germain Ndri\" \/>\n<meta name=\"twitter:card\" content=\"summary_large_image\" \/>\n<meta name=\"twitter:label1\" content=\"\u00c9crit par\" \/>\n\t<meta name=\"twitter:data1\" content=\"Germain Ndri\" \/>\n\t<meta name=\"twitter:label2\" content=\"Dur\u00e9e de lecture estim\u00e9e\" \/>\n\t<meta name=\"twitter:data2\" content=\"1 minute\" \/>\n<script type=\"application\/ld+json\" class=\"yoast-schema-graph\">{\"@context\":\"https:\\\/\\\/schema.org\",\"@graph\":[{\"@type\":\"Article\",\"@id\":\"https:\\\/\\\/www.amanien.info\\\/news\\\/covid-19-plus-de-6000-cas-enregistres\\\/#article\",\"isPartOf\":{\"@id\":\"https:\\\/\\\/www.amanien.info\\\/news\\\/covid-19-plus-de-6000-cas-enregistres\\\/\"},\"author\":{\"name\":\"Germain Ndri\",\"@id\":\"https:\\\/\\\/www.amanien.info\\\/news\\\/#\\\/schema\\\/person\\\/b21093345753a1a98242d505bd894f42\"},\"headline\":\"Covid-19: Plus de 6000 cas enregistr\u00e9s\",\"datePublished\":\"2020-06-18T14:47:55+00:00\",\"dateModified\":\"2020-06-18T14:48:17+00:00\",\"mainEntityOfPage\":{\"@id\":\"https:\\\/\\\/www.amanien.info\\\/news\\\/covid-19-plus-de-6000-cas-enregistres\\\/\"},\"wordCount\":114,\"commentCount\":0,\"image\":{\"@id\":\"https:\\\/\\\/www.amanien.info\\\/news\\\/covid-19-plus-de-6000-cas-enregistres\\\/#primaryimage\"},\"thumbnailUrl\":\"https:\\\/\\\/www.amanien.info\\\/news\\\/wp-content\\\/uploads\\\/2020\\\/06\\\/1583397266636-1656869319.jpg\",\"inLanguage\":\"fr-FR\"},{\"@type\":\"WebPage\",\"@id\":\"https:\\\/\\\/www.amanien.info\\\/news\\\/covid-19-plus-de-6000-cas-enregistres\\\/\",\"url\":\"https:\\\/\\\/www.amanien.info\\\/news\\\/covid-19-plus-de-6000-cas-enregistres\\\/\",\"name\":\"Covid-19: Plus de 6000 cas enregistr\u00e9s - Amanien| L&#039;actualit\u00e9 Ivoirienne et Internationale\",\"isPartOf\":{\"@id\":\"https:\\\/\\\/www.amanien.info\\\/news\\\/#website\"},\"primaryImageOfPage\":{\"@id\":\"https:\\\/\\\/www.amanien.info\\\/news\\\/covid-19-plus-de-6000-cas-enregistres\\\/#primaryimage\"},\"image\":{\"@id\":\"https:\\\/\\\/www.amanien.info\\\/news\\\/covid-19-plus-de-6000-cas-enregistres\\\/#primaryimage\"},\"thumbnailUrl\":\"https:\\\/\\\/www.amanien.info\\\/news\\\/wp-content\\\/uploads\\\/2020\\\/06\\\/1583397266636-1656869319.jpg\",\"datePublished\":\"2020-06-18T14:47:55+00:00\",\"dateModified\":\"2020-06-18T14:48:17+00:00\",\"author\":{\"@id\":\"https:\\\/\\\/www.amanien.info\\\/news\\\/#\\\/schema\\\/person\\\/b21093345753a1a98242d505bd894f42\"},\"breadcrumb\":{\"@id\":\"https:\\\/\\\/www.amanien.info\\\/news\\\/covid-19-plus-de-6000-cas-enregistres\\\/#breadcrumb\"},\"inLanguage\":\"fr-FR\",\"potentialAction\":[{\"@type\":\"ReadAction\",\"target\":[\"https:\\\/\\\/www.amanien.info\\\/news\\\/covid-19-plus-de-6000-cas-enregistres\\\/\"]}]},{\"@type\":\"ImageObject\",\"inLanguage\":\"fr-FR\",\"@id\":\"https:\\\/\\\/www.amanien.info\\\/news\\\/covid-19-plus-de-6000-cas-enregistres\\\/#primaryimage\",\"url\":\"https:\\\/\\\/www.amanien.info\\\/news\\\/wp-content\\\/uploads\\\/2020\\\/06\\\/1583397266636-1656869319.jpg\",\"contentUrl\":\"https:\\\/\\\/www.amanien.info\\\/news\\\/wp-content\\\/uploads\\\/2020\\\/06\\\/1583397266636-1656869319.jpg\",\"width\":461,\"height\":308},{\"@type\":\"BreadcrumbList\",\"@id\":\"https:\\\/\\\/www.amanien.info\\\/news\\\/covid-19-plus-de-6000-cas-enregistres\\\/#breadcrumb\",\"itemListElement\":[{\"@type\":\"ListItem\",\"position\":1,\"name\":\"Accueil\",\"item\":\"https:\\\/\\\/www.amanien.info\\\/news\\\/\"},{\"@type\":\"ListItem\",\"position\":2,\"name\":\"Covid-19: Plus de 6000 cas enregistr\u00e9s\"}]},{\"@type\":\"WebSite\",\"@id\":\"https:\\\/\\\/www.amanien.info\\\/news\\\/#website\",\"url\":\"https:\\\/\\\/www.amanien.info\\\/news\\\/\",\"name\":\"Amanien| L&#039;actualit\u00e9 Ivoirienne et Internationale\",\"description\":\"L&#039;actualit\u00e9 Ivoirienne et Internationale\",\"potentialAction\":[{\"@type\":\"SearchAction\",\"target\":{\"@type\":\"EntryPoint\",\"urlTemplate\":\"https:\\\/\\\/www.amanien.info\\\/news\\\/?s={search_term_string}\"},\"query-input\":{\"@type\":\"PropertyValueSpecification\",\"valueRequired\":true,\"valueName\":\"search_term_string\"}}],\"inLanguage\":\"fr-FR\"},{\"@type\":\"Person\",\"@id\":\"https:\\\/\\\/www.amanien.info\\\/news\\\/#\\\/schema\\\/person\\\/b21093345753a1a98242d505bd894f42\",\"name\":\"Germain Ndri\",\"url\":\"https:\\\/\\\/www.amanien.info\\\/news\\\/author\\\/amanien-infos\\\/\"}]}<\/script>\n<!-- \/ Yoast SEO plugin. -->","yoast_head_json":{"title":"Covid-19: Plus de 6000 cas enregistr\u00e9s - Amanien| L&#039;actualit\u00e9 Ivoirienne et Internationale","robots":{"index":"index","follow":"follow","max-snippet":"max-snippet:-1","max-image-preview":"max-image-preview:large","max-video-preview":"max-video-preview:-1"},"canonical":"https:\/\/www.amanien.info\/news\/covid-19-plus-de-6000-cas-enregistres\/","og_locale":"fr_FR","og_type":"article","og_title":"Covid-19: Plus de 6000 cas enregistr\u00e9s - Amanien| L&#039;actualit\u00e9 Ivoirienne et Internationale","og_description":"384 nouveaux cas de Covid-19 ont \u00e9t\u00e9 enregistr\u00e9s le 17 juin, sur 1214 \u00e9chantillons pr\u00e9lev\u00e9s,\u00a0 soit 31,6% de cas positifs, 112 gu\u00e9ris et 02 d\u00e9c\u00e8s. \u00a0La C\u00f4te d&rsquo; Ivoire compte d\u00e9sormais 6063 cas confirm\u00e9s dont 2749 personnes gu\u00e9ries, 48 d\u00e9c\u00e8s et 3266 cas actifs, pour un nombre total d\u2019\u00e9chantillons estim\u00e9 \u00e0 39 851. Face \u00e0 [&hellip;]","og_url":"https:\/\/www.amanien.info\/news\/covid-19-plus-de-6000-cas-enregistres\/","og_site_name":"Amanien| L&#039;actualit\u00e9 Ivoirienne et Internationale","article_published_time":"2020-06-18T14:47:55+00:00","article_modified_time":"2020-06-18T14:48:17+00:00","og_image":[{"width":461,"height":308,"url":"https:\/\/www.amanien.info\/news\/wp-content\/uploads\/2020\/06\/1583397266636-1656869319.jpg","type":"image\/jpeg"}],"author":"Germain Ndri","twitter_card":"summary_large_image","twitter_misc":{"\u00c9crit par":"Germain Ndri","Dur\u00e9e de lecture estim\u00e9e":"1 minute"},"schema":{"@context":"https:\/\/schema.org","@graph":[{"@type":"Article","@id":"https:\/\/www.amanien.info\/news\/covid-19-plus-de-6000-cas-enregistres\/#article","isPartOf":{"@id":"https:\/\/www.amanien.info\/news\/covid-19-plus-de-6000-cas-enregistres\/"},"author":{"name":"Germain Ndri","@id":"https:\/\/www.amanien.info\/news\/#\/schema\/person\/b21093345753a1a98242d505bd894f42"},"headline":"Covid-19: Plus de 6000 cas enregistr\u00e9s","datePublished":"2020-06-18T14:47:55+00:00","dateModified":"2020-06-18T14:48:17+00:00","mainEntityOfPage":{"@id":"https:\/\/www.amanien.info\/news\/covid-19-plus-de-6000-cas-enregistres\/"},"wordCount":114,"commentCount":0,"image":{"@id":"https:\/\/www.amanien.info\/news\/covid-19-plus-de-6000-cas-enregistres\/#primaryimage"},"thumbnailUrl":"https:\/\/www.amanien.info\/news\/wp-content\/uploads\/2020\/06\/1583397266636-1656869319.jpg","inLanguage":"fr-FR"},{"@type":"WebPage","@id":"https:\/\/www.amanien.info\/news\/covid-19-plus-de-6000-cas-enregistres\/","url":"https:\/\/www.amanien.info\/news\/covid-19-plus-de-6000-cas-enregistres\/","name":"Covid-19: Plus de 6000 cas enregistr\u00e9s - Amanien| L&#039;actualit\u00e9 Ivoirienne et Internationale","isPartOf":{"@id":"https:\/\/www.amanien.info\/news\/#website"},"primaryImageOfPage":{"@id":"https:\/\/www.amanien.info\/news\/covid-19-plus-de-6000-cas-enregistres\/#primaryimage"},"image":{"@id":"https:\/\/www.amanien.info\/news\/covid-19-plus-de-6000-cas-enregistres\/#primaryimage"},"thumbnailUrl":"https:\/\/www.amanien.info\/news\/wp-content\/uploads\/2020\/06\/1583397266636-1656869319.jpg","datePublished":"2020-06-18T14:47:55+00:00","dateModified":"2020-06-18T14:48:17+00:00","author":{"@id":"https:\/\/www.amanien.info\/news\/#\/schema\/person\/b21093345753a1a98242d505bd894f42"},"breadcrumb":{"@id":"https:\/\/www.amanien.info\/news\/covid-19-plus-de-6000-cas-enregistres\/#breadcrumb"},"inLanguage":"fr-FR","potentialAction":[{"@type":"ReadAction","target":["https:\/\/www.amanien.info\/news\/covid-19-plus-de-6000-cas-enregistres\/"]}]},{"@type":"ImageObject","inLanguage":"fr-FR","@id":"https:\/\/www.amanien.info\/news\/covid-19-plus-de-6000-cas-enregistres\/#primaryimage","url":"https:\/\/www.amanien.info\/news\/wp-content\/uploads\/2020\/06\/1583397266636-1656869319.jpg","contentUrl":"https:\/\/www.amanien.info\/news\/wp-content\/uploads\/2020\/06\/1583397266636-1656869319.jpg","width":461,"height":308},{"@type":"BreadcrumbList","@id":"https:\/\/www.amanien.info\/news\/covid-19-plus-de-6000-cas-enregistres\/#breadcrumb","itemListElement":[{"@type":"ListItem","position":1,"name":"Accueil","item":"https:\/\/www.amanien.info\/news\/"},{"@type":"ListItem","position":2,"name":"Covid-19: Plus de 6000 cas enregistr\u00e9s"}]},{"@type":"WebSite","@id":"https:\/\/www.amanien.info\/news\/#website","url":"https:\/\/www.amanien.info\/news\/","name":"Amanien| L&#039;actualit\u00e9 Ivoirienne et Internationale","description":"L&#039;actualit\u00e9 Ivoirienne et Internationale","potentialAction":[{"@type":"SearchAction","target":{"@type":"EntryPoint","urlTemplate":"https:\/\/www.amanien.info\/news\/?s={search_term_string}"},"query-input":{"@type":"PropertyValueSpecification","valueRequired":true,"valueName":"search_term_string"}}],"inLanguage":"fr-FR"},{"@type":"Person","@id":"https:\/\/www.amanien.info\/news\/#\/schema\/person\/b21093345753a1a98242d505bd894f42","name":"Germain Ndri","url":"https:\/\/www.amanien.info\/news\/author\/amanien-infos\/"}]}},"_links":{"self":[{"href":"https:\/\/www.amanien.info\/news\/wp-json\/wp\/v2\/posts\/1347","targetHints":{"allow":["GET"]}}],"collection":[{"href":"https:\/\/www.amanien.info\/news\/wp-json\/wp\/v2\/posts"}],"about":[{"href":"https:\/\/www.amanien.info\/news\/wp-json\/wp\/v2\/types\/post"}],"author":[{"embeddable":true,"href":"https:\/\/www.amanien.info\/news\/wp-json\/wp\/v2\/users\/2"}],"replies":[{"embeddable":true,"href":"https:\/\/www.amanien.info\/news\/wp-json\/wp\/v2\/comments?post=1347"}],"version-history":[{"count":0,"href":"https:\/\/www.amanien.info\/news\/wp-json\/wp\/v2\/posts\/1347\/revisions"}],"wp:featuredmedia":[{"embeddable":true,"href":"https:\/\/www.amanien.info\/news\/wp-json\/wp\/v2\/media\/1153"}],"wp:attachment":[{"href":"https:\/\/www.amanien.info\/news\/wp-json\/wp\/v2\/media?parent=1347"}],"wp:term":[{"taxonomy":"category","embeddable":true,"href":"https:\/\/www.amanien.info\/news\/wp-json\/wp\/v2\/categories?post=1347"},{"taxonomy":"post_tag","embeddable":true,"href":"https:\/\/www.amanien.info\/news\/wp-json\/wp\/v2\/tags?post=1347"}],"curies":[{"name":"wp","href":"https:\/\/api.w.org\/{rel}","templated":true}]}}