{"id":1243,"date":"2020-06-11T15:51:17","date_gmt":"2020-06-11T13:51:17","guid":{"rendered":"http:\/\/https:\/\/zozo.buyee.jp\/\/news\/?p=1243"},"modified":"2020-06-11T15:52:00","modified_gmt":"2020-06-11T13:52:00","slug":"6-ans-de-prison-pour-le-conducteur-qui-donne-la-mort-au-pr-adonis-et-sa-famille","status":"publish","type":"post","link":"https:\/\/www.amanien.info\/news\/6-ans-de-prison-pour-le-conducteur-qui-donne-la-mort-au-pr-adonis-et-sa-famille\/","title":{"rendered":"6 ans de prison pour le conducteur qui donn\u00e9 la mort au Pr Adonis et sa famille \u00a0"},"content":{"rendered":"<p>Ce lundi 8 juin, le tribunal de premi\u00e8re instance d&rsquo;Abidjan a\u00a0condamn\u00e9 \u00e0 6 ans d&#8217;emprisonnement pour homicide involontaire, le conducteur ayant provoqu\u00e9 la mort du Pr Adonis, son \u00e9poux et son fils. Son acolyte \u00e9cope de 4 ans de prison pour mise en danger de la vie d&rsquo;autrui. Quant \u00e0 la jeune fille qui se trouvait dans le v\u00e9hicule, elle a \u00e9t\u00e9 condamn\u00e9e \u00e0 6 mois de prison avec sursis.<\/p>\n<p>M\u00eame peine pour les deux tenanciers du bar dans lequel se sont amus\u00e9s, la veille du drame ces jeunes gens.<\/p>\n<p>Le conducteur du second v\u00e9hicule, qui n&rsquo;avait pas, lui non plus de permis de conduire, a pris 3 ans de prison ferme, pour mise en danger de la vie d&rsquo;autrui.<\/p>\n<p>&nbsp;<\/p>\n<p>Laurence Adonis \u00e9pouse Koffi \u00e9tait professeur titulaire de p\u00e9diatrie, et directrice de l&rsquo;unit\u00e9 de n\u00e9phrologie p\u00e9diatrique du Chu de Yopougon. Elle a \u00e9t\u00e9 tu\u00e9e en compagnie de son \u00e9poux et de son fils, alors qu&rsquo;ils faisaient leur sport matinal, le 23 mai 2020<\/p>\n","protected":false},"excerpt":{"rendered":"<p>Ce lundi 8 juin, le tribunal de premi\u00e8re instance d&rsquo;Abidjan a\u00a0condamn\u00e9 \u00e0 6 ans d&#8217;emprisonnement pour homicide involontaire, le conducteur ayant provoqu\u00e9 la mort du Pr Adonis, son \u00e9poux et son fils. Son acolyte \u00e9cope de 4 ans de prison pour mise en danger de la vie d&rsquo;autrui. Quant \u00e0 la jeune fille qui se [&hellip;]<\/p>\n","protected":false},"author":2,"featured_media":1254,"comment_status":"open","ping_status":"open","sticky":true,"template":"","format":"standard","meta":{"_acf_changed":false,"footnotes":""},"categories":[],"tags":[],"class_list":["post-1243","post","type-post","status-publish","format-standard","has-post-thumbnail","hentry"],"acf":[],"yoast_head":"<!-- This site is optimized with the Yoast SEO plugin v27.5 - https:\/\/yoast.com\/product\/yoast-seo-wordpress\/ -->\n<title>6 ans de prison pour le conducteur qui donn\u00e9 la mort au Pr Adonis et sa famille \u00a0 - Amanien| L&#039;actualit\u00e9 Ivoirienne et Internationale<\/title>\n<meta name=\"robots\" content=\"index, follow, max-snippet:-1, max-image-preview:large, max-video-preview:-1\" \/>\n<link rel=\"canonical\" href=\"https:\/\/www.amanien.info\/news\/6-ans-de-prison-pour-le-conducteur-qui-donne-la-mort-au-pr-adonis-et-sa-famille\/\" \/>\n<meta property=\"og:locale\" content=\"fr_FR\" \/>\n<meta property=\"og:type\" content=\"article\" \/>\n<meta property=\"og:title\" content=\"6 ans de prison pour le conducteur qui donn\u00e9 la mort au Pr Adonis et sa famille \u00a0 - Amanien| L&#039;actualit\u00e9 Ivoirienne et Internationale\" \/>\n<meta property=\"og:description\" content=\"Ce lundi 8 juin, le tribunal de premi\u00e8re instance d&rsquo;Abidjan a\u00a0condamn\u00e9 \u00e0 6 ans d&#8217;emprisonnement pour homicide involontaire, le conducteur ayant provoqu\u00e9 la mort du Pr Adonis, son \u00e9poux et son fils. Son acolyte \u00e9cope de 4 ans de prison pour mise en danger de la vie d&rsquo;autrui. Quant \u00e0 la jeune fille qui se [&hellip;]\" \/>\n<meta property=\"og:url\" content=\"https:\/\/www.amanien.info\/news\/6-ans-de-prison-pour-le-conducteur-qui-donne-la-mort-au-pr-adonis-et-sa-famille\/\" \/>\n<meta property=\"og:site_name\" content=\"Amanien| L&#039;actualit\u00e9 Ivoirienne et Internationale\" \/>\n<meta property=\"article:published_time\" content=\"2020-06-11T13:51:17+00:00\" \/>\n<meta property=\"article:modified_time\" content=\"2020-06-11T13:52:00+00:00\" \/>\n<meta property=\"og:image\" content=\"https:\/\/www.amanien.info\/news\/wp-content\/uploads\/2020\/06\/Marche-00311.jpg\" \/>\n\t<meta property=\"og:image:width\" content=\"720\" \/>\n\t<meta property=\"og:image:height\" content=\"480\" \/>\n\t<meta property=\"og:image:type\" content=\"image\/jpeg\" \/>\n<meta name=\"author\" content=\"Germain Ndri\" \/>\n<meta name=\"twitter:card\" content=\"summary_large_image\" \/>\n<meta name=\"twitter:label1\" content=\"\u00c9crit par\" \/>\n\t<meta name=\"twitter:data1\" content=\"Germain Ndri\" \/>\n\t<meta name=\"twitter:label2\" content=\"Dur\u00e9e de lecture estim\u00e9e\" \/>\n\t<meta name=\"twitter:data2\" content=\"1 minute\" \/>\n<script type=\"application\/ld+json\" class=\"yoast-schema-graph\">{\"@context\":\"https:\\\/\\\/schema.org\",\"@graph\":[{\"@type\":\"Article\",\"@id\":\"https:\\\/\\\/www.amanien.info\\\/news\\\/6-ans-de-prison-pour-le-conducteur-qui-donne-la-mort-au-pr-adonis-et-sa-famille\\\/#article\",\"isPartOf\":{\"@id\":\"https:\\\/\\\/www.amanien.info\\\/news\\\/6-ans-de-prison-pour-le-conducteur-qui-donne-la-mort-au-pr-adonis-et-sa-famille\\\/\"},\"author\":{\"name\":\"Germain Ndri\",\"@id\":\"https:\\\/\\\/www.amanien.info\\\/news\\\/#\\\/schema\\\/person\\\/b21093345753a1a98242d505bd894f42\"},\"headline\":\"6 ans de prison pour le conducteur qui donn\u00e9 la mort au Pr Adonis et sa famille \u00a0\",\"datePublished\":\"2020-06-11T13:51:17+00:00\",\"dateModified\":\"2020-06-11T13:52:00+00:00\",\"mainEntityOfPage\":{\"@id\":\"https:\\\/\\\/www.amanien.info\\\/news\\\/6-ans-de-prison-pour-le-conducteur-qui-donne-la-mort-au-pr-adonis-et-sa-famille\\\/\"},\"wordCount\":188,\"commentCount\":0,\"image\":{\"@id\":\"https:\\\/\\\/www.amanien.info\\\/news\\\/6-ans-de-prison-pour-le-conducteur-qui-donne-la-mort-au-pr-adonis-et-sa-famille\\\/#primaryimage\"},\"thumbnailUrl\":\"https:\\\/\\\/www.amanien.info\\\/news\\\/wp-content\\\/uploads\\\/2020\\\/06\\\/Marche-00311.jpg\",\"inLanguage\":\"fr-FR\"},{\"@type\":\"WebPage\",\"@id\":\"https:\\\/\\\/www.amanien.info\\\/news\\\/6-ans-de-prison-pour-le-conducteur-qui-donne-la-mort-au-pr-adonis-et-sa-famille\\\/\",\"url\":\"https:\\\/\\\/www.amanien.info\\\/news\\\/6-ans-de-prison-pour-le-conducteur-qui-donne-la-mort-au-pr-adonis-et-sa-famille\\\/\",\"name\":\"6 ans de prison pour le conducteur qui donn\u00e9 la mort au Pr Adonis et sa famille \u00a0 - Amanien| L&#039;actualit\u00e9 Ivoirienne et Internationale\",\"isPartOf\":{\"@id\":\"https:\\\/\\\/www.amanien.info\\\/news\\\/#website\"},\"primaryImageOfPage\":{\"@id\":\"https:\\\/\\\/www.amanien.info\\\/news\\\/6-ans-de-prison-pour-le-conducteur-qui-donne-la-mort-au-pr-adonis-et-sa-famille\\\/#primaryimage\"},\"image\":{\"@id\":\"https:\\\/\\\/www.amanien.info\\\/news\\\/6-ans-de-prison-pour-le-conducteur-qui-donne-la-mort-au-pr-adonis-et-sa-famille\\\/#primaryimage\"},\"thumbnailUrl\":\"https:\\\/\\\/www.amanien.info\\\/news\\\/wp-content\\\/uploads\\\/2020\\\/06\\\/Marche-00311.jpg\",\"datePublished\":\"2020-06-11T13:51:17+00:00\",\"dateModified\":\"2020-06-11T13:52:00+00:00\",\"author\":{\"@id\":\"https:\\\/\\\/www.amanien.info\\\/news\\\/#\\\/schema\\\/person\\\/b21093345753a1a98242d505bd894f42\"},\"breadcrumb\":{\"@id\":\"https:\\\/\\\/www.amanien.info\\\/news\\\/6-ans-de-prison-pour-le-conducteur-qui-donne-la-mort-au-pr-adonis-et-sa-famille\\\/#breadcrumb\"},\"inLanguage\":\"fr-FR\",\"potentialAction\":[{\"@type\":\"ReadAction\",\"target\":[\"https:\\\/\\\/www.amanien.info\\\/news\\\/6-ans-de-prison-pour-le-conducteur-qui-donne-la-mort-au-pr-adonis-et-sa-famille\\\/\"]}]},{\"@type\":\"ImageObject\",\"inLanguage\":\"fr-FR\",\"@id\":\"https:\\\/\\\/www.amanien.info\\\/news\\\/6-ans-de-prison-pour-le-conducteur-qui-donne-la-mort-au-pr-adonis-et-sa-famille\\\/#primaryimage\",\"url\":\"https:\\\/\\\/www.amanien.info\\\/news\\\/wp-content\\\/uploads\\\/2020\\\/06\\\/Marche-00311.jpg\",\"contentUrl\":\"https:\\\/\\\/www.amanien.info\\\/news\\\/wp-content\\\/uploads\\\/2020\\\/06\\\/Marche-00311.jpg\",\"width\":720,\"height\":480},{\"@type\":\"BreadcrumbList\",\"@id\":\"https:\\\/\\\/www.amanien.info\\\/news\\\/6-ans-de-prison-pour-le-conducteur-qui-donne-la-mort-au-pr-adonis-et-sa-famille\\\/#breadcrumb\",\"itemListElement\":[{\"@type\":\"ListItem\",\"position\":1,\"name\":\"Accueil\",\"item\":\"https:\\\/\\\/www.amanien.info\\\/news\\\/\"},{\"@type\":\"ListItem\",\"position\":2,\"name\":\"6 ans de prison pour le conducteur qui donn\u00e9 la mort au Pr Adonis et sa famille \u00a0\"}]},{\"@type\":\"WebSite\",\"@id\":\"https:\\\/\\\/www.amanien.info\\\/news\\\/#website\",\"url\":\"https:\\\/\\\/www.amanien.info\\\/news\\\/\",\"name\":\"Amanien| L&#039;actualit\u00e9 Ivoirienne et Internationale\",\"description\":\"L&#039;actualit\u00e9 Ivoirienne et Internationale\",\"potentialAction\":[{\"@type\":\"SearchAction\",\"target\":{\"@type\":\"EntryPoint\",\"urlTemplate\":\"https:\\\/\\\/www.amanien.info\\\/news\\\/?s={search_term_string}\"},\"query-input\":{\"@type\":\"PropertyValueSpecification\",\"valueRequired\":true,\"valueName\":\"search_term_string\"}}],\"inLanguage\":\"fr-FR\"},{\"@type\":\"Person\",\"@id\":\"https:\\\/\\\/www.amanien.info\\\/news\\\/#\\\/schema\\\/person\\\/b21093345753a1a98242d505bd894f42\",\"name\":\"Germain Ndri\",\"url\":\"https:\\\/\\\/www.amanien.info\\\/news\\\/author\\\/amanien-infos\\\/\"}]}<\/script>\n<!-- \/ Yoast SEO plugin. -->","yoast_head_json":{"title":"6 ans de prison pour le conducteur qui donn\u00e9 la mort au Pr Adonis et sa famille \u00a0 - Amanien| L&#039;actualit\u00e9 Ivoirienne et Internationale","robots":{"index":"index","follow":"follow","max-snippet":"max-snippet:-1","max-image-preview":"max-image-preview:large","max-video-preview":"max-video-preview:-1"},"canonical":"https:\/\/www.amanien.info\/news\/6-ans-de-prison-pour-le-conducteur-qui-donne-la-mort-au-pr-adonis-et-sa-famille\/","og_locale":"fr_FR","og_type":"article","og_title":"6 ans de prison pour le conducteur qui donn\u00e9 la mort au Pr Adonis et sa famille \u00a0 - Amanien| L&#039;actualit\u00e9 Ivoirienne et Internationale","og_description":"Ce lundi 8 juin, le tribunal de premi\u00e8re instance d&rsquo;Abidjan a\u00a0condamn\u00e9 \u00e0 6 ans d&#8217;emprisonnement pour homicide involontaire, le conducteur ayant provoqu\u00e9 la mort du Pr Adonis, son \u00e9poux et son fils. Son acolyte \u00e9cope de 4 ans de prison pour mise en danger de la vie d&rsquo;autrui. Quant \u00e0 la jeune fille qui se [&hellip;]","og_url":"https:\/\/www.amanien.info\/news\/6-ans-de-prison-pour-le-conducteur-qui-donne-la-mort-au-pr-adonis-et-sa-famille\/","og_site_name":"Amanien| L&#039;actualit\u00e9 Ivoirienne et Internationale","article_published_time":"2020-06-11T13:51:17+00:00","article_modified_time":"2020-06-11T13:52:00+00:00","og_image":[{"width":720,"height":480,"url":"https:\/\/www.amanien.info\/news\/wp-content\/uploads\/2020\/06\/Marche-00311.jpg","type":"image\/jpeg"}],"author":"Germain Ndri","twitter_card":"summary_large_image","twitter_misc":{"\u00c9crit par":"Germain Ndri","Dur\u00e9e de lecture estim\u00e9e":"1 minute"},"schema":{"@context":"https:\/\/schema.org","@graph":[{"@type":"Article","@id":"https:\/\/www.amanien.info\/news\/6-ans-de-prison-pour-le-conducteur-qui-donne-la-mort-au-pr-adonis-et-sa-famille\/#article","isPartOf":{"@id":"https:\/\/www.amanien.info\/news\/6-ans-de-prison-pour-le-conducteur-qui-donne-la-mort-au-pr-adonis-et-sa-famille\/"},"author":{"name":"Germain Ndri","@id":"https:\/\/www.amanien.info\/news\/#\/schema\/person\/b21093345753a1a98242d505bd894f42"},"headline":"6 ans de prison pour le conducteur qui donn\u00e9 la mort au Pr Adonis et sa famille \u00a0","datePublished":"2020-06-11T13:51:17+00:00","dateModified":"2020-06-11T13:52:00+00:00","mainEntityOfPage":{"@id":"https:\/\/www.amanien.info\/news\/6-ans-de-prison-pour-le-conducteur-qui-donne-la-mort-au-pr-adonis-et-sa-famille\/"},"wordCount":188,"commentCount":0,"image":{"@id":"https:\/\/www.amanien.info\/news\/6-ans-de-prison-pour-le-conducteur-qui-donne-la-mort-au-pr-adonis-et-sa-famille\/#primaryimage"},"thumbnailUrl":"https:\/\/www.amanien.info\/news\/wp-content\/uploads\/2020\/06\/Marche-00311.jpg","inLanguage":"fr-FR"},{"@type":"WebPage","@id":"https:\/\/www.amanien.info\/news\/6-ans-de-prison-pour-le-conducteur-qui-donne-la-mort-au-pr-adonis-et-sa-famille\/","url":"https:\/\/www.amanien.info\/news\/6-ans-de-prison-pour-le-conducteur-qui-donne-la-mort-au-pr-adonis-et-sa-famille\/","name":"6 ans de prison pour le conducteur qui donn\u00e9 la mort au Pr Adonis et sa famille \u00a0 - Amanien| L&#039;actualit\u00e9 Ivoirienne et Internationale","isPartOf":{"@id":"https:\/\/www.amanien.info\/news\/#website"},"primaryImageOfPage":{"@id":"https:\/\/www.amanien.info\/news\/6-ans-de-prison-pour-le-conducteur-qui-donne-la-mort-au-pr-adonis-et-sa-famille\/#primaryimage"},"image":{"@id":"https:\/\/www.amanien.info\/news\/6-ans-de-prison-pour-le-conducteur-qui-donne-la-mort-au-pr-adonis-et-sa-famille\/#primaryimage"},"thumbnailUrl":"https:\/\/www.amanien.info\/news\/wp-content\/uploads\/2020\/06\/Marche-00311.jpg","datePublished":"2020-06-11T13:51:17+00:00","dateModified":"2020-06-11T13:52:00+00:00","author":{"@id":"https:\/\/www.amanien.info\/news\/#\/schema\/person\/b21093345753a1a98242d505bd894f42"},"breadcrumb":{"@id":"https:\/\/www.amanien.info\/news\/6-ans-de-prison-pour-le-conducteur-qui-donne-la-mort-au-pr-adonis-et-sa-famille\/#breadcrumb"},"inLanguage":"fr-FR","potentialAction":[{"@type":"ReadAction","target":["https:\/\/www.amanien.info\/news\/6-ans-de-prison-pour-le-conducteur-qui-donne-la-mort-au-pr-adonis-et-sa-famille\/"]}]},{"@type":"ImageObject","inLanguage":"fr-FR","@id":"https:\/\/www.amanien.info\/news\/6-ans-de-prison-pour-le-conducteur-qui-donne-la-mort-au-pr-adonis-et-sa-famille\/#primaryimage","url":"https:\/\/www.amanien.info\/news\/wp-content\/uploads\/2020\/06\/Marche-00311.jpg","contentUrl":"https:\/\/www.amanien.info\/news\/wp-content\/uploads\/2020\/06\/Marche-00311.jpg","width":720,"height":480},{"@type":"BreadcrumbList","@id":"https:\/\/www.amanien.info\/news\/6-ans-de-prison-pour-le-conducteur-qui-donne-la-mort-au-pr-adonis-et-sa-famille\/#breadcrumb","itemListElement":[{"@type":"ListItem","position":1,"name":"Accueil","item":"https:\/\/www.amanien.info\/news\/"},{"@type":"ListItem","position":2,"name":"6 ans de prison pour le conducteur qui donn\u00e9 la mort au Pr Adonis et sa famille \u00a0"}]},{"@type":"WebSite","@id":"https:\/\/www.amanien.info\/news\/#website","url":"https:\/\/www.amanien.info\/news\/","name":"Amanien| L&#039;actualit\u00e9 Ivoirienne et Internationale","description":"L&#039;actualit\u00e9 Ivoirienne et Internationale","potentialAction":[{"@type":"SearchAction","target":{"@type":"EntryPoint","urlTemplate":"https:\/\/www.amanien.info\/news\/?s={search_term_string}"},"query-input":{"@type":"PropertyValueSpecification","valueRequired":true,"valueName":"search_term_string"}}],"inLanguage":"fr-FR"},{"@type":"Person","@id":"https:\/\/www.amanien.info\/news\/#\/schema\/person\/b21093345753a1a98242d505bd894f42","name":"Germain Ndri","url":"https:\/\/www.amanien.info\/news\/author\/amanien-infos\/"}]}},"_links":{"self":[{"href":"https:\/\/www.amanien.info\/news\/wp-json\/wp\/v2\/posts\/1243","targetHints":{"allow":["GET"]}}],"collection":[{"href":"https:\/\/www.amanien.info\/news\/wp-json\/wp\/v2\/posts"}],"about":[{"href":"https:\/\/www.amanien.info\/news\/wp-json\/wp\/v2\/types\/post"}],"author":[{"embeddable":true,"href":"https:\/\/www.amanien.info\/news\/wp-json\/wp\/v2\/users\/2"}],"replies":[{"embeddable":true,"href":"https:\/\/www.amanien.info\/news\/wp-json\/wp\/v2\/comments?post=1243"}],"version-history":[{"count":0,"href":"https:\/\/www.amanien.info\/news\/wp-json\/wp\/v2\/posts\/1243\/revisions"}],"wp:featuredmedia":[{"embeddable":true,"href":"https:\/\/www.amanien.info\/news\/wp-json\/wp\/v2\/media\/1254"}],"wp:attachment":[{"href":"https:\/\/www.amanien.info\/news\/wp-json\/wp\/v2\/media?parent=1243"}],"wp:term":[{"taxonomy":"category","embeddable":true,"href":"https:\/\/www.amanien.info\/news\/wp-json\/wp\/v2\/categories?post=1243"},{"taxonomy":"post_tag","embeddable":true,"href":"https:\/\/www.amanien.info\/news\/wp-json\/wp\/v2\/tags?post=1243"}],"curies":[{"name":"wp","href":"https:\/\/api.w.org\/{rel}","templated":true}]}}