{"id":1192,"date":"2020-06-08T20:01:29","date_gmt":"2020-06-08T18:01:29","guid":{"rendered":"http:\/\/https:\/\/zozo.buyee.jp\/\/news\/?p=1192"},"modified":"2020-06-09T13:07:30","modified_gmt":"2020-06-09T11:07:30","slug":"rhdp-federation-des-associations-feminines-dabobo-depot-9-madame-fofana-nee-toure-aminata-elue-presidente","status":"publish","type":"post","link":"https:\/\/www.amanien.info\/news\/rhdp-federation-des-associations-feminines-dabobo-depot-9-madame-fofana-nee-toure-aminata-elue-presidente\/","title":{"rendered":"RHDP\/ FEDERATION DES ASSOCIATIONS \u00a0f\u00e9minines D\u2019ABOBO D\u00c9P\u00d4T \u00a09 : MADAME FOFANA N\u00c9E TOURE AMINATA \u00c9LUE pr\u00e9sidente"},"content":{"rendered":"<p>Madame Fofana n\u00e9e Tour\u00e9 Aminata est la toute premi\u00e8re pr\u00e9sidente de la F\u00e9d\u00e9ration des femmes d\u2019Abobo D\u00e9p\u00f4t 9. Elle a \u00e9t\u00e9 pl\u00e9biscit\u00e9e le samedi 6 juin 2020, \u00e0 l\u2019Epp le Bonheur, par 30 de ses pairs constitu\u00e9es de deux personnes par associations.<\/p>\n<p>Dame Fofana n\u00e9e Tour\u00e9 Aminata a \u00e9t\u00e9 port\u00e9e \u00e0 la t\u00eate de la F\u00e9d\u00e9ration des femmes d\u2019Abobo D\u00e9p\u00f4t 9 au terme d\u2019une \u00e9lection tenue le samedi dernier, \u00e0 l\u2019\u00e9cole primaire priv\u00e9e le Bonheur.<\/p>\n<p>Unique candidate, Il a\u00a0 eu le suffrage d\u2019une trentaine de femmes issues de plusieurs associations reconnues dans ledit secteur. Madame Fofana va donc pr\u00e9sider aux destin\u00e9es de la f\u00e9d\u00e9ration pour les quatre prochaines ann\u00e9es. \u00a0Soit un mandat de 6 ans renouvelable.<\/p>\n<p>Au terme de cette \u00e9lection, Yapo Elodie a \u00e9t\u00e9 \u00e9lue premi\u00e8re vice-pr\u00e9sidente et Kon\u00e9 Sanata, deuxi\u00e8me vice-pr\u00e9sidente. Quant \u00e0 Ouattara Madeleine, elle a \u00e9t\u00e9 \u00e9lue troisi\u00e8me vice-pr\u00e9sidente. Ou\u00e9draogo Aminata, a elle h\u00e9rit\u00e9 du Secr\u00e9tariat g\u00e9n\u00e9ral. Focon Abena Rose est sa premi\u00e8re secr\u00e9taire adjoint. Second\u00e9e par Lagou Adjoua Henriette. La tr\u00e9sorerie revient \u00e0 Adja Sanogo Salimata. Fatou Coulibaly et Kadidia Silu\u00e9 sont les commissaires aux comptes&#8230;<\/p>\n<p>La nouvelle pr\u00e9sidente et son bureau auront la charge de pr\u00e9parer les \u00e9ch\u00e9ances \u00e9lectorales de 2020.<br \/>\nLa pr\u00e9sidente de l\u2019association de femmes d\u00e9nomm\u00e9e AGMAT, madame Fofana \u00a0est \u00e2g\u00e9e\u00a0 de 46 ans et m\u00e8re de 6 enfants. Elle a 13 d\u2019exp\u00e9riences dans la vie associative.<\/p>\n<p>Tr\u00e8s heureuse, elle a d\u2019abord remerci\u00e9 F\u00e9tigu\u00e9 Ouattara, coordonnateur de la zone d\u2019Abobo, avant de demander le concours de toutes les femmes pour la r\u00e9ussite de son mandat. J\u2019appr\u00e9cie l\u2019honneur que repr\u00e9sente votre confiance. E n m\u00eame temps que je mesure et que je connais le poids de la mission que\u00a0 vous me confiez. De grands chantiers nous attendent. Le recensement ou le rappel de toutes les femmes en premier afin que personnes ne soit oubli\u00e9e. Apr\u00e8s quoi, nous passerons \u00e0 la grande sensibilisation, a-t-elle indiqu\u00e9.<\/p>\n<p><strong>David KOUAME<\/strong><\/p>\n","protected":false},"excerpt":{"rendered":"<p>Madame Fofana n\u00e9e Tour\u00e9 Aminata est la toute premi\u00e8re pr\u00e9sidente de la F\u00e9d\u00e9ration des femmes d\u2019Abobo D\u00e9p\u00f4t 9. Elle a \u00e9t\u00e9 pl\u00e9biscit\u00e9e le samedi 6 juin 2020, \u00e0 l\u2019Epp le Bonheur, par 30 de ses pairs constitu\u00e9es de deux personnes par associations. Dame Fofana n\u00e9e Tour\u00e9 Aminata a \u00e9t\u00e9 port\u00e9e \u00e0 la t\u00eate de la [&hellip;]<\/p>\n","protected":false},"author":2,"featured_media":1193,"comment_status":"open","ping_status":"open","sticky":true,"template":"","format":"standard","meta":{"_acf_changed":false,"footnotes":""},"categories":[],"tags":[],"class_list":["post-1192","post","type-post","status-publish","format-standard","has-post-thumbnail","hentry"],"acf":[],"yoast_head":"<!-- This site is optimized with the Yoast SEO plugin v27.5 - https:\/\/yoast.com\/product\/yoast-seo-wordpress\/ -->\n<title>RHDP\/ FEDERATION DES ASSOCIATIONS \u00a0f\u00e9minines D\u2019ABOBO D\u00c9P\u00d4T \u00a09 : MADAME FOFANA N\u00c9E TOURE AMINATA \u00c9LUE pr\u00e9sidente - Amanien| L&#039;actualit\u00e9 Ivoirienne et Internationale<\/title>\n<meta name=\"robots\" content=\"index, follow, max-snippet:-1, max-image-preview:large, max-video-preview:-1\" \/>\n<link rel=\"canonical\" href=\"https:\/\/www.amanien.info\/news\/rhdp-federation-des-associations-feminines-dabobo-depot-9-madame-fofana-nee-toure-aminata-elue-presidente\/\" \/>\n<meta property=\"og:locale\" content=\"fr_FR\" \/>\n<meta property=\"og:type\" content=\"article\" \/>\n<meta property=\"og:title\" content=\"RHDP\/ FEDERATION DES ASSOCIATIONS \u00a0f\u00e9minines D\u2019ABOBO D\u00c9P\u00d4T \u00a09 : MADAME FOFANA N\u00c9E TOURE AMINATA \u00c9LUE pr\u00e9sidente - Amanien| L&#039;actualit\u00e9 Ivoirienne et Internationale\" \/>\n<meta property=\"og:description\" content=\"Madame Fofana n\u00e9e Tour\u00e9 Aminata est la toute premi\u00e8re pr\u00e9sidente de la F\u00e9d\u00e9ration des femmes d\u2019Abobo D\u00e9p\u00f4t 9. Elle a \u00e9t\u00e9 pl\u00e9biscit\u00e9e le samedi 6 juin 2020, \u00e0 l\u2019Epp le Bonheur, par 30 de ses pairs constitu\u00e9es de deux personnes par associations. Dame Fofana n\u00e9e Tour\u00e9 Aminata a \u00e9t\u00e9 port\u00e9e \u00e0 la t\u00eate de la [&hellip;]\" \/>\n<meta property=\"og:url\" content=\"https:\/\/www.amanien.info\/news\/rhdp-federation-des-associations-feminines-dabobo-depot-9-madame-fofana-nee-toure-aminata-elue-presidente\/\" \/>\n<meta property=\"og:site_name\" content=\"Amanien| L&#039;actualit\u00e9 Ivoirienne et Internationale\" \/>\n<meta property=\"article:published_time\" content=\"2020-06-08T18:01:29+00:00\" \/>\n<meta property=\"article:modified_time\" content=\"2020-06-09T11:07:30+00:00\" \/>\n<meta property=\"og:image\" content=\"https:\/\/www.amanien.info\/news\/wp-content\/uploads\/2020\/06\/IMG_20200606_171429.jpg\" \/>\n\t<meta property=\"og:image:width\" content=\"2560\" \/>\n\t<meta property=\"og:image:height\" content=\"1920\" \/>\n\t<meta property=\"og:image:type\" content=\"image\/jpeg\" \/>\n<meta name=\"author\" content=\"Germain Ndri\" \/>\n<meta name=\"twitter:card\" content=\"summary_large_image\" \/>\n<meta name=\"twitter:label1\" content=\"\u00c9crit par\" \/>\n\t<meta name=\"twitter:data1\" content=\"Germain Ndri\" \/>\n\t<meta name=\"twitter:label2\" content=\"Dur\u00e9e de lecture estim\u00e9e\" \/>\n\t<meta name=\"twitter:data2\" content=\"2 minutes\" \/>\n<script type=\"application\/ld+json\" class=\"yoast-schema-graph\">{\"@context\":\"https:\\\/\\\/schema.org\",\"@graph\":[{\"@type\":\"Article\",\"@id\":\"https:\\\/\\\/www.amanien.info\\\/news\\\/rhdp-federation-des-associations-feminines-dabobo-depot-9-madame-fofana-nee-toure-aminata-elue-presidente\\\/#article\",\"isPartOf\":{\"@id\":\"https:\\\/\\\/www.amanien.info\\\/news\\\/rhdp-federation-des-associations-feminines-dabobo-depot-9-madame-fofana-nee-toure-aminata-elue-presidente\\\/\"},\"author\":{\"name\":\"Germain Ndri\",\"@id\":\"https:\\\/\\\/www.amanien.info\\\/news\\\/#\\\/schema\\\/person\\\/b21093345753a1a98242d505bd894f42\"},\"headline\":\"RHDP\\\/ FEDERATION DES ASSOCIATIONS \u00a0f\u00e9minines D\u2019ABOBO D\u00c9P\u00d4T \u00a09 : MADAME FOFANA N\u00c9E TOURE AMINATA \u00c9LUE pr\u00e9sidente\",\"datePublished\":\"2020-06-08T18:01:29+00:00\",\"dateModified\":\"2020-06-09T11:07:30+00:00\",\"mainEntityOfPage\":{\"@id\":\"https:\\\/\\\/www.amanien.info\\\/news\\\/rhdp-federation-des-associations-feminines-dabobo-depot-9-madame-fofana-nee-toure-aminata-elue-presidente\\\/\"},\"wordCount\":384,\"commentCount\":0,\"image\":{\"@id\":\"https:\\\/\\\/www.amanien.info\\\/news\\\/rhdp-federation-des-associations-feminines-dabobo-depot-9-madame-fofana-nee-toure-aminata-elue-presidente\\\/#primaryimage\"},\"thumbnailUrl\":\"https:\\\/\\\/www.amanien.info\\\/news\\\/wp-content\\\/uploads\\\/2020\\\/06\\\/IMG_20200606_171429.jpg\",\"inLanguage\":\"fr-FR\"},{\"@type\":\"WebPage\",\"@id\":\"https:\\\/\\\/www.amanien.info\\\/news\\\/rhdp-federation-des-associations-feminines-dabobo-depot-9-madame-fofana-nee-toure-aminata-elue-presidente\\\/\",\"url\":\"https:\\\/\\\/www.amanien.info\\\/news\\\/rhdp-federation-des-associations-feminines-dabobo-depot-9-madame-fofana-nee-toure-aminata-elue-presidente\\\/\",\"name\":\"RHDP\\\/ FEDERATION DES ASSOCIATIONS \u00a0f\u00e9minines D\u2019ABOBO D\u00c9P\u00d4T \u00a09 : MADAME FOFANA N\u00c9E TOURE AMINATA \u00c9LUE pr\u00e9sidente - Amanien| L&#039;actualit\u00e9 Ivoirienne et Internationale\",\"isPartOf\":{\"@id\":\"https:\\\/\\\/www.amanien.info\\\/news\\\/#website\"},\"primaryImageOfPage\":{\"@id\":\"https:\\\/\\\/www.amanien.info\\\/news\\\/rhdp-federation-des-associations-feminines-dabobo-depot-9-madame-fofana-nee-toure-aminata-elue-presidente\\\/#primaryimage\"},\"image\":{\"@id\":\"https:\\\/\\\/www.amanien.info\\\/news\\\/rhdp-federation-des-associations-feminines-dabobo-depot-9-madame-fofana-nee-toure-aminata-elue-presidente\\\/#primaryimage\"},\"thumbnailUrl\":\"https:\\\/\\\/www.amanien.info\\\/news\\\/wp-content\\\/uploads\\\/2020\\\/06\\\/IMG_20200606_171429.jpg\",\"datePublished\":\"2020-06-08T18:01:29+00:00\",\"dateModified\":\"2020-06-09T11:07:30+00:00\",\"author\":{\"@id\":\"https:\\\/\\\/www.amanien.info\\\/news\\\/#\\\/schema\\\/person\\\/b21093345753a1a98242d505bd894f42\"},\"breadcrumb\":{\"@id\":\"https:\\\/\\\/www.amanien.info\\\/news\\\/rhdp-federation-des-associations-feminines-dabobo-depot-9-madame-fofana-nee-toure-aminata-elue-presidente\\\/#breadcrumb\"},\"inLanguage\":\"fr-FR\",\"potentialAction\":[{\"@type\":\"ReadAction\",\"target\":[\"https:\\\/\\\/www.amanien.info\\\/news\\\/rhdp-federation-des-associations-feminines-dabobo-depot-9-madame-fofana-nee-toure-aminata-elue-presidente\\\/\"]}]},{\"@type\":\"ImageObject\",\"inLanguage\":\"fr-FR\",\"@id\":\"https:\\\/\\\/www.amanien.info\\\/news\\\/rhdp-federation-des-associations-feminines-dabobo-depot-9-madame-fofana-nee-toure-aminata-elue-presidente\\\/#primaryimage\",\"url\":\"https:\\\/\\\/www.amanien.info\\\/news\\\/wp-content\\\/uploads\\\/2020\\\/06\\\/IMG_20200606_171429.jpg\",\"contentUrl\":\"https:\\\/\\\/www.amanien.info\\\/news\\\/wp-content\\\/uploads\\\/2020\\\/06\\\/IMG_20200606_171429.jpg\",\"width\":2560,\"height\":1920},{\"@type\":\"BreadcrumbList\",\"@id\":\"https:\\\/\\\/www.amanien.info\\\/news\\\/rhdp-federation-des-associations-feminines-dabobo-depot-9-madame-fofana-nee-toure-aminata-elue-presidente\\\/#breadcrumb\",\"itemListElement\":[{\"@type\":\"ListItem\",\"position\":1,\"name\":\"Accueil\",\"item\":\"https:\\\/\\\/www.amanien.info\\\/news\\\/\"},{\"@type\":\"ListItem\",\"position\":2,\"name\":\"RHDP\\\/ FEDERATION DES ASSOCIATIONS \u00a0f\u00e9minines D\u2019ABOBO D\u00c9P\u00d4T \u00a09 : MADAME FOFANA N\u00c9E TOURE AMINATA \u00c9LUE pr\u00e9sidente\"}]},{\"@type\":\"WebSite\",\"@id\":\"https:\\\/\\\/www.amanien.info\\\/news\\\/#website\",\"url\":\"https:\\\/\\\/www.amanien.info\\\/news\\\/\",\"name\":\"Amanien| L&#039;actualit\u00e9 Ivoirienne et Internationale\",\"description\":\"L&#039;actualit\u00e9 Ivoirienne et Internationale\",\"potentialAction\":[{\"@type\":\"SearchAction\",\"target\":{\"@type\":\"EntryPoint\",\"urlTemplate\":\"https:\\\/\\\/www.amanien.info\\\/news\\\/?s={search_term_string}\"},\"query-input\":{\"@type\":\"PropertyValueSpecification\",\"valueRequired\":true,\"valueName\":\"search_term_string\"}}],\"inLanguage\":\"fr-FR\"},{\"@type\":\"Person\",\"@id\":\"https:\\\/\\\/www.amanien.info\\\/news\\\/#\\\/schema\\\/person\\\/b21093345753a1a98242d505bd894f42\",\"name\":\"Germain Ndri\",\"url\":\"https:\\\/\\\/www.amanien.info\\\/news\\\/author\\\/amanien-infos\\\/\"}]}<\/script>\n<!-- \/ Yoast SEO plugin. -->","yoast_head_json":{"title":"RHDP\/ FEDERATION DES ASSOCIATIONS \u00a0f\u00e9minines D\u2019ABOBO D\u00c9P\u00d4T \u00a09 : MADAME FOFANA N\u00c9E TOURE AMINATA \u00c9LUE pr\u00e9sidente - Amanien| L&#039;actualit\u00e9 Ivoirienne et Internationale","robots":{"index":"index","follow":"follow","max-snippet":"max-snippet:-1","max-image-preview":"max-image-preview:large","max-video-preview":"max-video-preview:-1"},"canonical":"https:\/\/www.amanien.info\/news\/rhdp-federation-des-associations-feminines-dabobo-depot-9-madame-fofana-nee-toure-aminata-elue-presidente\/","og_locale":"fr_FR","og_type":"article","og_title":"RHDP\/ FEDERATION DES ASSOCIATIONS \u00a0f\u00e9minines D\u2019ABOBO D\u00c9P\u00d4T \u00a09 : MADAME FOFANA N\u00c9E TOURE AMINATA \u00c9LUE pr\u00e9sidente - Amanien| L&#039;actualit\u00e9 Ivoirienne et Internationale","og_description":"Madame Fofana n\u00e9e Tour\u00e9 Aminata est la toute premi\u00e8re pr\u00e9sidente de la F\u00e9d\u00e9ration des femmes d\u2019Abobo D\u00e9p\u00f4t 9. Elle a \u00e9t\u00e9 pl\u00e9biscit\u00e9e le samedi 6 juin 2020, \u00e0 l\u2019Epp le Bonheur, par 30 de ses pairs constitu\u00e9es de deux personnes par associations. Dame Fofana n\u00e9e Tour\u00e9 Aminata a \u00e9t\u00e9 port\u00e9e \u00e0 la t\u00eate de la [&hellip;]","og_url":"https:\/\/www.amanien.info\/news\/rhdp-federation-des-associations-feminines-dabobo-depot-9-madame-fofana-nee-toure-aminata-elue-presidente\/","og_site_name":"Amanien| L&#039;actualit\u00e9 Ivoirienne et Internationale","article_published_time":"2020-06-08T18:01:29+00:00","article_modified_time":"2020-06-09T11:07:30+00:00","og_image":[{"width":2560,"height":1920,"url":"https:\/\/www.amanien.info\/news\/wp-content\/uploads\/2020\/06\/IMG_20200606_171429.jpg","type":"image\/jpeg"}],"author":"Germain Ndri","twitter_card":"summary_large_image","twitter_misc":{"\u00c9crit par":"Germain Ndri","Dur\u00e9e de lecture estim\u00e9e":"2 minutes"},"schema":{"@context":"https:\/\/schema.org","@graph":[{"@type":"Article","@id":"https:\/\/www.amanien.info\/news\/rhdp-federation-des-associations-feminines-dabobo-depot-9-madame-fofana-nee-toure-aminata-elue-presidente\/#article","isPartOf":{"@id":"https:\/\/www.amanien.info\/news\/rhdp-federation-des-associations-feminines-dabobo-depot-9-madame-fofana-nee-toure-aminata-elue-presidente\/"},"author":{"name":"Germain Ndri","@id":"https:\/\/www.amanien.info\/news\/#\/schema\/person\/b21093345753a1a98242d505bd894f42"},"headline":"RHDP\/ FEDERATION DES ASSOCIATIONS \u00a0f\u00e9minines D\u2019ABOBO D\u00c9P\u00d4T \u00a09 : MADAME FOFANA N\u00c9E TOURE AMINATA \u00c9LUE pr\u00e9sidente","datePublished":"2020-06-08T18:01:29+00:00","dateModified":"2020-06-09T11:07:30+00:00","mainEntityOfPage":{"@id":"https:\/\/www.amanien.info\/news\/rhdp-federation-des-associations-feminines-dabobo-depot-9-madame-fofana-nee-toure-aminata-elue-presidente\/"},"wordCount":384,"commentCount":0,"image":{"@id":"https:\/\/www.amanien.info\/news\/rhdp-federation-des-associations-feminines-dabobo-depot-9-madame-fofana-nee-toure-aminata-elue-presidente\/#primaryimage"},"thumbnailUrl":"https:\/\/www.amanien.info\/news\/wp-content\/uploads\/2020\/06\/IMG_20200606_171429.jpg","inLanguage":"fr-FR"},{"@type":"WebPage","@id":"https:\/\/www.amanien.info\/news\/rhdp-federation-des-associations-feminines-dabobo-depot-9-madame-fofana-nee-toure-aminata-elue-presidente\/","url":"https:\/\/www.amanien.info\/news\/rhdp-federation-des-associations-feminines-dabobo-depot-9-madame-fofana-nee-toure-aminata-elue-presidente\/","name":"RHDP\/ FEDERATION DES ASSOCIATIONS \u00a0f\u00e9minines D\u2019ABOBO D\u00c9P\u00d4T \u00a09 : MADAME FOFANA N\u00c9E TOURE AMINATA \u00c9LUE pr\u00e9sidente - Amanien| L&#039;actualit\u00e9 Ivoirienne et Internationale","isPartOf":{"@id":"https:\/\/www.amanien.info\/news\/#website"},"primaryImageOfPage":{"@id":"https:\/\/www.amanien.info\/news\/rhdp-federation-des-associations-feminines-dabobo-depot-9-madame-fofana-nee-toure-aminata-elue-presidente\/#primaryimage"},"image":{"@id":"https:\/\/www.amanien.info\/news\/rhdp-federation-des-associations-feminines-dabobo-depot-9-madame-fofana-nee-toure-aminata-elue-presidente\/#primaryimage"},"thumbnailUrl":"https:\/\/www.amanien.info\/news\/wp-content\/uploads\/2020\/06\/IMG_20200606_171429.jpg","datePublished":"2020-06-08T18:01:29+00:00","dateModified":"2020-06-09T11:07:30+00:00","author":{"@id":"https:\/\/www.amanien.info\/news\/#\/schema\/person\/b21093345753a1a98242d505bd894f42"},"breadcrumb":{"@id":"https:\/\/www.amanien.info\/news\/rhdp-federation-des-associations-feminines-dabobo-depot-9-madame-fofana-nee-toure-aminata-elue-presidente\/#breadcrumb"},"inLanguage":"fr-FR","potentialAction":[{"@type":"ReadAction","target":["https:\/\/www.amanien.info\/news\/rhdp-federation-des-associations-feminines-dabobo-depot-9-madame-fofana-nee-toure-aminata-elue-presidente\/"]}]},{"@type":"ImageObject","inLanguage":"fr-FR","@id":"https:\/\/www.amanien.info\/news\/rhdp-federation-des-associations-feminines-dabobo-depot-9-madame-fofana-nee-toure-aminata-elue-presidente\/#primaryimage","url":"https:\/\/www.amanien.info\/news\/wp-content\/uploads\/2020\/06\/IMG_20200606_171429.jpg","contentUrl":"https:\/\/www.amanien.info\/news\/wp-content\/uploads\/2020\/06\/IMG_20200606_171429.jpg","width":2560,"height":1920},{"@type":"BreadcrumbList","@id":"https:\/\/www.amanien.info\/news\/rhdp-federation-des-associations-feminines-dabobo-depot-9-madame-fofana-nee-toure-aminata-elue-presidente\/#breadcrumb","itemListElement":[{"@type":"ListItem","position":1,"name":"Accueil","item":"https:\/\/www.amanien.info\/news\/"},{"@type":"ListItem","position":2,"name":"RHDP\/ FEDERATION DES ASSOCIATIONS \u00a0f\u00e9minines D\u2019ABOBO D\u00c9P\u00d4T \u00a09 : MADAME FOFANA N\u00c9E TOURE AMINATA \u00c9LUE pr\u00e9sidente"}]},{"@type":"WebSite","@id":"https:\/\/www.amanien.info\/news\/#website","url":"https:\/\/www.amanien.info\/news\/","name":"Amanien| L&#039;actualit\u00e9 Ivoirienne et Internationale","description":"L&#039;actualit\u00e9 Ivoirienne et Internationale","potentialAction":[{"@type":"SearchAction","target":{"@type":"EntryPoint","urlTemplate":"https:\/\/www.amanien.info\/news\/?s={search_term_string}"},"query-input":{"@type":"PropertyValueSpecification","valueRequired":true,"valueName":"search_term_string"}}],"inLanguage":"fr-FR"},{"@type":"Person","@id":"https:\/\/www.amanien.info\/news\/#\/schema\/person\/b21093345753a1a98242d505bd894f42","name":"Germain Ndri","url":"https:\/\/www.amanien.info\/news\/author\/amanien-infos\/"}]}},"_links":{"self":[{"href":"https:\/\/www.amanien.info\/news\/wp-json\/wp\/v2\/posts\/1192","targetHints":{"allow":["GET"]}}],"collection":[{"href":"https:\/\/www.amanien.info\/news\/wp-json\/wp\/v2\/posts"}],"about":[{"href":"https:\/\/www.amanien.info\/news\/wp-json\/wp\/v2\/types\/post"}],"author":[{"embeddable":true,"href":"https:\/\/www.amanien.info\/news\/wp-json\/wp\/v2\/users\/2"}],"replies":[{"embeddable":true,"href":"https:\/\/www.amanien.info\/news\/wp-json\/wp\/v2\/comments?post=1192"}],"version-history":[{"count":0,"href":"https:\/\/www.amanien.info\/news\/wp-json\/wp\/v2\/posts\/1192\/revisions"}],"wp:featuredmedia":[{"embeddable":true,"href":"https:\/\/www.amanien.info\/news\/wp-json\/wp\/v2\/media\/1193"}],"wp:attachment":[{"href":"https:\/\/www.amanien.info\/news\/wp-json\/wp\/v2\/media?parent=1192"}],"wp:term":[{"taxonomy":"category","embeddable":true,"href":"https:\/\/www.amanien.info\/news\/wp-json\/wp\/v2\/categories?post=1192"},{"taxonomy":"post_tag","embeddable":true,"href":"https:\/\/www.amanien.info\/news\/wp-json\/wp\/v2\/tags?post=1192"}],"curies":[{"name":"wp","href":"https:\/\/api.w.org\/{rel}","templated":true}]}}