{"id":1126,"date":"2020-06-01T13:36:37","date_gmt":"2020-06-01T11:36:37","guid":{"rendered":"http:\/\/https:\/\/zozo.buyee.jp\/\/news\/?p=1126"},"modified":"2020-06-01T13:37:06","modified_gmt":"2020-06-01T11:37:06","slug":"activites-portuaires-nouveau-tarif-de-facturation-blc-eir-le-synat-ci-denonce-une-majoration-abusive","status":"publish","type":"post","link":"https:\/\/www.amanien.info\/news\/activites-portuaires-nouveau-tarif-de-facturation-blc-eir-le-synat-ci-denonce-une-majoration-abusive\/","title":{"rendered":"Activit\u00e9s portuaires \/ Nouveau tarif de facturation Blc &#8211; Eir: Le Synat-CI d\u00e9nonce une majoration abusive"},"content":{"rendered":"<p>Le co\u00fbt de Bordereau livraison conteneur \u00e0 l\u2019Export (Blc), et celui de l\u2019Equipment interchange receipt \u00e0 l\u2019Import (Eir), passent d\u00e9sormais de 10. 800 FCFA, \u00e0 20 000 FCFA. C\u2019est le substrat de la note d\u2019information adress\u00e9e aux clients par la Direction solution Maritimes Bollor\u00e9.\u00a0 Le courrier date du 25 mai 2020, et prend effet \u00e0 partir du 15 juin 2020. Une majoration du presque simple au double qui a suscit\u00e9 de vives r\u00e9actions, notamment au niveau du Syndicat autonome des transitaires de C\u00f4te d\u2019Ivoire (Synat-CI). Ainsi, ce mouvement syndical, par la voix de son secr\u00e9taire g\u00e9n\u00e9ral, Ferdinand Beiha, est mont\u00e9 au cr\u00e9neau le 29 mai dernier. C\u2019\u00e9tait \u00e0 l\u2019occasion d\u2019un point presse. Faisant\u00a0 l\u2019historique de la lib\u00e9ralisation des activit\u00e9s de livraison, le secr\u00e9taire g\u00e9n\u00e9ral du Synat-CI,\u00a0 a rappel\u00e9 \u00a0que l\u2019entr\u00e9e en jeu des camions particuliers appel\u00e9s \u2018\u2019 Propres moyens\u2019\u2019, a amen\u00e9 la Direction solutions maritimes de Bollor\u00e9 \u00e0 rendre payant ces bordereaux \u00e0 10 800 FCFA. Toujours selon lui, les choses ont jusque l\u00e0 bien march\u00e9. Mais, contre toute attente,\u00a0 grande est leur surprise de r\u00e9ceptionner ce courrier, faisant mention d\u2019augmentation. Sur la question, l\u2019orateur est sans \u00e9quivoque : \u00ab(&#8230;) Le syndicat autonome des transitaires de C\u00f4te d\u2019Ivoire, s\u2019insurge contre cette d\u00e9marche\u00a0 qui non seulement ne se soucie pas des r\u00e9alit\u00e9s mondiales du moment, mais aussi et surtout, foule aux pieds tous les efforts que fait le gouvernement en ce moment en se sacrifiant pour l\u2019int\u00e9r\u00eat des op\u00e9rateurs \u00e9conomiques et des population \u00bb, mart\u00e8le \u2013t-il. Et de poursuivre : \u00ab (&#8230;) Pour nous, cet agissement rel\u00e8ve d\u2019une simple perfidie tendant \u00e0 profiter d\u2019un moment de faiblesse des op\u00e9rateurs \u00e9conomiques pour se faire du profit \u00bb, insiste Ferdinand Beiha. Qui conclut en ces termes : \u00ab (&#8230;) Nous Syat-CI, restons ouverts \u00e0 toutes explications et discutions, car pour tout agissement de ce genre tendant \u00e0 tirer le d\u00e9veloppement des activit\u00e9s portuaires vers le bas, il est clair que l\u2019on trouvera sur son chemin \u00bb, pr\u00e9vient l\u2019orateur.<\/p>\n","protected":false},"excerpt":{"rendered":"<p>Le co\u00fbt de Bordereau livraison conteneur \u00e0 l\u2019Export (Blc), et celui de l\u2019Equipment interchange receipt \u00e0 l\u2019Import (Eir), passent d\u00e9sormais de 10. 800 FCFA, \u00e0 20 000 FCFA. C\u2019est le substrat de la note d\u2019information adress\u00e9e aux clients par la Direction solution Maritimes Bollor\u00e9.\u00a0 Le courrier date du 25 mai 2020, et prend effet \u00e0 [&hellip;]<\/p>\n","protected":false},"author":2,"featured_media":1127,"comment_status":"open","ping_status":"open","sticky":true,"template":"","format":"standard","meta":{"_acf_changed":false,"footnotes":""},"categories":[],"tags":[],"class_list":["post-1126","post","type-post","status-publish","format-standard","has-post-thumbnail","hentry"],"acf":[],"yoast_head":"<!-- This site is optimized with the Yoast SEO plugin v27.5 - https:\/\/yoast.com\/product\/yoast-seo-wordpress\/ -->\n<title>Activit\u00e9s portuaires \/ Nouveau tarif de facturation Blc - Eir: Le Synat-CI d\u00e9nonce une majoration abusive - Amanien| L&#039;actualit\u00e9 Ivoirienne et Internationale<\/title>\n<meta name=\"robots\" content=\"index, follow, max-snippet:-1, max-image-preview:large, max-video-preview:-1\" \/>\n<link rel=\"canonical\" href=\"https:\/\/www.amanien.info\/news\/activites-portuaires-nouveau-tarif-de-facturation-blc-eir-le-synat-ci-denonce-une-majoration-abusive\/\" \/>\n<meta property=\"og:locale\" content=\"fr_FR\" \/>\n<meta property=\"og:type\" content=\"article\" \/>\n<meta property=\"og:title\" content=\"Activit\u00e9s portuaires \/ Nouveau tarif de facturation Blc - Eir: Le Synat-CI d\u00e9nonce une majoration abusive - Amanien| L&#039;actualit\u00e9 Ivoirienne et Internationale\" \/>\n<meta property=\"og:description\" content=\"Le co\u00fbt de Bordereau livraison conteneur \u00e0 l\u2019Export (Blc), et celui de l\u2019Equipment interchange receipt \u00e0 l\u2019Import (Eir), passent d\u00e9sormais de 10. 800 FCFA, \u00e0 20 000 FCFA. C\u2019est le substrat de la note d\u2019information adress\u00e9e aux clients par la Direction solution Maritimes Bollor\u00e9.\u00a0 Le courrier date du 25 mai 2020, et prend effet \u00e0 [&hellip;]\" \/>\n<meta property=\"og:url\" content=\"https:\/\/www.amanien.info\/news\/activites-portuaires-nouveau-tarif-de-facturation-blc-eir-le-synat-ci-denonce-une-majoration-abusive\/\" \/>\n<meta property=\"og:site_name\" content=\"Amanien| L&#039;actualit\u00e9 Ivoirienne et Internationale\" \/>\n<meta property=\"article:published_time\" content=\"2020-06-01T11:36:37+00:00\" \/>\n<meta property=\"article:modified_time\" content=\"2020-06-01T11:37:06+00:00\" \/>\n<meta property=\"og:image\" content=\"https:\/\/www.amanien.info\/news\/wp-content\/uploads\/2020\/06\/SYNAT-1.jpg\" \/>\n\t<meta property=\"og:image:width\" content=\"1080\" \/>\n\t<meta property=\"og:image:height\" content=\"810\" \/>\n\t<meta property=\"og:image:type\" content=\"image\/jpeg\" \/>\n<meta name=\"author\" content=\"Germain Ndri\" \/>\n<meta name=\"twitter:card\" content=\"summary_large_image\" \/>\n<meta name=\"twitter:label1\" content=\"\u00c9crit par\" \/>\n\t<meta name=\"twitter:data1\" content=\"Germain Ndri\" \/>\n\t<meta name=\"twitter:label2\" content=\"Dur\u00e9e de lecture estim\u00e9e\" \/>\n\t<meta name=\"twitter:data2\" content=\"2 minutes\" \/>\n<script type=\"application\/ld+json\" class=\"yoast-schema-graph\">{\"@context\":\"https:\\\/\\\/schema.org\",\"@graph\":[{\"@type\":\"Article\",\"@id\":\"https:\\\/\\\/www.amanien.info\\\/news\\\/activites-portuaires-nouveau-tarif-de-facturation-blc-eir-le-synat-ci-denonce-une-majoration-abusive\\\/#article\",\"isPartOf\":{\"@id\":\"https:\\\/\\\/www.amanien.info\\\/news\\\/activites-portuaires-nouveau-tarif-de-facturation-blc-eir-le-synat-ci-denonce-une-majoration-abusive\\\/\"},\"author\":{\"name\":\"Germain Ndri\",\"@id\":\"https:\\\/\\\/www.amanien.info\\\/news\\\/#\\\/schema\\\/person\\\/b21093345753a1a98242d505bd894f42\"},\"headline\":\"Activit\u00e9s portuaires \\\/ Nouveau tarif de facturation Blc &#8211; Eir: Le Synat-CI d\u00e9nonce une majoration abusive\",\"datePublished\":\"2020-06-01T11:36:37+00:00\",\"dateModified\":\"2020-06-01T11:37:06+00:00\",\"mainEntityOfPage\":{\"@id\":\"https:\\\/\\\/www.amanien.info\\\/news\\\/activites-portuaires-nouveau-tarif-de-facturation-blc-eir-le-synat-ci-denonce-une-majoration-abusive\\\/\"},\"wordCount\":359,\"commentCount\":0,\"image\":{\"@id\":\"https:\\\/\\\/www.amanien.info\\\/news\\\/activites-portuaires-nouveau-tarif-de-facturation-blc-eir-le-synat-ci-denonce-une-majoration-abusive\\\/#primaryimage\"},\"thumbnailUrl\":\"https:\\\/\\\/www.amanien.info\\\/news\\\/wp-content\\\/uploads\\\/2020\\\/06\\\/SYNAT-1.jpg\",\"inLanguage\":\"fr-FR\"},{\"@type\":\"WebPage\",\"@id\":\"https:\\\/\\\/www.amanien.info\\\/news\\\/activites-portuaires-nouveau-tarif-de-facturation-blc-eir-le-synat-ci-denonce-une-majoration-abusive\\\/\",\"url\":\"https:\\\/\\\/www.amanien.info\\\/news\\\/activites-portuaires-nouveau-tarif-de-facturation-blc-eir-le-synat-ci-denonce-une-majoration-abusive\\\/\",\"name\":\"Activit\u00e9s portuaires \\\/ Nouveau tarif de facturation Blc - Eir: Le Synat-CI d\u00e9nonce une majoration abusive - Amanien| L&#039;actualit\u00e9 Ivoirienne et Internationale\",\"isPartOf\":{\"@id\":\"https:\\\/\\\/www.amanien.info\\\/news\\\/#website\"},\"primaryImageOfPage\":{\"@id\":\"https:\\\/\\\/www.amanien.info\\\/news\\\/activites-portuaires-nouveau-tarif-de-facturation-blc-eir-le-synat-ci-denonce-une-majoration-abusive\\\/#primaryimage\"},\"image\":{\"@id\":\"https:\\\/\\\/www.amanien.info\\\/news\\\/activites-portuaires-nouveau-tarif-de-facturation-blc-eir-le-synat-ci-denonce-une-majoration-abusive\\\/#primaryimage\"},\"thumbnailUrl\":\"https:\\\/\\\/www.amanien.info\\\/news\\\/wp-content\\\/uploads\\\/2020\\\/06\\\/SYNAT-1.jpg\",\"datePublished\":\"2020-06-01T11:36:37+00:00\",\"dateModified\":\"2020-06-01T11:37:06+00:00\",\"author\":{\"@id\":\"https:\\\/\\\/www.amanien.info\\\/news\\\/#\\\/schema\\\/person\\\/b21093345753a1a98242d505bd894f42\"},\"breadcrumb\":{\"@id\":\"https:\\\/\\\/www.amanien.info\\\/news\\\/activites-portuaires-nouveau-tarif-de-facturation-blc-eir-le-synat-ci-denonce-une-majoration-abusive\\\/#breadcrumb\"},\"inLanguage\":\"fr-FR\",\"potentialAction\":[{\"@type\":\"ReadAction\",\"target\":[\"https:\\\/\\\/www.amanien.info\\\/news\\\/activites-portuaires-nouveau-tarif-de-facturation-blc-eir-le-synat-ci-denonce-une-majoration-abusive\\\/\"]}]},{\"@type\":\"ImageObject\",\"inLanguage\":\"fr-FR\",\"@id\":\"https:\\\/\\\/www.amanien.info\\\/news\\\/activites-portuaires-nouveau-tarif-de-facturation-blc-eir-le-synat-ci-denonce-une-majoration-abusive\\\/#primaryimage\",\"url\":\"https:\\\/\\\/www.amanien.info\\\/news\\\/wp-content\\\/uploads\\\/2020\\\/06\\\/SYNAT-1.jpg\",\"contentUrl\":\"https:\\\/\\\/www.amanien.info\\\/news\\\/wp-content\\\/uploads\\\/2020\\\/06\\\/SYNAT-1.jpg\",\"width\":1080,\"height\":810},{\"@type\":\"BreadcrumbList\",\"@id\":\"https:\\\/\\\/www.amanien.info\\\/news\\\/activites-portuaires-nouveau-tarif-de-facturation-blc-eir-le-synat-ci-denonce-une-majoration-abusive\\\/#breadcrumb\",\"itemListElement\":[{\"@type\":\"ListItem\",\"position\":1,\"name\":\"Accueil\",\"item\":\"https:\\\/\\\/www.amanien.info\\\/news\\\/\"},{\"@type\":\"ListItem\",\"position\":2,\"name\":\"Activit\u00e9s portuaires \\\/ Nouveau tarif de facturation Blc &#8211; Eir: Le Synat-CI d\u00e9nonce une majoration abusive\"}]},{\"@type\":\"WebSite\",\"@id\":\"https:\\\/\\\/www.amanien.info\\\/news\\\/#website\",\"url\":\"https:\\\/\\\/www.amanien.info\\\/news\\\/\",\"name\":\"Amanien| L&#039;actualit\u00e9 Ivoirienne et Internationale\",\"description\":\"L&#039;actualit\u00e9 Ivoirienne et Internationale\",\"potentialAction\":[{\"@type\":\"SearchAction\",\"target\":{\"@type\":\"EntryPoint\",\"urlTemplate\":\"https:\\\/\\\/www.amanien.info\\\/news\\\/?s={search_term_string}\"},\"query-input\":{\"@type\":\"PropertyValueSpecification\",\"valueRequired\":true,\"valueName\":\"search_term_string\"}}],\"inLanguage\":\"fr-FR\"},{\"@type\":\"Person\",\"@id\":\"https:\\\/\\\/www.amanien.info\\\/news\\\/#\\\/schema\\\/person\\\/b21093345753a1a98242d505bd894f42\",\"name\":\"Germain Ndri\",\"url\":\"https:\\\/\\\/www.amanien.info\\\/news\\\/author\\\/amanien-infos\\\/\"}]}<\/script>\n<!-- \/ Yoast SEO plugin. -->","yoast_head_json":{"title":"Activit\u00e9s portuaires \/ Nouveau tarif de facturation Blc - Eir: Le Synat-CI d\u00e9nonce une majoration abusive - Amanien| L&#039;actualit\u00e9 Ivoirienne et Internationale","robots":{"index":"index","follow":"follow","max-snippet":"max-snippet:-1","max-image-preview":"max-image-preview:large","max-video-preview":"max-video-preview:-1"},"canonical":"https:\/\/www.amanien.info\/news\/activites-portuaires-nouveau-tarif-de-facturation-blc-eir-le-synat-ci-denonce-une-majoration-abusive\/","og_locale":"fr_FR","og_type":"article","og_title":"Activit\u00e9s portuaires \/ Nouveau tarif de facturation Blc - Eir: Le Synat-CI d\u00e9nonce une majoration abusive - Amanien| L&#039;actualit\u00e9 Ivoirienne et Internationale","og_description":"Le co\u00fbt de Bordereau livraison conteneur \u00e0 l\u2019Export (Blc), et celui de l\u2019Equipment interchange receipt \u00e0 l\u2019Import (Eir), passent d\u00e9sormais de 10. 800 FCFA, \u00e0 20 000 FCFA. C\u2019est le substrat de la note d\u2019information adress\u00e9e aux clients par la Direction solution Maritimes Bollor\u00e9.\u00a0 Le courrier date du 25 mai 2020, et prend effet \u00e0 [&hellip;]","og_url":"https:\/\/www.amanien.info\/news\/activites-portuaires-nouveau-tarif-de-facturation-blc-eir-le-synat-ci-denonce-une-majoration-abusive\/","og_site_name":"Amanien| L&#039;actualit\u00e9 Ivoirienne et Internationale","article_published_time":"2020-06-01T11:36:37+00:00","article_modified_time":"2020-06-01T11:37:06+00:00","og_image":[{"width":1080,"height":810,"url":"https:\/\/www.amanien.info\/news\/wp-content\/uploads\/2020\/06\/SYNAT-1.jpg","type":"image\/jpeg"}],"author":"Germain Ndri","twitter_card":"summary_large_image","twitter_misc":{"\u00c9crit par":"Germain Ndri","Dur\u00e9e de lecture estim\u00e9e":"2 minutes"},"schema":{"@context":"https:\/\/schema.org","@graph":[{"@type":"Article","@id":"https:\/\/www.amanien.info\/news\/activites-portuaires-nouveau-tarif-de-facturation-blc-eir-le-synat-ci-denonce-une-majoration-abusive\/#article","isPartOf":{"@id":"https:\/\/www.amanien.info\/news\/activites-portuaires-nouveau-tarif-de-facturation-blc-eir-le-synat-ci-denonce-une-majoration-abusive\/"},"author":{"name":"Germain Ndri","@id":"https:\/\/www.amanien.info\/news\/#\/schema\/person\/b21093345753a1a98242d505bd894f42"},"headline":"Activit\u00e9s portuaires \/ Nouveau tarif de facturation Blc &#8211; Eir: Le Synat-CI d\u00e9nonce une majoration abusive","datePublished":"2020-06-01T11:36:37+00:00","dateModified":"2020-06-01T11:37:06+00:00","mainEntityOfPage":{"@id":"https:\/\/www.amanien.info\/news\/activites-portuaires-nouveau-tarif-de-facturation-blc-eir-le-synat-ci-denonce-une-majoration-abusive\/"},"wordCount":359,"commentCount":0,"image":{"@id":"https:\/\/www.amanien.info\/news\/activites-portuaires-nouveau-tarif-de-facturation-blc-eir-le-synat-ci-denonce-une-majoration-abusive\/#primaryimage"},"thumbnailUrl":"https:\/\/www.amanien.info\/news\/wp-content\/uploads\/2020\/06\/SYNAT-1.jpg","inLanguage":"fr-FR"},{"@type":"WebPage","@id":"https:\/\/www.amanien.info\/news\/activites-portuaires-nouveau-tarif-de-facturation-blc-eir-le-synat-ci-denonce-une-majoration-abusive\/","url":"https:\/\/www.amanien.info\/news\/activites-portuaires-nouveau-tarif-de-facturation-blc-eir-le-synat-ci-denonce-une-majoration-abusive\/","name":"Activit\u00e9s portuaires \/ Nouveau tarif de facturation Blc - Eir: Le Synat-CI d\u00e9nonce une majoration abusive - Amanien| L&#039;actualit\u00e9 Ivoirienne et Internationale","isPartOf":{"@id":"https:\/\/www.amanien.info\/news\/#website"},"primaryImageOfPage":{"@id":"https:\/\/www.amanien.info\/news\/activites-portuaires-nouveau-tarif-de-facturation-blc-eir-le-synat-ci-denonce-une-majoration-abusive\/#primaryimage"},"image":{"@id":"https:\/\/www.amanien.info\/news\/activites-portuaires-nouveau-tarif-de-facturation-blc-eir-le-synat-ci-denonce-une-majoration-abusive\/#primaryimage"},"thumbnailUrl":"https:\/\/www.amanien.info\/news\/wp-content\/uploads\/2020\/06\/SYNAT-1.jpg","datePublished":"2020-06-01T11:36:37+00:00","dateModified":"2020-06-01T11:37:06+00:00","author":{"@id":"https:\/\/www.amanien.info\/news\/#\/schema\/person\/b21093345753a1a98242d505bd894f42"},"breadcrumb":{"@id":"https:\/\/www.amanien.info\/news\/activites-portuaires-nouveau-tarif-de-facturation-blc-eir-le-synat-ci-denonce-une-majoration-abusive\/#breadcrumb"},"inLanguage":"fr-FR","potentialAction":[{"@type":"ReadAction","target":["https:\/\/www.amanien.info\/news\/activites-portuaires-nouveau-tarif-de-facturation-blc-eir-le-synat-ci-denonce-une-majoration-abusive\/"]}]},{"@type":"ImageObject","inLanguage":"fr-FR","@id":"https:\/\/www.amanien.info\/news\/activites-portuaires-nouveau-tarif-de-facturation-blc-eir-le-synat-ci-denonce-une-majoration-abusive\/#primaryimage","url":"https:\/\/www.amanien.info\/news\/wp-content\/uploads\/2020\/06\/SYNAT-1.jpg","contentUrl":"https:\/\/www.amanien.info\/news\/wp-content\/uploads\/2020\/06\/SYNAT-1.jpg","width":1080,"height":810},{"@type":"BreadcrumbList","@id":"https:\/\/www.amanien.info\/news\/activites-portuaires-nouveau-tarif-de-facturation-blc-eir-le-synat-ci-denonce-une-majoration-abusive\/#breadcrumb","itemListElement":[{"@type":"ListItem","position":1,"name":"Accueil","item":"https:\/\/www.amanien.info\/news\/"},{"@type":"ListItem","position":2,"name":"Activit\u00e9s portuaires \/ Nouveau tarif de facturation Blc &#8211; Eir: Le Synat-CI d\u00e9nonce une majoration abusive"}]},{"@type":"WebSite","@id":"https:\/\/www.amanien.info\/news\/#website","url":"https:\/\/www.amanien.info\/news\/","name":"Amanien| L&#039;actualit\u00e9 Ivoirienne et Internationale","description":"L&#039;actualit\u00e9 Ivoirienne et Internationale","potentialAction":[{"@type":"SearchAction","target":{"@type":"EntryPoint","urlTemplate":"https:\/\/www.amanien.info\/news\/?s={search_term_string}"},"query-input":{"@type":"PropertyValueSpecification","valueRequired":true,"valueName":"search_term_string"}}],"inLanguage":"fr-FR"},{"@type":"Person","@id":"https:\/\/www.amanien.info\/news\/#\/schema\/person\/b21093345753a1a98242d505bd894f42","name":"Germain Ndri","url":"https:\/\/www.amanien.info\/news\/author\/amanien-infos\/"}]}},"_links":{"self":[{"href":"https:\/\/www.amanien.info\/news\/wp-json\/wp\/v2\/posts\/1126","targetHints":{"allow":["GET"]}}],"collection":[{"href":"https:\/\/www.amanien.info\/news\/wp-json\/wp\/v2\/posts"}],"about":[{"href":"https:\/\/www.amanien.info\/news\/wp-json\/wp\/v2\/types\/post"}],"author":[{"embeddable":true,"href":"https:\/\/www.amanien.info\/news\/wp-json\/wp\/v2\/users\/2"}],"replies":[{"embeddable":true,"href":"https:\/\/www.amanien.info\/news\/wp-json\/wp\/v2\/comments?post=1126"}],"version-history":[{"count":0,"href":"https:\/\/www.amanien.info\/news\/wp-json\/wp\/v2\/posts\/1126\/revisions"}],"wp:featuredmedia":[{"embeddable":true,"href":"https:\/\/www.amanien.info\/news\/wp-json\/wp\/v2\/media\/1127"}],"wp:attachment":[{"href":"https:\/\/www.amanien.info\/news\/wp-json\/wp\/v2\/media?parent=1126"}],"wp:term":[{"taxonomy":"category","embeddable":true,"href":"https:\/\/www.amanien.info\/news\/wp-json\/wp\/v2\/categories?post=1126"},{"taxonomy":"post_tag","embeddable":true,"href":"https:\/\/www.amanien.info\/news\/wp-json\/wp\/v2\/tags?post=1126"}],"curies":[{"name":"wp","href":"https:\/\/api.w.org\/{rel}","templated":true}]}}