{"id":1123,"date":"2020-05-31T21:19:49","date_gmt":"2020-05-31T19:19:49","guid":{"rendered":"http:\/\/https:\/\/zozo.buyee.jp\/\/news\/?p=1123"},"modified":"2020-05-31T21:20:14","modified_gmt":"2020-05-31T19:20:14","slug":"hausse-du-prix-du-carburant-et-du-gaz-butane-pour-le-mois-de-juin","status":"publish","type":"post","link":"https:\/\/www.amanien.info\/news\/hausse-du-prix-du-carburant-et-du-gaz-butane-pour-le-mois-de-juin\/","title":{"rendered":"Hausse du prix du carburant et du gaz butane pour le mois de juin"},"content":{"rendered":"<p>Les prix du carburant et du gaz butane augmentent le mois de juin 2020 en C\u00f4te d\u2019Ivoire. L\u2019essence super passe de 570 Fcfa le litre \u00e0 580 Fcfa\/litre de m\u00eame que le gasoil, tandis que le gaz butane B12,5 Kg, beaucoup utilis\u00e9 dans les m\u00e9nages, est c\u00e9d\u00e9 \u00e0 4 750 Fcfa, en hausse de 475 Fcfa.<\/p>\n<p>Le p\u00e9trole lampant, lui, reste inchang\u00e9 \u00e0 555 Fcfa le litre \u00e0 l\u2019ambiant. Ce produit, en raison du manque de couverture de l\u2019\u00e9lectricit\u00e9 dans certaines zones rurales du pays, est beaucoup utilis\u00e9 dans des campagnes et des villages.<\/p>\n<p>Les prix du gaz butane, pour le mois de juin 2020, enregistrent \u00e9galement une l\u00e9g\u00e8re augmentation. Mais, la bouteille de gaz de 6 Kg (B6), elle, demeure stable \u00e0 2 000 Fcfa, alors que toutes les autres bouteilles ont connu un rel\u00e8vement de prix.<\/p>\n<p>Ainsi la bouteille de gaz de 12,5 Kg (B12,5) passe de 4 375 Fcfa \u00e0 4 750 Fcfa, en hausse de 375 Fcfa, la B15 Kg de 5 250 Fcfa \u00e0 5 700 Fcfa, en hausse de 450 Fcfa, la B17,5 Kg de 6 125 Fcfa \u00e0 6 650 Fcfa, en hausse de 525 Fcfa, la B25 Kg de 8 750 Fcfa \u00e0 9 500 Fcfa, en hausse de 750 Fcfa.<\/p>\n<p>Les prix des produits p\u00e9troliers en C\u00f4te d\u2019Ivoire se font chaque mois conform\u00e9ment aux dispositions du m\u00e9canisme automatique des prix des hydrocarbures sur le march\u00e9 mondial.<\/p>\n","protected":false},"excerpt":{"rendered":"<p>Les prix du carburant et du gaz butane augmentent le mois de juin 2020 en C\u00f4te d\u2019Ivoire. L\u2019essence super passe de 570 Fcfa le litre \u00e0 580 Fcfa\/litre de m\u00eame que le gasoil, tandis que le gaz butane B12,5 Kg, beaucoup utilis\u00e9 dans les m\u00e9nages, est c\u00e9d\u00e9 \u00e0 4 750 Fcfa, en hausse de 475 [&hellip;]<\/p>\n","protected":false},"author":2,"featured_media":1124,"comment_status":"open","ping_status":"open","sticky":true,"template":"","format":"standard","meta":{"_acf_changed":false,"footnotes":""},"categories":[],"tags":[],"class_list":["post-1123","post","type-post","status-publish","format-standard","has-post-thumbnail","hentry"],"acf":[],"yoast_head":"<!-- This site is optimized with the Yoast SEO plugin v27.5 - https:\/\/yoast.com\/product\/yoast-seo-wordpress\/ -->\n<title>Hausse du prix du carburant et du gaz butane pour le mois de juin - Amanien| L&#039;actualit\u00e9 Ivoirienne et Internationale<\/title>\n<meta name=\"robots\" content=\"index, follow, max-snippet:-1, max-image-preview:large, max-video-preview:-1\" \/>\n<link rel=\"canonical\" href=\"https:\/\/www.amanien.info\/news\/hausse-du-prix-du-carburant-et-du-gaz-butane-pour-le-mois-de-juin\/\" \/>\n<meta property=\"og:locale\" content=\"fr_FR\" \/>\n<meta property=\"og:type\" content=\"article\" \/>\n<meta property=\"og:title\" content=\"Hausse du prix du carburant et du gaz butane pour le mois de juin - Amanien| L&#039;actualit\u00e9 Ivoirienne et Internationale\" \/>\n<meta property=\"og:description\" content=\"Les prix du carburant et du gaz butane augmentent le mois de juin 2020 en C\u00f4te d\u2019Ivoire. L\u2019essence super passe de 570 Fcfa le litre \u00e0 580 Fcfa\/litre de m\u00eame que le gasoil, tandis que le gaz butane B12,5 Kg, beaucoup utilis\u00e9 dans les m\u00e9nages, est c\u00e9d\u00e9 \u00e0 4 750 Fcfa, en hausse de 475 [&hellip;]\" \/>\n<meta property=\"og:url\" content=\"https:\/\/www.amanien.info\/news\/hausse-du-prix-du-carburant-et-du-gaz-butane-pour-le-mois-de-juin\/\" \/>\n<meta property=\"og:site_name\" content=\"Amanien| L&#039;actualit\u00e9 Ivoirienne et Internationale\" \/>\n<meta property=\"article:published_time\" content=\"2020-05-31T19:19:49+00:00\" \/>\n<meta property=\"article:modified_time\" content=\"2020-05-31T19:20:14+00:00\" \/>\n<meta property=\"og:image\" content=\"https:\/\/www.amanien.info\/news\/wp-content\/uploads\/2020\/05\/index-2.jpg\" \/>\n\t<meta property=\"og:image:width\" content=\"262\" \/>\n\t<meta property=\"og:image:height\" content=\"192\" \/>\n\t<meta property=\"og:image:type\" content=\"image\/jpeg\" \/>\n<meta name=\"author\" content=\"Germain Ndri\" \/>\n<meta name=\"twitter:card\" content=\"summary_large_image\" \/>\n<meta name=\"twitter:label1\" content=\"\u00c9crit par\" \/>\n\t<meta name=\"twitter:data1\" content=\"Germain Ndri\" \/>\n\t<meta name=\"twitter:label2\" content=\"Dur\u00e9e de lecture estim\u00e9e\" \/>\n\t<meta name=\"twitter:data2\" content=\"1 minute\" \/>\n<script type=\"application\/ld+json\" class=\"yoast-schema-graph\">{\"@context\":\"https:\\\/\\\/schema.org\",\"@graph\":[{\"@type\":\"Article\",\"@id\":\"https:\\\/\\\/www.amanien.info\\\/news\\\/hausse-du-prix-du-carburant-et-du-gaz-butane-pour-le-mois-de-juin\\\/#article\",\"isPartOf\":{\"@id\":\"https:\\\/\\\/www.amanien.info\\\/news\\\/hausse-du-prix-du-carburant-et-du-gaz-butane-pour-le-mois-de-juin\\\/\"},\"author\":{\"name\":\"Germain Ndri\",\"@id\":\"https:\\\/\\\/www.amanien.info\\\/news\\\/#\\\/schema\\\/person\\\/b21093345753a1a98242d505bd894f42\"},\"headline\":\"Hausse du prix du carburant et du gaz butane pour le mois de juin\",\"datePublished\":\"2020-05-31T19:19:49+00:00\",\"dateModified\":\"2020-05-31T19:20:14+00:00\",\"mainEntityOfPage\":{\"@id\":\"https:\\\/\\\/www.amanien.info\\\/news\\\/hausse-du-prix-du-carburant-et-du-gaz-butane-pour-le-mois-de-juin\\\/\"},\"wordCount\":226,\"commentCount\":0,\"image\":{\"@id\":\"https:\\\/\\\/www.amanien.info\\\/news\\\/hausse-du-prix-du-carburant-et-du-gaz-butane-pour-le-mois-de-juin\\\/#primaryimage\"},\"thumbnailUrl\":\"https:\\\/\\\/www.amanien.info\\\/news\\\/wp-content\\\/uploads\\\/2020\\\/05\\\/index-2.jpg\",\"inLanguage\":\"fr-FR\"},{\"@type\":\"WebPage\",\"@id\":\"https:\\\/\\\/www.amanien.info\\\/news\\\/hausse-du-prix-du-carburant-et-du-gaz-butane-pour-le-mois-de-juin\\\/\",\"url\":\"https:\\\/\\\/www.amanien.info\\\/news\\\/hausse-du-prix-du-carburant-et-du-gaz-butane-pour-le-mois-de-juin\\\/\",\"name\":\"Hausse du prix du carburant et du gaz butane pour le mois de juin - Amanien| L&#039;actualit\u00e9 Ivoirienne et Internationale\",\"isPartOf\":{\"@id\":\"https:\\\/\\\/www.amanien.info\\\/news\\\/#website\"},\"primaryImageOfPage\":{\"@id\":\"https:\\\/\\\/www.amanien.info\\\/news\\\/hausse-du-prix-du-carburant-et-du-gaz-butane-pour-le-mois-de-juin\\\/#primaryimage\"},\"image\":{\"@id\":\"https:\\\/\\\/www.amanien.info\\\/news\\\/hausse-du-prix-du-carburant-et-du-gaz-butane-pour-le-mois-de-juin\\\/#primaryimage\"},\"thumbnailUrl\":\"https:\\\/\\\/www.amanien.info\\\/news\\\/wp-content\\\/uploads\\\/2020\\\/05\\\/index-2.jpg\",\"datePublished\":\"2020-05-31T19:19:49+00:00\",\"dateModified\":\"2020-05-31T19:20:14+00:00\",\"author\":{\"@id\":\"https:\\\/\\\/www.amanien.info\\\/news\\\/#\\\/schema\\\/person\\\/b21093345753a1a98242d505bd894f42\"},\"breadcrumb\":{\"@id\":\"https:\\\/\\\/www.amanien.info\\\/news\\\/hausse-du-prix-du-carburant-et-du-gaz-butane-pour-le-mois-de-juin\\\/#breadcrumb\"},\"inLanguage\":\"fr-FR\",\"potentialAction\":[{\"@type\":\"ReadAction\",\"target\":[\"https:\\\/\\\/www.amanien.info\\\/news\\\/hausse-du-prix-du-carburant-et-du-gaz-butane-pour-le-mois-de-juin\\\/\"]}]},{\"@type\":\"ImageObject\",\"inLanguage\":\"fr-FR\",\"@id\":\"https:\\\/\\\/www.amanien.info\\\/news\\\/hausse-du-prix-du-carburant-et-du-gaz-butane-pour-le-mois-de-juin\\\/#primaryimage\",\"url\":\"https:\\\/\\\/www.amanien.info\\\/news\\\/wp-content\\\/uploads\\\/2020\\\/05\\\/index-2.jpg\",\"contentUrl\":\"https:\\\/\\\/www.amanien.info\\\/news\\\/wp-content\\\/uploads\\\/2020\\\/05\\\/index-2.jpg\",\"width\":262,\"height\":192},{\"@type\":\"BreadcrumbList\",\"@id\":\"https:\\\/\\\/www.amanien.info\\\/news\\\/hausse-du-prix-du-carburant-et-du-gaz-butane-pour-le-mois-de-juin\\\/#breadcrumb\",\"itemListElement\":[{\"@type\":\"ListItem\",\"position\":1,\"name\":\"Accueil\",\"item\":\"https:\\\/\\\/www.amanien.info\\\/news\\\/\"},{\"@type\":\"ListItem\",\"position\":2,\"name\":\"Hausse du prix du carburant et du gaz butane pour le mois de juin\"}]},{\"@type\":\"WebSite\",\"@id\":\"https:\\\/\\\/www.amanien.info\\\/news\\\/#website\",\"url\":\"https:\\\/\\\/www.amanien.info\\\/news\\\/\",\"name\":\"Amanien| L&#039;actualit\u00e9 Ivoirienne et Internationale\",\"description\":\"L&#039;actualit\u00e9 Ivoirienne et Internationale\",\"potentialAction\":[{\"@type\":\"SearchAction\",\"target\":{\"@type\":\"EntryPoint\",\"urlTemplate\":\"https:\\\/\\\/www.amanien.info\\\/news\\\/?s={search_term_string}\"},\"query-input\":{\"@type\":\"PropertyValueSpecification\",\"valueRequired\":true,\"valueName\":\"search_term_string\"}}],\"inLanguage\":\"fr-FR\"},{\"@type\":\"Person\",\"@id\":\"https:\\\/\\\/www.amanien.info\\\/news\\\/#\\\/schema\\\/person\\\/b21093345753a1a98242d505bd894f42\",\"name\":\"Germain Ndri\",\"url\":\"https:\\\/\\\/www.amanien.info\\\/news\\\/author\\\/amanien-infos\\\/\"}]}<\/script>\n<!-- \/ Yoast SEO plugin. -->","yoast_head_json":{"title":"Hausse du prix du carburant et du gaz butane pour le mois de juin - Amanien| L&#039;actualit\u00e9 Ivoirienne et Internationale","robots":{"index":"index","follow":"follow","max-snippet":"max-snippet:-1","max-image-preview":"max-image-preview:large","max-video-preview":"max-video-preview:-1"},"canonical":"https:\/\/www.amanien.info\/news\/hausse-du-prix-du-carburant-et-du-gaz-butane-pour-le-mois-de-juin\/","og_locale":"fr_FR","og_type":"article","og_title":"Hausse du prix du carburant et du gaz butane pour le mois de juin - Amanien| L&#039;actualit\u00e9 Ivoirienne et Internationale","og_description":"Les prix du carburant et du gaz butane augmentent le mois de juin 2020 en C\u00f4te d\u2019Ivoire. L\u2019essence super passe de 570 Fcfa le litre \u00e0 580 Fcfa\/litre de m\u00eame que le gasoil, tandis que le gaz butane B12,5 Kg, beaucoup utilis\u00e9 dans les m\u00e9nages, est c\u00e9d\u00e9 \u00e0 4 750 Fcfa, en hausse de 475 [&hellip;]","og_url":"https:\/\/www.amanien.info\/news\/hausse-du-prix-du-carburant-et-du-gaz-butane-pour-le-mois-de-juin\/","og_site_name":"Amanien| L&#039;actualit\u00e9 Ivoirienne et Internationale","article_published_time":"2020-05-31T19:19:49+00:00","article_modified_time":"2020-05-31T19:20:14+00:00","og_image":[{"width":262,"height":192,"url":"https:\/\/www.amanien.info\/news\/wp-content\/uploads\/2020\/05\/index-2.jpg","type":"image\/jpeg"}],"author":"Germain Ndri","twitter_card":"summary_large_image","twitter_misc":{"\u00c9crit par":"Germain Ndri","Dur\u00e9e de lecture estim\u00e9e":"1 minute"},"schema":{"@context":"https:\/\/schema.org","@graph":[{"@type":"Article","@id":"https:\/\/www.amanien.info\/news\/hausse-du-prix-du-carburant-et-du-gaz-butane-pour-le-mois-de-juin\/#article","isPartOf":{"@id":"https:\/\/www.amanien.info\/news\/hausse-du-prix-du-carburant-et-du-gaz-butane-pour-le-mois-de-juin\/"},"author":{"name":"Germain Ndri","@id":"https:\/\/www.amanien.info\/news\/#\/schema\/person\/b21093345753a1a98242d505bd894f42"},"headline":"Hausse du prix du carburant et du gaz butane pour le mois de juin","datePublished":"2020-05-31T19:19:49+00:00","dateModified":"2020-05-31T19:20:14+00:00","mainEntityOfPage":{"@id":"https:\/\/www.amanien.info\/news\/hausse-du-prix-du-carburant-et-du-gaz-butane-pour-le-mois-de-juin\/"},"wordCount":226,"commentCount":0,"image":{"@id":"https:\/\/www.amanien.info\/news\/hausse-du-prix-du-carburant-et-du-gaz-butane-pour-le-mois-de-juin\/#primaryimage"},"thumbnailUrl":"https:\/\/www.amanien.info\/news\/wp-content\/uploads\/2020\/05\/index-2.jpg","inLanguage":"fr-FR"},{"@type":"WebPage","@id":"https:\/\/www.amanien.info\/news\/hausse-du-prix-du-carburant-et-du-gaz-butane-pour-le-mois-de-juin\/","url":"https:\/\/www.amanien.info\/news\/hausse-du-prix-du-carburant-et-du-gaz-butane-pour-le-mois-de-juin\/","name":"Hausse du prix du carburant et du gaz butane pour le mois de juin - Amanien| L&#039;actualit\u00e9 Ivoirienne et Internationale","isPartOf":{"@id":"https:\/\/www.amanien.info\/news\/#website"},"primaryImageOfPage":{"@id":"https:\/\/www.amanien.info\/news\/hausse-du-prix-du-carburant-et-du-gaz-butane-pour-le-mois-de-juin\/#primaryimage"},"image":{"@id":"https:\/\/www.amanien.info\/news\/hausse-du-prix-du-carburant-et-du-gaz-butane-pour-le-mois-de-juin\/#primaryimage"},"thumbnailUrl":"https:\/\/www.amanien.info\/news\/wp-content\/uploads\/2020\/05\/index-2.jpg","datePublished":"2020-05-31T19:19:49+00:00","dateModified":"2020-05-31T19:20:14+00:00","author":{"@id":"https:\/\/www.amanien.info\/news\/#\/schema\/person\/b21093345753a1a98242d505bd894f42"},"breadcrumb":{"@id":"https:\/\/www.amanien.info\/news\/hausse-du-prix-du-carburant-et-du-gaz-butane-pour-le-mois-de-juin\/#breadcrumb"},"inLanguage":"fr-FR","potentialAction":[{"@type":"ReadAction","target":["https:\/\/www.amanien.info\/news\/hausse-du-prix-du-carburant-et-du-gaz-butane-pour-le-mois-de-juin\/"]}]},{"@type":"ImageObject","inLanguage":"fr-FR","@id":"https:\/\/www.amanien.info\/news\/hausse-du-prix-du-carburant-et-du-gaz-butane-pour-le-mois-de-juin\/#primaryimage","url":"https:\/\/www.amanien.info\/news\/wp-content\/uploads\/2020\/05\/index-2.jpg","contentUrl":"https:\/\/www.amanien.info\/news\/wp-content\/uploads\/2020\/05\/index-2.jpg","width":262,"height":192},{"@type":"BreadcrumbList","@id":"https:\/\/www.amanien.info\/news\/hausse-du-prix-du-carburant-et-du-gaz-butane-pour-le-mois-de-juin\/#breadcrumb","itemListElement":[{"@type":"ListItem","position":1,"name":"Accueil","item":"https:\/\/www.amanien.info\/news\/"},{"@type":"ListItem","position":2,"name":"Hausse du prix du carburant et du gaz butane pour le mois de juin"}]},{"@type":"WebSite","@id":"https:\/\/www.amanien.info\/news\/#website","url":"https:\/\/www.amanien.info\/news\/","name":"Amanien| L&#039;actualit\u00e9 Ivoirienne et Internationale","description":"L&#039;actualit\u00e9 Ivoirienne et Internationale","potentialAction":[{"@type":"SearchAction","target":{"@type":"EntryPoint","urlTemplate":"https:\/\/www.amanien.info\/news\/?s={search_term_string}"},"query-input":{"@type":"PropertyValueSpecification","valueRequired":true,"valueName":"search_term_string"}}],"inLanguage":"fr-FR"},{"@type":"Person","@id":"https:\/\/www.amanien.info\/news\/#\/schema\/person\/b21093345753a1a98242d505bd894f42","name":"Germain Ndri","url":"https:\/\/www.amanien.info\/news\/author\/amanien-infos\/"}]}},"_links":{"self":[{"href":"https:\/\/www.amanien.info\/news\/wp-json\/wp\/v2\/posts\/1123","targetHints":{"allow":["GET"]}}],"collection":[{"href":"https:\/\/www.amanien.info\/news\/wp-json\/wp\/v2\/posts"}],"about":[{"href":"https:\/\/www.amanien.info\/news\/wp-json\/wp\/v2\/types\/post"}],"author":[{"embeddable":true,"href":"https:\/\/www.amanien.info\/news\/wp-json\/wp\/v2\/users\/2"}],"replies":[{"embeddable":true,"href":"https:\/\/www.amanien.info\/news\/wp-json\/wp\/v2\/comments?post=1123"}],"version-history":[{"count":0,"href":"https:\/\/www.amanien.info\/news\/wp-json\/wp\/v2\/posts\/1123\/revisions"}],"wp:featuredmedia":[{"embeddable":true,"href":"https:\/\/www.amanien.info\/news\/wp-json\/wp\/v2\/media\/1124"}],"wp:attachment":[{"href":"https:\/\/www.amanien.info\/news\/wp-json\/wp\/v2\/media?parent=1123"}],"wp:term":[{"taxonomy":"category","embeddable":true,"href":"https:\/\/www.amanien.info\/news\/wp-json\/wp\/v2\/categories?post=1123"},{"taxonomy":"post_tag","embeddable":true,"href":"https:\/\/www.amanien.info\/news\/wp-json\/wp\/v2\/tags?post=1123"}],"curies":[{"name":"wp","href":"https:\/\/api.w.org\/{rel}","templated":true}]}}