{"id":1076,"date":"2020-05-26T19:00:28","date_gmt":"2020-05-26T17:00:28","guid":{"rendered":"http:\/\/https:\/\/zozo.buyee.jp\/\/news\/?p=1076"},"modified":"2020-05-26T19:01:20","modified_gmt":"2020-05-26T17:01:20","slug":"covid-19-47-nouveaux-cas-confirmes","status":"publish","type":"post","link":"https:\/\/www.amanien.info\/news\/covid-19-47-nouveaux-cas-confirmes\/","title":{"rendered":"Covid-19: 47 nouveaux cas confirm\u00e9s"},"content":{"rendered":"<div class=\"I_52qC D_FY W_6D6F\" data-test-id=\"message-view-body\">\n<div class=\"msg-body P_wpofO mq_AS\" data-test-id=\"message-view-body-content\">\n<div class=\"jb_0 X_6MGW N_6Fd5\">\n<div>\n<div id=\"yiv6112831138\">\n<div>Le minist\u00e8re de la Sant\u00e9 et de l&rsquo;hygi\u00e8ne Publique a annonc\u00e9 47 nouveaux cas de Covid-19 sur 873 \u00e9chantillons pr\u00e9lev\u00e9s soit 5,3% de cas positifs, 38 gu\u00e9ris et 00 d\u00e9c\u00e8s. \u00c0 en croire les autorit\u00e9s sanitaires ivoiriennes, le pays compte d\u00e9sormais 2 423 cas confirm\u00e9s dont 1 257 personnes gu\u00e9ries, 30 d\u00e9c\u00e8s et 1 136 cas actifs \u00e0 ce jour. Le nombre total d\u2019\u00e9chantillons passe ainsi \u00e0 24 317.<\/p>\n<div>\nFace \u00e0 ces chiffres, le gouvernement invite, les populations \u00e0 int\u00e9grer dans leurs habitudes quotidiennes les mesures barri\u00e8res et de porter un masque lors de leurs d\u00e9placements, pour se prot\u00e9ger et prot\u00e9ger les autres.<\/p>\n<p>\u00a0\u00bb Toutefois, il ne faut pas oublier que le masque n\u2019est efficace que s\u2019il est associ\u00e9 \u00e0 un lavage fr\u00e9quent des mains \u00e0 l\u2019eau et au savon. Par ailleurs, devant l\u2019apparition de signes tels que : la toux, la fi\u00e8vre et des difficult\u00e9s respiratoires, vous \u00eates pri\u00e9s de contacter en urgence les num\u00e9ros gratuits tels que 101, le 119, le 125 et le 143 ou de vous rendre dans un centre d\u2019accueil et de d\u00e9pistage\u00a0\u00bb pr\u00e9cise les responsables sanitaire.<\/p><\/div>\n<\/div>\n<\/div>\n<\/div>\n<\/div>\n<\/div>\n<div class=\"jb_0 X_6MGW N_6Fd5\"><\/div>\n<\/div>\n<div class=\"H_7jIs D_F ab_C Q_69H5 E_36RhU\" data-test-id=\"toolbar-hover-area\">\n<div class=\"D_F W_6D6F r_BN gl_C\" data-test-id=\"card-toolbar\">\n<div class=\"D_F ab_C en_0 b_Z14vXdP e_3mS2U I_52qC P_Z1otBpf\">\n<ul class=\"hd_n P_0 H_6D6F M_0 ir3_0 iy_h D_F ab_C\" tabindex=\"0\" role=\"menubar\" data-test-id=\"navigable-list\">\n<li class=\"G_e p_R\" role=\"menuitem\"><\/li>\n<\/ul>\n<\/div>\n<\/div>\n<\/div>\n","protected":false},"excerpt":{"rendered":"<p>Le minist\u00e8re de la Sant\u00e9 et de l&rsquo;hygi\u00e8ne Publique a annonc\u00e9 47 nouveaux cas de Covid-19 sur 873 \u00e9chantillons pr\u00e9lev\u00e9s soit 5,3% de cas positifs, 38 gu\u00e9ris et 00 d\u00e9c\u00e8s. \u00c0 en croire les autorit\u00e9s sanitaires ivoiriennes, le pays compte d\u00e9sormais 2 423 cas confirm\u00e9s dont 1 257 personnes gu\u00e9ries, 30 d\u00e9c\u00e8s et 1 136 [&hellip;]<\/p>\n","protected":false},"author":2,"featured_media":1077,"comment_status":"open","ping_status":"open","sticky":true,"template":"","format":"standard","meta":{"_acf_changed":false,"footnotes":""},"categories":[],"tags":[],"class_list":["post-1076","post","type-post","status-publish","format-standard","has-post-thumbnail","hentry"],"acf":[],"yoast_head":"<!-- This site is optimized with the Yoast SEO plugin v27.5 - https:\/\/yoast.com\/product\/yoast-seo-wordpress\/ -->\n<title>Covid-19: 47 nouveaux cas confirm\u00e9s - Amanien| L&#039;actualit\u00e9 Ivoirienne et Internationale<\/title>\n<meta name=\"robots\" content=\"index, follow, max-snippet:-1, max-image-preview:large, max-video-preview:-1\" \/>\n<link rel=\"canonical\" href=\"https:\/\/www.amanien.info\/news\/covid-19-47-nouveaux-cas-confirmes\/\" \/>\n<meta property=\"og:locale\" content=\"fr_FR\" \/>\n<meta property=\"og:type\" content=\"article\" \/>\n<meta property=\"og:title\" content=\"Covid-19: 47 nouveaux cas confirm\u00e9s - Amanien| L&#039;actualit\u00e9 Ivoirienne et Internationale\" \/>\n<meta property=\"og:description\" content=\"Le minist\u00e8re de la Sant\u00e9 et de l&rsquo;hygi\u00e8ne Publique a annonc\u00e9 47 nouveaux cas de Covid-19 sur 873 \u00e9chantillons pr\u00e9lev\u00e9s soit 5,3% de cas positifs, 38 gu\u00e9ris et 00 d\u00e9c\u00e8s. \u00c0 en croire les autorit\u00e9s sanitaires ivoiriennes, le pays compte d\u00e9sormais 2 423 cas confirm\u00e9s dont 1 257 personnes gu\u00e9ries, 30 d\u00e9c\u00e8s et 1 136 [&hellip;]\" \/>\n<meta property=\"og:url\" content=\"https:\/\/www.amanien.info\/news\/covid-19-47-nouveaux-cas-confirmes\/\" \/>\n<meta property=\"og:site_name\" content=\"Amanien| L&#039;actualit\u00e9 Ivoirienne et Internationale\" \/>\n<meta property=\"article:published_time\" content=\"2020-05-26T17:00:28+00:00\" \/>\n<meta property=\"article:modified_time\" content=\"2020-05-26T17:01:20+00:00\" \/>\n<meta property=\"og:image\" content=\"https:\/\/www.amanien.info\/news\/wp-content\/uploads\/2020\/05\/index.jpg\" \/>\n\t<meta property=\"og:image:width\" content=\"275\" \/>\n\t<meta property=\"og:image:height\" content=\"183\" \/>\n\t<meta property=\"og:image:type\" content=\"image\/jpeg\" \/>\n<meta name=\"author\" content=\"Germain Ndri\" \/>\n<meta name=\"twitter:card\" content=\"summary_large_image\" \/>\n<meta name=\"twitter:label1\" content=\"\u00c9crit par\" \/>\n\t<meta name=\"twitter:data1\" content=\"Germain Ndri\" \/>\n\t<meta name=\"twitter:label2\" content=\"Dur\u00e9e de lecture estim\u00e9e\" \/>\n\t<meta name=\"twitter:data2\" content=\"1 minute\" \/>\n<script type=\"application\/ld+json\" class=\"yoast-schema-graph\">{\"@context\":\"https:\\\/\\\/schema.org\",\"@graph\":[{\"@type\":\"Article\",\"@id\":\"https:\\\/\\\/www.amanien.info\\\/news\\\/covid-19-47-nouveaux-cas-confirmes\\\/#article\",\"isPartOf\":{\"@id\":\"https:\\\/\\\/www.amanien.info\\\/news\\\/covid-19-47-nouveaux-cas-confirmes\\\/\"},\"author\":{\"name\":\"Germain Ndri\",\"@id\":\"https:\\\/\\\/www.amanien.info\\\/news\\\/#\\\/schema\\\/person\\\/b21093345753a1a98242d505bd894f42\"},\"headline\":\"Covid-19: 47 nouveaux cas confirm\u00e9s\",\"datePublished\":\"2020-05-26T17:00:28+00:00\",\"dateModified\":\"2020-05-26T17:01:20+00:00\",\"mainEntityOfPage\":{\"@id\":\"https:\\\/\\\/www.amanien.info\\\/news\\\/covid-19-47-nouveaux-cas-confirmes\\\/\"},\"wordCount\":192,\"commentCount\":0,\"image\":{\"@id\":\"https:\\\/\\\/www.amanien.info\\\/news\\\/covid-19-47-nouveaux-cas-confirmes\\\/#primaryimage\"},\"thumbnailUrl\":\"https:\\\/\\\/www.amanien.info\\\/news\\\/wp-content\\\/uploads\\\/2020\\\/05\\\/index.jpg\",\"inLanguage\":\"fr-FR\"},{\"@type\":\"WebPage\",\"@id\":\"https:\\\/\\\/www.amanien.info\\\/news\\\/covid-19-47-nouveaux-cas-confirmes\\\/\",\"url\":\"https:\\\/\\\/www.amanien.info\\\/news\\\/covid-19-47-nouveaux-cas-confirmes\\\/\",\"name\":\"Covid-19: 47 nouveaux cas confirm\u00e9s - Amanien| L&#039;actualit\u00e9 Ivoirienne et Internationale\",\"isPartOf\":{\"@id\":\"https:\\\/\\\/www.amanien.info\\\/news\\\/#website\"},\"primaryImageOfPage\":{\"@id\":\"https:\\\/\\\/www.amanien.info\\\/news\\\/covid-19-47-nouveaux-cas-confirmes\\\/#primaryimage\"},\"image\":{\"@id\":\"https:\\\/\\\/www.amanien.info\\\/news\\\/covid-19-47-nouveaux-cas-confirmes\\\/#primaryimage\"},\"thumbnailUrl\":\"https:\\\/\\\/www.amanien.info\\\/news\\\/wp-content\\\/uploads\\\/2020\\\/05\\\/index.jpg\",\"datePublished\":\"2020-05-26T17:00:28+00:00\",\"dateModified\":\"2020-05-26T17:01:20+00:00\",\"author\":{\"@id\":\"https:\\\/\\\/www.amanien.info\\\/news\\\/#\\\/schema\\\/person\\\/b21093345753a1a98242d505bd894f42\"},\"breadcrumb\":{\"@id\":\"https:\\\/\\\/www.amanien.info\\\/news\\\/covid-19-47-nouveaux-cas-confirmes\\\/#breadcrumb\"},\"inLanguage\":\"fr-FR\",\"potentialAction\":[{\"@type\":\"ReadAction\",\"target\":[\"https:\\\/\\\/www.amanien.info\\\/news\\\/covid-19-47-nouveaux-cas-confirmes\\\/\"]}]},{\"@type\":\"ImageObject\",\"inLanguage\":\"fr-FR\",\"@id\":\"https:\\\/\\\/www.amanien.info\\\/news\\\/covid-19-47-nouveaux-cas-confirmes\\\/#primaryimage\",\"url\":\"https:\\\/\\\/www.amanien.info\\\/news\\\/wp-content\\\/uploads\\\/2020\\\/05\\\/index.jpg\",\"contentUrl\":\"https:\\\/\\\/www.amanien.info\\\/news\\\/wp-content\\\/uploads\\\/2020\\\/05\\\/index.jpg\",\"width\":275,\"height\":183},{\"@type\":\"BreadcrumbList\",\"@id\":\"https:\\\/\\\/www.amanien.info\\\/news\\\/covid-19-47-nouveaux-cas-confirmes\\\/#breadcrumb\",\"itemListElement\":[{\"@type\":\"ListItem\",\"position\":1,\"name\":\"Accueil\",\"item\":\"https:\\\/\\\/www.amanien.info\\\/news\\\/\"},{\"@type\":\"ListItem\",\"position\":2,\"name\":\"Covid-19: 47 nouveaux cas confirm\u00e9s\"}]},{\"@type\":\"WebSite\",\"@id\":\"https:\\\/\\\/www.amanien.info\\\/news\\\/#website\",\"url\":\"https:\\\/\\\/www.amanien.info\\\/news\\\/\",\"name\":\"Amanien| L&#039;actualit\u00e9 Ivoirienne et Internationale\",\"description\":\"L&#039;actualit\u00e9 Ivoirienne et Internationale\",\"potentialAction\":[{\"@type\":\"SearchAction\",\"target\":{\"@type\":\"EntryPoint\",\"urlTemplate\":\"https:\\\/\\\/www.amanien.info\\\/news\\\/?s={search_term_string}\"},\"query-input\":{\"@type\":\"PropertyValueSpecification\",\"valueRequired\":true,\"valueName\":\"search_term_string\"}}],\"inLanguage\":\"fr-FR\"},{\"@type\":\"Person\",\"@id\":\"https:\\\/\\\/www.amanien.info\\\/news\\\/#\\\/schema\\\/person\\\/b21093345753a1a98242d505bd894f42\",\"name\":\"Germain Ndri\",\"url\":\"https:\\\/\\\/www.amanien.info\\\/news\\\/author\\\/amanien-infos\\\/\"}]}<\/script>\n<!-- \/ Yoast SEO plugin. -->","yoast_head_json":{"title":"Covid-19: 47 nouveaux cas confirm\u00e9s - Amanien| L&#039;actualit\u00e9 Ivoirienne et Internationale","robots":{"index":"index","follow":"follow","max-snippet":"max-snippet:-1","max-image-preview":"max-image-preview:large","max-video-preview":"max-video-preview:-1"},"canonical":"https:\/\/www.amanien.info\/news\/covid-19-47-nouveaux-cas-confirmes\/","og_locale":"fr_FR","og_type":"article","og_title":"Covid-19: 47 nouveaux cas confirm\u00e9s - Amanien| L&#039;actualit\u00e9 Ivoirienne et Internationale","og_description":"Le minist\u00e8re de la Sant\u00e9 et de l&rsquo;hygi\u00e8ne Publique a annonc\u00e9 47 nouveaux cas de Covid-19 sur 873 \u00e9chantillons pr\u00e9lev\u00e9s soit 5,3% de cas positifs, 38 gu\u00e9ris et 00 d\u00e9c\u00e8s. \u00c0 en croire les autorit\u00e9s sanitaires ivoiriennes, le pays compte d\u00e9sormais 2 423 cas confirm\u00e9s dont 1 257 personnes gu\u00e9ries, 30 d\u00e9c\u00e8s et 1 136 [&hellip;]","og_url":"https:\/\/www.amanien.info\/news\/covid-19-47-nouveaux-cas-confirmes\/","og_site_name":"Amanien| L&#039;actualit\u00e9 Ivoirienne et Internationale","article_published_time":"2020-05-26T17:00:28+00:00","article_modified_time":"2020-05-26T17:01:20+00:00","og_image":[{"width":275,"height":183,"url":"https:\/\/www.amanien.info\/news\/wp-content\/uploads\/2020\/05\/index.jpg","type":"image\/jpeg"}],"author":"Germain Ndri","twitter_card":"summary_large_image","twitter_misc":{"\u00c9crit par":"Germain Ndri","Dur\u00e9e de lecture estim\u00e9e":"1 minute"},"schema":{"@context":"https:\/\/schema.org","@graph":[{"@type":"Article","@id":"https:\/\/www.amanien.info\/news\/covid-19-47-nouveaux-cas-confirmes\/#article","isPartOf":{"@id":"https:\/\/www.amanien.info\/news\/covid-19-47-nouveaux-cas-confirmes\/"},"author":{"name":"Germain Ndri","@id":"https:\/\/www.amanien.info\/news\/#\/schema\/person\/b21093345753a1a98242d505bd894f42"},"headline":"Covid-19: 47 nouveaux cas confirm\u00e9s","datePublished":"2020-05-26T17:00:28+00:00","dateModified":"2020-05-26T17:01:20+00:00","mainEntityOfPage":{"@id":"https:\/\/www.amanien.info\/news\/covid-19-47-nouveaux-cas-confirmes\/"},"wordCount":192,"commentCount":0,"image":{"@id":"https:\/\/www.amanien.info\/news\/covid-19-47-nouveaux-cas-confirmes\/#primaryimage"},"thumbnailUrl":"https:\/\/www.amanien.info\/news\/wp-content\/uploads\/2020\/05\/index.jpg","inLanguage":"fr-FR"},{"@type":"WebPage","@id":"https:\/\/www.amanien.info\/news\/covid-19-47-nouveaux-cas-confirmes\/","url":"https:\/\/www.amanien.info\/news\/covid-19-47-nouveaux-cas-confirmes\/","name":"Covid-19: 47 nouveaux cas confirm\u00e9s - Amanien| L&#039;actualit\u00e9 Ivoirienne et Internationale","isPartOf":{"@id":"https:\/\/www.amanien.info\/news\/#website"},"primaryImageOfPage":{"@id":"https:\/\/www.amanien.info\/news\/covid-19-47-nouveaux-cas-confirmes\/#primaryimage"},"image":{"@id":"https:\/\/www.amanien.info\/news\/covid-19-47-nouveaux-cas-confirmes\/#primaryimage"},"thumbnailUrl":"https:\/\/www.amanien.info\/news\/wp-content\/uploads\/2020\/05\/index.jpg","datePublished":"2020-05-26T17:00:28+00:00","dateModified":"2020-05-26T17:01:20+00:00","author":{"@id":"https:\/\/www.amanien.info\/news\/#\/schema\/person\/b21093345753a1a98242d505bd894f42"},"breadcrumb":{"@id":"https:\/\/www.amanien.info\/news\/covid-19-47-nouveaux-cas-confirmes\/#breadcrumb"},"inLanguage":"fr-FR","potentialAction":[{"@type":"ReadAction","target":["https:\/\/www.amanien.info\/news\/covid-19-47-nouveaux-cas-confirmes\/"]}]},{"@type":"ImageObject","inLanguage":"fr-FR","@id":"https:\/\/www.amanien.info\/news\/covid-19-47-nouveaux-cas-confirmes\/#primaryimage","url":"https:\/\/www.amanien.info\/news\/wp-content\/uploads\/2020\/05\/index.jpg","contentUrl":"https:\/\/www.amanien.info\/news\/wp-content\/uploads\/2020\/05\/index.jpg","width":275,"height":183},{"@type":"BreadcrumbList","@id":"https:\/\/www.amanien.info\/news\/covid-19-47-nouveaux-cas-confirmes\/#breadcrumb","itemListElement":[{"@type":"ListItem","position":1,"name":"Accueil","item":"https:\/\/www.amanien.info\/news\/"},{"@type":"ListItem","position":2,"name":"Covid-19: 47 nouveaux cas confirm\u00e9s"}]},{"@type":"WebSite","@id":"https:\/\/www.amanien.info\/news\/#website","url":"https:\/\/www.amanien.info\/news\/","name":"Amanien| L&#039;actualit\u00e9 Ivoirienne et Internationale","description":"L&#039;actualit\u00e9 Ivoirienne et Internationale","potentialAction":[{"@type":"SearchAction","target":{"@type":"EntryPoint","urlTemplate":"https:\/\/www.amanien.info\/news\/?s={search_term_string}"},"query-input":{"@type":"PropertyValueSpecification","valueRequired":true,"valueName":"search_term_string"}}],"inLanguage":"fr-FR"},{"@type":"Person","@id":"https:\/\/www.amanien.info\/news\/#\/schema\/person\/b21093345753a1a98242d505bd894f42","name":"Germain Ndri","url":"https:\/\/www.amanien.info\/news\/author\/amanien-infos\/"}]}},"_links":{"self":[{"href":"https:\/\/www.amanien.info\/news\/wp-json\/wp\/v2\/posts\/1076","targetHints":{"allow":["GET"]}}],"collection":[{"href":"https:\/\/www.amanien.info\/news\/wp-json\/wp\/v2\/posts"}],"about":[{"href":"https:\/\/www.amanien.info\/news\/wp-json\/wp\/v2\/types\/post"}],"author":[{"embeddable":true,"href":"https:\/\/www.amanien.info\/news\/wp-json\/wp\/v2\/users\/2"}],"replies":[{"embeddable":true,"href":"https:\/\/www.amanien.info\/news\/wp-json\/wp\/v2\/comments?post=1076"}],"version-history":[{"count":0,"href":"https:\/\/www.amanien.info\/news\/wp-json\/wp\/v2\/posts\/1076\/revisions"}],"wp:featuredmedia":[{"embeddable":true,"href":"https:\/\/www.amanien.info\/news\/wp-json\/wp\/v2\/media\/1077"}],"wp:attachment":[{"href":"https:\/\/www.amanien.info\/news\/wp-json\/wp\/v2\/media?parent=1076"}],"wp:term":[{"taxonomy":"category","embeddable":true,"href":"https:\/\/www.amanien.info\/news\/wp-json\/wp\/v2\/categories?post=1076"},{"taxonomy":"post_tag","embeddable":true,"href":"https:\/\/www.amanien.info\/news\/wp-json\/wp\/v2\/tags?post=1076"}],"curies":[{"name":"wp","href":"https:\/\/api.w.org\/{rel}","templated":true}]}}