{"id":1043,"date":"2020-05-20T18:14:13","date_gmt":"2020-05-20T16:14:13","guid":{"rendered":"http:\/\/https:\/\/zozo.buyee.jp\/\/news\/?p=1043"},"modified":"2020-05-20T18:25:15","modified_gmt":"2020-05-20T16:25:15","slug":"industrie-touristique-covid-19-le-ministre-siandou-fofana-et-les-acteurs-echangent-sur-les-recettes-de-la-relance-apres-la-crise-sanitaire","status":"publish","type":"post","link":"https:\/\/www.amanien.info\/news\/industrie-touristique-covid-19-le-ministre-siandou-fofana-et-les-acteurs-echangent-sur-les-recettes-de-la-relance-apres-la-crise-sanitaire\/","title":{"rendered":"Industrie touristique\/COVID 19 : le ministre Siandou Fofana et les acteurs \u00e9changent sur les recettes de la relance apr\u00e8s la crise sanitaire"},"content":{"rendered":"<p>Le Ministre du Tourisme et des Loisirs, Siandou Fofana, a rencontr\u00e9, le lundi 18 mai, \u00e0 Heden Golf H\u00f4tel d\u2019Abidjan, les responsables des diff\u00e9rentes fa\u00eeti\u00e8res de l\u2019industrie touristique. L\u2019incidence recherch\u00e9e de ce \u00ab dialogue direct \u00bb entre la tutelle et les op\u00e9rateurs qui \u00e9tait de faire un bilan d\u2019\u00e9tape de la strat\u00e9gie de riposte au profit de l\u2019industrie touristique qui subit de plein-fouet les cons\u00e9quences de la pand\u00e9mie mondiale de la maladie \u00e0 Coronavirus\/Covid-19, s\u2019est sold\u00e9e par un chapelet de bonnes propositions. Traduisant, par la m\u00eame occasion, l\u2019accord parfait entre Siandou Fofana et les op\u00e9rateurs dans la capacit\u00e9 de r\u00e9silience du tourisme ivoirien. La rencontre avec les acteurs du secteur du tourisme et des loisirs a permis d\u2019assurer ceux-ci de l\u2019enti\u00e8re d\u00e9termination de ce d\u00e9partement minist\u00e9riel, \u00e0 les accompagner dans les proc\u00e9dures en vue leur permettre de b\u00e9n\u00e9ficier des mesures offertes par le Gouvernement.<\/p>\n<p>Ces mesures d\u2019appui et d\u2019accompagnement prises par le gouvernement, se d\u00e9clinent notamment \u00e0 travers les diff\u00e9rents fonds mis en place au profit des grandes entreprises, les PME\/PMI, ainsi que les mesures sociales dont b\u00e9n\u00e9ficient les acteurs touristiques. \u00c9tant entendu, \u00e0 l\u2019en croire, que le tourisme, secteur le plus touch\u00e9 par la crise pand\u00e9mique, avec des pertes avoisinant les 400 milliards de FCFA, en moins d\u2019un trimestre, ne saurait compenser son manque \u00e0 gagner dans l\u2019assiette des fonds susmentionn\u00e9s. D\u2019autant plus que conform\u00e9ment aux r\u00e9solutions du 1er Forum mondial de l\u2019Organisation mondiale du tourisme (OMT), tenu Abidjan, en f\u00e9vrier dernier, le projet d\u2018un Fonds africain a \u00e9t\u00e9 mis en chantier. Et le Ministre Siandou Fofana coopt\u00e9 comme l\u2019un des \u00ab champions \u00bb pour booster l\u2019aggiornamento du tourisme continental post-Covid.<\/p>\n<p>Bien plus, le Ministre s\u2019engageant \u00e0 op\u00e9rer le suivi de la mise \u00e0 disposition des autres fonds aux acteurs b\u00e9n\u00e9ficiaires, invite les patrons des entreprises de l\u2019\u00e9cosyst\u00e8me touristique \u00e0 pr\u00e9server les emplois de leurs collaborateurs aux fins d\u2019y \u00eatre \u00e9ligibles. Conform\u00e9ment aux instructions du Pr\u00e9sident de la R\u00e9publique, SEM Alassane Ouattara et du Gouvernement sous la f\u00e9rule du Premier Ministre Amadou Gon Coulibaly, qui attachent du prix \u00e0 la pr\u00e9servation de la dignit\u00e9 des Ivoiriens dans la gestion de cette crise sanitaire. Aussi, Siandou Fofana, invite-t-il les acteurs du secteur de la restauration et de l\u2019h\u00f4tellerie qui ont repris du service avec l\u2019all\u00e8gement des mesures de s\u00e9curit\u00e9 sanitaire et la lev\u00e9e du couvre-feu par le Conseil national de s\u00e9curit\u00e9, \u00e0 respecter scrupuleusement les mesures-barri\u00e8res \u00e0 eux impos\u00e9es. Tout proscrivant les pratiques de concurrence d\u00e9loyale dans le domaine de la restauration, notamment dans la distribution et la livraison alimentaire. S\u2019engageant, aupr\u00e8s des agences de voyage et des compagnies a\u00e9riennes \u00e0 trouver avec ses pairs du Transport et du Budget \u00e0 op\u00e9rer un modus vivendi pour des all\u00e8gements fiscaux et parafiscaux.<\/p>\n<p>Le tout, \u00e0 la lumi\u00e8re des pr\u00e9conisations port\u00e9es parle Conseil national du tourisme (CNT). Dont le Secr\u00e9taire ex\u00e9cutif, Dr Germain APHING-KOUASSI, a d\u00e9voil\u00e9 \u00e0 l\u2019entame de cette rencontre, l\u2019agenda et les d\u00e9sid\u00e9ratas des acteurs du secteur recens\u00e9s depuis la survenue de la Covid 19, sur instruction du Ministre. Au surplus, le Ministre a indiqu\u00e9 aux acteurs que les structures rattach\u00e9es et sous-tutelle, en plus du CNT, le Fonds de d\u00e9veloppement touristique (FDT), la Direction du Guichet unique du tourisme (DGU), la Soci\u00e9t\u00e9 des palaces de Cocody (SPDC), C\u00f4te d\u2019Ivoire Tourisme et la Sodertour-Lacs, sont dispos\u00e9s \u00e0 rebondir avec le secteur priv\u00e9 pour maintenir le cap de performance de la destination ivoirienne dont les signaux \u00e9taient au vert avant la survenue de la pand\u00e9mie. Avec une contribution de 7.3% au PIB, en 2019. Et ce, \u00e0 la boussole de la mise en \u0153uvre de la strat\u00e9gie nationale de d\u00e9veloppement touristique : \u00ab Sublime C\u00f4te d\u2019Ivoire \u00bb.<\/p>\n<p>Surfer sur la vague des dividendes de \u00ab Sublime C\u00f4te d\u2019Ivoire \u00bb<\/p>\n<p>En tout \u00e9tat de cause, les usufruits de \u00ab Sublime C\u00f4te d\u2019Ivoire \u00bb, au dire du Ministre, sont \u00e0 mettre \u00e0 profit. Siandou Fofana, entre autres actions, indique, \u00e0 cet effet : \u00ab Sublime C\u00f4te d\u2019Ivoire, notre strat\u00e9gie nationale de d\u00e9veloppement touristique \u00e0 l\u2019horizon 2025 demeure en vigueur mais devra d\u00e9sormais :Prioriser et d\u00e9velopper le tourisme domestique et le tourisme r\u00e9gional faisant d\u2019Abidjan, le hub du tourisme d\u2019affaires et une base de divertissement et de loisirs pour la r\u00e9gion Afrique de l\u2019ouest en particulier; Saisir l\u2019opportunit\u00e9 de la CAN 2023 et proposer des activit\u00e9s th\u00e9matiques en lien avec cet \u00e9v\u00e8nement majeur et en faire un produit d\u2019appel pour repositionner notre pays au plan international ; Inciter les entreprises \u00e0 manifester leur int\u00e9r\u00eat dans la prise d\u2019option aux initiatives locales pour investir en vue de l\u2019\u00e9mergence des Champions nationaux; Inciter les nationaux \u00e0 s\u2019accaparer la plupart des projets tels que Belle plage pour tous, Villa ivoire et les relais paillottes\u2026 \u00bb. Et de proclamer que c\u2019est seulement sur cette base que la C\u00f4te d\u2019Ivoire pourra maintenir sa place dans le Top 10 des pays africains \u00e0 vocation touristique.<\/p>\n","protected":false},"excerpt":{"rendered":"<p>Le Ministre du Tourisme et des Loisirs, Siandou Fofana, a rencontr\u00e9, le lundi 18 mai, \u00e0 Heden Golf H\u00f4tel d\u2019Abidjan, les responsables des diff\u00e9rentes fa\u00eeti\u00e8res de l\u2019industrie touristique. L\u2019incidence recherch\u00e9e de ce \u00ab dialogue direct \u00bb entre la tutelle et les op\u00e9rateurs qui \u00e9tait de faire un bilan d\u2019\u00e9tape de la strat\u00e9gie de riposte au [&hellip;]<\/p>\n","protected":false},"author":2,"featured_media":1044,"comment_status":"open","ping_status":"open","sticky":true,"template":"","format":"standard","meta":{"_acf_changed":false,"footnotes":""},"categories":[],"tags":[],"class_list":["post-1043","post","type-post","status-publish","format-standard","has-post-thumbnail","hentry"],"acf":[],"yoast_head":"<!-- This site is optimized with the Yoast SEO plugin v27.5 - https:\/\/yoast.com\/product\/yoast-seo-wordpress\/ -->\n<title>Industrie touristique\/COVID 19 : le ministre Siandou Fofana et les acteurs \u00e9changent sur les recettes de la relance apr\u00e8s la crise sanitaire - Amanien| L&#039;actualit\u00e9 Ivoirienne et Internationale<\/title>\n<meta name=\"robots\" content=\"index, follow, max-snippet:-1, max-image-preview:large, max-video-preview:-1\" \/>\n<link rel=\"canonical\" href=\"https:\/\/www.amanien.info\/news\/industrie-touristique-covid-19-le-ministre-siandou-fofana-et-les-acteurs-echangent-sur-les-recettes-de-la-relance-apres-la-crise-sanitaire\/\" \/>\n<meta property=\"og:locale\" content=\"fr_FR\" \/>\n<meta property=\"og:type\" content=\"article\" \/>\n<meta property=\"og:title\" content=\"Industrie touristique\/COVID 19 : le ministre Siandou Fofana et les acteurs \u00e9changent sur les recettes de la relance apr\u00e8s la crise sanitaire - Amanien| L&#039;actualit\u00e9 Ivoirienne et Internationale\" \/>\n<meta property=\"og:description\" content=\"Le Ministre du Tourisme et des Loisirs, Siandou Fofana, a rencontr\u00e9, le lundi 18 mai, \u00e0 Heden Golf H\u00f4tel d\u2019Abidjan, les responsables des diff\u00e9rentes fa\u00eeti\u00e8res de l\u2019industrie touristique. L\u2019incidence recherch\u00e9e de ce \u00ab dialogue direct \u00bb entre la tutelle et les op\u00e9rateurs qui \u00e9tait de faire un bilan d\u2019\u00e9tape de la strat\u00e9gie de riposte au [&hellip;]\" \/>\n<meta property=\"og:url\" content=\"https:\/\/www.amanien.info\/news\/industrie-touristique-covid-19-le-ministre-siandou-fofana-et-les-acteurs-echangent-sur-les-recettes-de-la-relance-apres-la-crise-sanitaire\/\" \/>\n<meta property=\"og:site_name\" content=\"Amanien| L&#039;actualit\u00e9 Ivoirienne et Internationale\" \/>\n<meta property=\"article:published_time\" content=\"2020-05-20T16:14:13+00:00\" \/>\n<meta property=\"article:modified_time\" content=\"2020-05-20T16:25:15+00:00\" \/>\n<meta property=\"og:image\" content=\"https:\/\/www.amanien.info\/news\/wp-content\/uploads\/2020\/05\/tourisme-covid-0000.jpg\" \/>\n\t<meta property=\"og:image:width\" content=\"720\" \/>\n\t<meta property=\"og:image:height\" content=\"479\" \/>\n\t<meta property=\"og:image:type\" content=\"image\/jpeg\" \/>\n<meta name=\"author\" content=\"Germain Ndri\" \/>\n<meta name=\"twitter:card\" content=\"summary_large_image\" \/>\n<meta name=\"twitter:label1\" content=\"\u00c9crit par\" \/>\n\t<meta name=\"twitter:data1\" content=\"Germain Ndri\" \/>\n\t<meta name=\"twitter:label2\" content=\"Dur\u00e9e de lecture estim\u00e9e\" \/>\n\t<meta name=\"twitter:data2\" content=\"4 minutes\" \/>\n<script type=\"application\/ld+json\" class=\"yoast-schema-graph\">{\"@context\":\"https:\\\/\\\/schema.org\",\"@graph\":[{\"@type\":\"Article\",\"@id\":\"https:\\\/\\\/www.amanien.info\\\/news\\\/industrie-touristique-covid-19-le-ministre-siandou-fofana-et-les-acteurs-echangent-sur-les-recettes-de-la-relance-apres-la-crise-sanitaire\\\/#article\",\"isPartOf\":{\"@id\":\"https:\\\/\\\/www.amanien.info\\\/news\\\/industrie-touristique-covid-19-le-ministre-siandou-fofana-et-les-acteurs-echangent-sur-les-recettes-de-la-relance-apres-la-crise-sanitaire\\\/\"},\"author\":{\"name\":\"Germain Ndri\",\"@id\":\"https:\\\/\\\/www.amanien.info\\\/news\\\/#\\\/schema\\\/person\\\/b21093345753a1a98242d505bd894f42\"},\"headline\":\"Industrie touristique\\\/COVID 19 : le ministre Siandou Fofana et les acteurs \u00e9changent sur les recettes de la relance apr\u00e8s la crise sanitaire\",\"datePublished\":\"2020-05-20T16:14:13+00:00\",\"dateModified\":\"2020-05-20T16:25:15+00:00\",\"mainEntityOfPage\":{\"@id\":\"https:\\\/\\\/www.amanien.info\\\/news\\\/industrie-touristique-covid-19-le-ministre-siandou-fofana-et-les-acteurs-echangent-sur-les-recettes-de-la-relance-apres-la-crise-sanitaire\\\/\"},\"wordCount\":908,\"commentCount\":0,\"image\":{\"@id\":\"https:\\\/\\\/www.amanien.info\\\/news\\\/industrie-touristique-covid-19-le-ministre-siandou-fofana-et-les-acteurs-echangent-sur-les-recettes-de-la-relance-apres-la-crise-sanitaire\\\/#primaryimage\"},\"thumbnailUrl\":\"https:\\\/\\\/www.amanien.info\\\/news\\\/wp-content\\\/uploads\\\/2020\\\/05\\\/tourisme-covid-0000.jpg\",\"inLanguage\":\"fr-FR\"},{\"@type\":\"WebPage\",\"@id\":\"https:\\\/\\\/www.amanien.info\\\/news\\\/industrie-touristique-covid-19-le-ministre-siandou-fofana-et-les-acteurs-echangent-sur-les-recettes-de-la-relance-apres-la-crise-sanitaire\\\/\",\"url\":\"https:\\\/\\\/www.amanien.info\\\/news\\\/industrie-touristique-covid-19-le-ministre-siandou-fofana-et-les-acteurs-echangent-sur-les-recettes-de-la-relance-apres-la-crise-sanitaire\\\/\",\"name\":\"Industrie touristique\\\/COVID 19 : le ministre Siandou Fofana et les acteurs \u00e9changent sur les recettes de la relance apr\u00e8s la crise sanitaire - Amanien| L&#039;actualit\u00e9 Ivoirienne et Internationale\",\"isPartOf\":{\"@id\":\"https:\\\/\\\/www.amanien.info\\\/news\\\/#website\"},\"primaryImageOfPage\":{\"@id\":\"https:\\\/\\\/www.amanien.info\\\/news\\\/industrie-touristique-covid-19-le-ministre-siandou-fofana-et-les-acteurs-echangent-sur-les-recettes-de-la-relance-apres-la-crise-sanitaire\\\/#primaryimage\"},\"image\":{\"@id\":\"https:\\\/\\\/www.amanien.info\\\/news\\\/industrie-touristique-covid-19-le-ministre-siandou-fofana-et-les-acteurs-echangent-sur-les-recettes-de-la-relance-apres-la-crise-sanitaire\\\/#primaryimage\"},\"thumbnailUrl\":\"https:\\\/\\\/www.amanien.info\\\/news\\\/wp-content\\\/uploads\\\/2020\\\/05\\\/tourisme-covid-0000.jpg\",\"datePublished\":\"2020-05-20T16:14:13+00:00\",\"dateModified\":\"2020-05-20T16:25:15+00:00\",\"author\":{\"@id\":\"https:\\\/\\\/www.amanien.info\\\/news\\\/#\\\/schema\\\/person\\\/b21093345753a1a98242d505bd894f42\"},\"breadcrumb\":{\"@id\":\"https:\\\/\\\/www.amanien.info\\\/news\\\/industrie-touristique-covid-19-le-ministre-siandou-fofana-et-les-acteurs-echangent-sur-les-recettes-de-la-relance-apres-la-crise-sanitaire\\\/#breadcrumb\"},\"inLanguage\":\"fr-FR\",\"potentialAction\":[{\"@type\":\"ReadAction\",\"target\":[\"https:\\\/\\\/www.amanien.info\\\/news\\\/industrie-touristique-covid-19-le-ministre-siandou-fofana-et-les-acteurs-echangent-sur-les-recettes-de-la-relance-apres-la-crise-sanitaire\\\/\"]}]},{\"@type\":\"ImageObject\",\"inLanguage\":\"fr-FR\",\"@id\":\"https:\\\/\\\/www.amanien.info\\\/news\\\/industrie-touristique-covid-19-le-ministre-siandou-fofana-et-les-acteurs-echangent-sur-les-recettes-de-la-relance-apres-la-crise-sanitaire\\\/#primaryimage\",\"url\":\"https:\\\/\\\/www.amanien.info\\\/news\\\/wp-content\\\/uploads\\\/2020\\\/05\\\/tourisme-covid-0000.jpg\",\"contentUrl\":\"https:\\\/\\\/www.amanien.info\\\/news\\\/wp-content\\\/uploads\\\/2020\\\/05\\\/tourisme-covid-0000.jpg\",\"width\":720,\"height\":479},{\"@type\":\"BreadcrumbList\",\"@id\":\"https:\\\/\\\/www.amanien.info\\\/news\\\/industrie-touristique-covid-19-le-ministre-siandou-fofana-et-les-acteurs-echangent-sur-les-recettes-de-la-relance-apres-la-crise-sanitaire\\\/#breadcrumb\",\"itemListElement\":[{\"@type\":\"ListItem\",\"position\":1,\"name\":\"Accueil\",\"item\":\"https:\\\/\\\/www.amanien.info\\\/news\\\/\"},{\"@type\":\"ListItem\",\"position\":2,\"name\":\"Industrie touristique\\\/COVID 19 : le ministre Siandou Fofana et les acteurs \u00e9changent sur les recettes de la relance apr\u00e8s la crise sanitaire\"}]},{\"@type\":\"WebSite\",\"@id\":\"https:\\\/\\\/www.amanien.info\\\/news\\\/#website\",\"url\":\"https:\\\/\\\/www.amanien.info\\\/news\\\/\",\"name\":\"Amanien| L&#039;actualit\u00e9 Ivoirienne et Internationale\",\"description\":\"L&#039;actualit\u00e9 Ivoirienne et Internationale\",\"potentialAction\":[{\"@type\":\"SearchAction\",\"target\":{\"@type\":\"EntryPoint\",\"urlTemplate\":\"https:\\\/\\\/www.amanien.info\\\/news\\\/?s={search_term_string}\"},\"query-input\":{\"@type\":\"PropertyValueSpecification\",\"valueRequired\":true,\"valueName\":\"search_term_string\"}}],\"inLanguage\":\"fr-FR\"},{\"@type\":\"Person\",\"@id\":\"https:\\\/\\\/www.amanien.info\\\/news\\\/#\\\/schema\\\/person\\\/b21093345753a1a98242d505bd894f42\",\"name\":\"Germain Ndri\",\"url\":\"https:\\\/\\\/www.amanien.info\\\/news\\\/author\\\/amanien-infos\\\/\"}]}<\/script>\n<!-- \/ Yoast SEO plugin. -->","yoast_head_json":{"title":"Industrie touristique\/COVID 19 : le ministre Siandou Fofana et les acteurs \u00e9changent sur les recettes de la relance apr\u00e8s la crise sanitaire - Amanien| L&#039;actualit\u00e9 Ivoirienne et Internationale","robots":{"index":"index","follow":"follow","max-snippet":"max-snippet:-1","max-image-preview":"max-image-preview:large","max-video-preview":"max-video-preview:-1"},"canonical":"https:\/\/www.amanien.info\/news\/industrie-touristique-covid-19-le-ministre-siandou-fofana-et-les-acteurs-echangent-sur-les-recettes-de-la-relance-apres-la-crise-sanitaire\/","og_locale":"fr_FR","og_type":"article","og_title":"Industrie touristique\/COVID 19 : le ministre Siandou Fofana et les acteurs \u00e9changent sur les recettes de la relance apr\u00e8s la crise sanitaire - Amanien| L&#039;actualit\u00e9 Ivoirienne et Internationale","og_description":"Le Ministre du Tourisme et des Loisirs, Siandou Fofana, a rencontr\u00e9, le lundi 18 mai, \u00e0 Heden Golf H\u00f4tel d\u2019Abidjan, les responsables des diff\u00e9rentes fa\u00eeti\u00e8res de l\u2019industrie touristique. L\u2019incidence recherch\u00e9e de ce \u00ab dialogue direct \u00bb entre la tutelle et les op\u00e9rateurs qui \u00e9tait de faire un bilan d\u2019\u00e9tape de la strat\u00e9gie de riposte au [&hellip;]","og_url":"https:\/\/www.amanien.info\/news\/industrie-touristique-covid-19-le-ministre-siandou-fofana-et-les-acteurs-echangent-sur-les-recettes-de-la-relance-apres-la-crise-sanitaire\/","og_site_name":"Amanien| L&#039;actualit\u00e9 Ivoirienne et Internationale","article_published_time":"2020-05-20T16:14:13+00:00","article_modified_time":"2020-05-20T16:25:15+00:00","og_image":[{"width":720,"height":479,"url":"https:\/\/www.amanien.info\/news\/wp-content\/uploads\/2020\/05\/tourisme-covid-0000.jpg","type":"image\/jpeg"}],"author":"Germain Ndri","twitter_card":"summary_large_image","twitter_misc":{"\u00c9crit par":"Germain Ndri","Dur\u00e9e de lecture estim\u00e9e":"4 minutes"},"schema":{"@context":"https:\/\/schema.org","@graph":[{"@type":"Article","@id":"https:\/\/www.amanien.info\/news\/industrie-touristique-covid-19-le-ministre-siandou-fofana-et-les-acteurs-echangent-sur-les-recettes-de-la-relance-apres-la-crise-sanitaire\/#article","isPartOf":{"@id":"https:\/\/www.amanien.info\/news\/industrie-touristique-covid-19-le-ministre-siandou-fofana-et-les-acteurs-echangent-sur-les-recettes-de-la-relance-apres-la-crise-sanitaire\/"},"author":{"name":"Germain Ndri","@id":"https:\/\/www.amanien.info\/news\/#\/schema\/person\/b21093345753a1a98242d505bd894f42"},"headline":"Industrie touristique\/COVID 19 : le ministre Siandou Fofana et les acteurs \u00e9changent sur les recettes de la relance apr\u00e8s la crise sanitaire","datePublished":"2020-05-20T16:14:13+00:00","dateModified":"2020-05-20T16:25:15+00:00","mainEntityOfPage":{"@id":"https:\/\/www.amanien.info\/news\/industrie-touristique-covid-19-le-ministre-siandou-fofana-et-les-acteurs-echangent-sur-les-recettes-de-la-relance-apres-la-crise-sanitaire\/"},"wordCount":908,"commentCount":0,"image":{"@id":"https:\/\/www.amanien.info\/news\/industrie-touristique-covid-19-le-ministre-siandou-fofana-et-les-acteurs-echangent-sur-les-recettes-de-la-relance-apres-la-crise-sanitaire\/#primaryimage"},"thumbnailUrl":"https:\/\/www.amanien.info\/news\/wp-content\/uploads\/2020\/05\/tourisme-covid-0000.jpg","inLanguage":"fr-FR"},{"@type":"WebPage","@id":"https:\/\/www.amanien.info\/news\/industrie-touristique-covid-19-le-ministre-siandou-fofana-et-les-acteurs-echangent-sur-les-recettes-de-la-relance-apres-la-crise-sanitaire\/","url":"https:\/\/www.amanien.info\/news\/industrie-touristique-covid-19-le-ministre-siandou-fofana-et-les-acteurs-echangent-sur-les-recettes-de-la-relance-apres-la-crise-sanitaire\/","name":"Industrie touristique\/COVID 19 : le ministre Siandou Fofana et les acteurs \u00e9changent sur les recettes de la relance apr\u00e8s la crise sanitaire - Amanien| L&#039;actualit\u00e9 Ivoirienne et Internationale","isPartOf":{"@id":"https:\/\/www.amanien.info\/news\/#website"},"primaryImageOfPage":{"@id":"https:\/\/www.amanien.info\/news\/industrie-touristique-covid-19-le-ministre-siandou-fofana-et-les-acteurs-echangent-sur-les-recettes-de-la-relance-apres-la-crise-sanitaire\/#primaryimage"},"image":{"@id":"https:\/\/www.amanien.info\/news\/industrie-touristique-covid-19-le-ministre-siandou-fofana-et-les-acteurs-echangent-sur-les-recettes-de-la-relance-apres-la-crise-sanitaire\/#primaryimage"},"thumbnailUrl":"https:\/\/www.amanien.info\/news\/wp-content\/uploads\/2020\/05\/tourisme-covid-0000.jpg","datePublished":"2020-05-20T16:14:13+00:00","dateModified":"2020-05-20T16:25:15+00:00","author":{"@id":"https:\/\/www.amanien.info\/news\/#\/schema\/person\/b21093345753a1a98242d505bd894f42"},"breadcrumb":{"@id":"https:\/\/www.amanien.info\/news\/industrie-touristique-covid-19-le-ministre-siandou-fofana-et-les-acteurs-echangent-sur-les-recettes-de-la-relance-apres-la-crise-sanitaire\/#breadcrumb"},"inLanguage":"fr-FR","potentialAction":[{"@type":"ReadAction","target":["https:\/\/www.amanien.info\/news\/industrie-touristique-covid-19-le-ministre-siandou-fofana-et-les-acteurs-echangent-sur-les-recettes-de-la-relance-apres-la-crise-sanitaire\/"]}]},{"@type":"ImageObject","inLanguage":"fr-FR","@id":"https:\/\/www.amanien.info\/news\/industrie-touristique-covid-19-le-ministre-siandou-fofana-et-les-acteurs-echangent-sur-les-recettes-de-la-relance-apres-la-crise-sanitaire\/#primaryimage","url":"https:\/\/www.amanien.info\/news\/wp-content\/uploads\/2020\/05\/tourisme-covid-0000.jpg","contentUrl":"https:\/\/www.amanien.info\/news\/wp-content\/uploads\/2020\/05\/tourisme-covid-0000.jpg","width":720,"height":479},{"@type":"BreadcrumbList","@id":"https:\/\/www.amanien.info\/news\/industrie-touristique-covid-19-le-ministre-siandou-fofana-et-les-acteurs-echangent-sur-les-recettes-de-la-relance-apres-la-crise-sanitaire\/#breadcrumb","itemListElement":[{"@type":"ListItem","position":1,"name":"Accueil","item":"https:\/\/www.amanien.info\/news\/"},{"@type":"ListItem","position":2,"name":"Industrie touristique\/COVID 19 : le ministre Siandou Fofana et les acteurs \u00e9changent sur les recettes de la relance apr\u00e8s la crise sanitaire"}]},{"@type":"WebSite","@id":"https:\/\/www.amanien.info\/news\/#website","url":"https:\/\/www.amanien.info\/news\/","name":"Amanien| L&#039;actualit\u00e9 Ivoirienne et Internationale","description":"L&#039;actualit\u00e9 Ivoirienne et Internationale","potentialAction":[{"@type":"SearchAction","target":{"@type":"EntryPoint","urlTemplate":"https:\/\/www.amanien.info\/news\/?s={search_term_string}"},"query-input":{"@type":"PropertyValueSpecification","valueRequired":true,"valueName":"search_term_string"}}],"inLanguage":"fr-FR"},{"@type":"Person","@id":"https:\/\/www.amanien.info\/news\/#\/schema\/person\/b21093345753a1a98242d505bd894f42","name":"Germain Ndri","url":"https:\/\/www.amanien.info\/news\/author\/amanien-infos\/"}]}},"_links":{"self":[{"href":"https:\/\/www.amanien.info\/news\/wp-json\/wp\/v2\/posts\/1043","targetHints":{"allow":["GET"]}}],"collection":[{"href":"https:\/\/www.amanien.info\/news\/wp-json\/wp\/v2\/posts"}],"about":[{"href":"https:\/\/www.amanien.info\/news\/wp-json\/wp\/v2\/types\/post"}],"author":[{"embeddable":true,"href":"https:\/\/www.amanien.info\/news\/wp-json\/wp\/v2\/users\/2"}],"replies":[{"embeddable":true,"href":"https:\/\/www.amanien.info\/news\/wp-json\/wp\/v2\/comments?post=1043"}],"version-history":[{"count":0,"href":"https:\/\/www.amanien.info\/news\/wp-json\/wp\/v2\/posts\/1043\/revisions"}],"wp:featuredmedia":[{"embeddable":true,"href":"https:\/\/www.amanien.info\/news\/wp-json\/wp\/v2\/media\/1044"}],"wp:attachment":[{"href":"https:\/\/www.amanien.info\/news\/wp-json\/wp\/v2\/media?parent=1043"}],"wp:term":[{"taxonomy":"category","embeddable":true,"href":"https:\/\/www.amanien.info\/news\/wp-json\/wp\/v2\/categories?post=1043"},{"taxonomy":"post_tag","embeddable":true,"href":"https:\/\/www.amanien.info\/news\/wp-json\/wp\/v2\/tags?post=1043"}],"curies":[{"name":"wp","href":"https:\/\/api.w.org\/{rel}","templated":true}]}}